{"id":33216,"date":"2026-04-17T09:28:10","date_gmt":"2026-04-17T07:28:10","guid":{"rendered":"https:\/\/www.cssr.news\/italian\/?p=33216"},"modified":"2026-04-17T09:28:12","modified_gmt":"2026-04-17T07:28:12","slug":"paraguay-assemblea-della-provincia-pedro-donders","status":"publish","type":"post","link":"https:\/\/www.cssr.news\/italian\/2026\/04\/paraguay-assemblea-della-provincia-pedro-donders\/","title":{"rendered":"Paraguay: Assemblea della Provincia Pedro Donders"},"content":{"rendered":"\n<p><strong>Dal 13 al 16 aprile abbiamo celebrato l\u2019Assemblea Provinciale del 2026 presso la Casa Marianella di Atyr\u00e1 (Paraguay). Si tratta di una delle quattro assemblee della Provincia Pedro Donders. La prima si \u00e8 tenuta in Cile e le prossime si terranno a Resistencia (Argentina) e a La Plata (Argentina).<\/strong><\/p>\n\n\n\n<p>Questa assemblea \u00e8 stata un\u2019occasione di dialogo, preghiera, riflessione, discernimento e condivisione fraterna. Abbiamo parlato della dimensione comunitaria, missionaria ed economica del cammino della nostra Provincia. Abbiamo riflettuto sulle conclusioni presentate nel Rapporto della Visita Fraterna del Governo Generale.<\/p>\n\n\n\n<p>Abbiamo avuto l\u2019occasione di presentare il Piano Apostolico Provinciale elaborato dal Segretariato per l\u2019Evangelizzazione della Provincia. Abbiamo riflettuto sulle priorit\u00e0 missionarie e apostoliche, sulle nuove sfide missionarie, sulla nostra presenza missionaria nelle scuole e nei collegi. Abbiamo parlato della pianificazione apostolica e comunitaria, nonch\u00e9 della missione condivisa con le suore redentoriste.<\/p>\n\n\n\n<p>Abbiamo dialogato sulle sfide dell\u2019economia provinciale, su economia e sostenibilit\u00e0, economia e trasparenza, e sulle possibilit\u00e0 di sfruttare meglio le risorse che abbiamo nella Provincia.<\/p>\n\n\n\n<p>Sono stati giorni di intenso lavoro su questi aspetti e sulle sfide della nostra vita provinciale, ma sempre in un\u2019atmosfera fraterna e cordiale in cui tutti hanno avuto l\u2019opportunit\u00e0 di condividere le proprie preoccupazioni, idee, sogni e speranze.<\/p>\n\n\n\n<p>P. Leonardo Valdez CSsR<\/p>\n","protected":false},"excerpt":{"rendered":"<p>Dal 13 al 16 aprile abbiamo celebrato l\u2019Assemblea Provinciale del 2026 presso la Casa Marianella di Atyr\u00e1 (Paraguay). Si tratta di una delle quattro assemblee della Provincia Pedro Donders. La prima si \u00e8 tenuta in Cile e le prossime si terranno a Resistencia (Argentina) e a La Plata (Argentina). Questa assemblea \u00e8 stata un\u2019occasione di [&hellip;]<\/p>\n","protected":false},"author":23,"featured_media":33217,"comment_status":"closed","ping_status":"closed","sticky":false,"template":"","format":"standard","meta":{"_mi_skip_tracking":false},"categories":[9],"tags":[],"_links":{"self":[{"href":"https:\/\/www.cssr.news\/italian\/wp-json\/wp\/v2\/posts\/33216"}],"collection":[{"href":"https:\/\/www.cssr.news\/italian\/wp-json\/wp\/v2\/posts"}],"about":[{"href":"https:\/\/www.cssr.news\/italian\/wp-json\/wp\/v2\/types\/post"}],"author":[{"embeddable":true,"href":"https:\/\/www.cssr.news\/italian\/wp-json\/wp\/v2\/users\/23"}],"replies":[{"embeddable":true,"href":"https:\/\/www.cssr.news\/italian\/wp-json\/wp\/v2\/comments?post=33216"}],"version-history":[{"count":1,"href":"https:\/\/www.cssr.news\/italian\/wp-json\/wp\/v2\/posts\/33216\/revisions"}],"predecessor-version":[{"id":33218,"href":"https:\/\/www.cssr.news\/italian\/wp-json\/wp\/v2\/posts\/33216\/revisions\/33218"}],"wp:featuredmedia":[{"embeddable":true,"href":"https:\/\/www.cssr.news\/italian\/wp-json\/wp\/v2\/media\/33217"}],"wp:attachment":[{"href":"https:\/\/www.cssr.news\/italian\/wp-json\/wp\/v2\/media?parent=33216"}],"wp:term":[{"taxonomy":"category","embeddable":true,"href":"https:\/\/www.cssr.news\/italian\/wp-json\/wp\/v2\/categories?post=33216"},{"taxonomy":"post_tag","embeddable":true,"href":"https:\/\/www.cssr.news\/italian\/wp-json\/wp\/v2\/tags?post=33216"}],"curies":[{"name":"wp","href":"https:\/\/api.w.org\/{rel}","templated":true}]}}