{"id":33243,"date":"2026-04-20T15:31:33","date_gmt":"2026-04-20T13:31:33","guid":{"rendered":"https:\/\/www.cssr.news\/italian\/?p=33243"},"modified":"2026-04-20T15:31:35","modified_gmt":"2026-04-20T13:31:35","slug":"capitolo-xxv-ii-del-messico-preparativi-per-lunificazione-nella-nuova-provincia-del-nord-america","status":"publish","type":"post","link":"https:\/\/www.cssr.news\/italian\/2026\/04\/capitolo-xxv-ii-del-messico-preparativi-per-lunificazione-nella-nuova-provincia-del-nord-america\/","title":{"rendered":"Capitolo XXV-II del Messico: preparativi per l\u2019unificazione nella nuova Provincia del Nord America"},"content":{"rendered":"\n<p>Nella settimana dal 13 al 17 aprile 2026 si \u00e8 tenuto il Capitolo XXV, seconda parte, di quella che fino ad oggi conosciamo come Provincia del Messico.<\/p>\n\n\n\n<p>Luned\u00ec 13 aprile al mattino \u00e8 iniziato il Capitolo Provinciale XXV-II con la preghiera di apertura, le parole di benvenuto, la presentazione dei partecipanti (16 capitolari) e la dichiarazione ufficiale di apertura del capitolo. Tra gli altri membri eletti, erano presenti: i padri Joaqu\u00edn Frausto, Israel Romo, Fredy Casta\u00f1eda, Carlos Jim\u00e9nez.<\/p>\n\n\n\n<figure class=\"wp-block-image size-large is-style-default\"><img src=\"https:\/\/www.cssr.news\/spanish\/wp-content\/uploads\/sites\/3\/2026\/04\/sn2026_04mexico02.jpg\" alt=\"\"\/><\/figure>\n\n\n\n<p>Questo capitolo segner\u00e0 un prima e un dopo nella storia dei Redentoristi in Messico.<\/p>\n\n\n\n<p>La nostra provincia \u00e8 in fase di unificazione con le province degli Stati Uniti, il che significa che sono in arrivo nuovi progetti: cambiamenti strutturali, cambiamenti nel personale e, soprattutto, nuove dinamiche missionarie.<\/p>\n\n\n\n<p>Tra le conclusioni di questa settimana di lavoro sono state approvate molte mozioni. Ma una spicca in particolare. Si tratta della mozione che chiede al Governo Provinciale di inviare, insieme ai provinciali di Denver e Baltimora, la lettera in cui si richiede la soppressione della Provincia per costituirne una nuova:&nbsp;<strong>La Provincia Seelos del Nord America<\/strong>.<\/p>\n\n\n\n<p>Per il Messico, come per le altre due province, non si tratta della fine di una ricca storia e tradizione missionaria, ma della sua continuazione ora in un territorio pi\u00f9 ampio, con nuove sfide, rischi e opportunit\u00e0.<\/p>\n\n\n\n<p>Come Figli di Sant&#8217;Alfonso continueremo la nostra storia di risposta ai bisogni dei pi\u00f9 abbandonati in questa porzione di mondo che ci \u00e8 stata affidata.<\/p>\n\n\n\n<p>P. Manuel Meza CSsR \/ Scala News<\/p>\n","protected":false},"excerpt":{"rendered":"<p>Nella settimana dal 13 al 17 aprile 2026 si \u00e8 tenuto il Capitolo XXV, seconda parte, di quella che fino ad oggi conosciamo come Provincia del Messico. Luned\u00ec 13 aprile al mattino \u00e8 iniziato il Capitolo Provinciale XXV-II con la preghiera di apertura, le parole di benvenuto, la presentazione dei partecipanti (16 capitolari) e la [&hellip;]<\/p>\n","protected":false},"author":23,"featured_media":33244,"comment_status":"closed","ping_status":"closed","sticky":false,"template":"","format":"standard","meta":{"_mi_skip_tracking":false},"categories":[9],"tags":[],"_links":{"self":[{"href":"https:\/\/www.cssr.news\/italian\/wp-json\/wp\/v2\/posts\/33243"}],"collection":[{"href":"https:\/\/www.cssr.news\/italian\/wp-json\/wp\/v2\/posts"}],"about":[{"href":"https:\/\/www.cssr.news\/italian\/wp-json\/wp\/v2\/types\/post"}],"author":[{"embeddable":true,"href":"https:\/\/www.cssr.news\/italian\/wp-json\/wp\/v2\/users\/23"}],"replies":[{"embeddable":true,"href":"https:\/\/www.cssr.news\/italian\/wp-json\/wp\/v2\/comments?post=33243"}],"version-history":[{"count":1,"href":"https:\/\/www.cssr.news\/italian\/wp-json\/wp\/v2\/posts\/33243\/revisions"}],"predecessor-version":[{"id":33245,"href":"https:\/\/www.cssr.news\/italian\/wp-json\/wp\/v2\/posts\/33243\/revisions\/33245"}],"wp:featuredmedia":[{"embeddable":true,"href":"https:\/\/www.cssr.news\/italian\/wp-json\/wp\/v2\/media\/33244"}],"wp:attachment":[{"href":"https:\/\/www.cssr.news\/italian\/wp-json\/wp\/v2\/media?parent=33243"}],"wp:term":[{"taxonomy":"category","embeddable":true,"href":"https:\/\/www.cssr.news\/italian\/wp-json\/wp\/v2\/categories?post=33243"},{"taxonomy":"post_tag","embeddable":true,"href":"https:\/\/www.cssr.news\/italian\/wp-json\/wp\/v2\/tags?post=33243"}],"curies":[{"name":"wp","href":"https:\/\/api.w.org\/{rel}","templated":true}]}}