{"id":33246,"date":"2026-04-21T09:53:33","date_gmt":"2026-04-21T07:53:33","guid":{"rendered":"https:\/\/www.cssr.news\/italian\/?p=33246"},"modified":"2026-04-21T09:53:34","modified_gmt":"2026-04-21T07:53:34","slug":"italia-frosinone-inaugura-lanno-gerardino","status":"publish","type":"post","link":"https:\/\/www.cssr.news\/italian\/2026\/04\/italia-frosinone-inaugura-lanno-gerardino\/","title":{"rendered":"Italia: Frosinone inaugura l\u2019Anno Gerardino"},"content":{"rendered":"\n<p>A pochi giorni dall\u2019apertura dell\u2019anno giubilare per il Terzo Centenario della nascita di San Gerardo Maiella, celebrato presso il Santuario di Materdomini e nella rettoria di Sant&#8217;Alfonso a Marianella-Napoli e in altre comunit\u00e0, anche la citt\u00e0 di Frosinone si mobilita per inaugurare l\u2019anno di grazia, dedicato alla vita e al messaggio del Santo redentorista. L\u2019evento, che ha coinvolto l\u2019intera comunit\u00e0 cittadina e diocesana, si \u00e8 svolto domenica 19 aprile 2026, alle ore 18, nella chiesa-santuario della Madonna delle Grazie.<\/p>\n\n\n\n<p>A presiedere la liturgia \u00e8 stato l\u2019arcivescovo Santo Marcian\u00f2, vescovo delle diocesi di Frosinone-Veroli-Ferentino e Anagni-Alatri, accolto da una numerosa presenza di fedeli, dalla banda musicale e dalle autorit\u00e0 civili e militari, oltre che dai missionari redentoristi.\u00a0<\/p>\n\n\n\n<figure class=\"wp-block-gallery columns-3 is-cropped\"><ul class=\"blocks-gallery-grid\"><li class=\"blocks-gallery-item\"><figure><a href=\"https:\/\/www.cssr.news\/italian\/wp-content\/uploads\/sites\/2\/2026\/04\/sn260420-frosignone7ed.jpeg\"><img width=\"760\" height=\"1024\" src=\"https:\/\/www.cssr.news\/italian\/wp-content\/uploads\/sites\/2\/2026\/04\/sn260420-frosignone7ed-760x1024.jpeg\" alt=\"\" data-id=\"33255\" data-full-url=\"https:\/\/www.cssr.news\/italian\/wp-content\/uploads\/sites\/2\/2026\/04\/sn260420-frosignone7ed.jpeg\" data-link=\"https:\/\/www.cssr.news\/italian\/?attachment_id=33255\" class=\"wp-image-33255\" srcset=\"https:\/\/www.cssr.news\/italian\/wp-content\/uploads\/sites\/2\/2026\/04\/sn260420-frosignone7ed-760x1024.jpeg 760w, https:\/\/www.cssr.news\/italian\/wp-content\/uploads\/sites\/2\/2026\/04\/sn260420-frosignone7ed-223x300.jpeg 223w, https:\/\/www.cssr.news\/italian\/wp-content\/uploads\/sites\/2\/2026\/04\/sn260420-frosignone7ed-768x1035.jpeg 768w, https:\/\/www.cssr.news\/italian\/wp-content\/uploads\/sites\/2\/2026\/04\/sn260420-frosignone7ed-696x938.jpeg 696w, https:\/\/www.cssr.news\/italian\/wp-content\/uploads\/sites\/2\/2026\/04\/sn260420-frosignone7ed-312x420.jpeg 312w, https:\/\/www.cssr.news\/italian\/wp-content\/uploads\/sites\/2\/2026\/04\/sn260420-frosignone7ed.jpeg 924w\" sizes=\"(max-width: 760px) 100vw, 760px\" \/><\/a><\/figure><\/li><li class=\"blocks-gallery-item\"><figure><a href=\"http:\/\/www.cssr.news\/italian\/wp-content\/uploads\/sites\/2\/2026\/04\/sn260420-frosignone1-1024x576.jpeg\"><img width=\"1024\" height=\"576\" src=\"http:\/\/www.cssr.news\/italian\/wp-content\/uploads\/sites\/2\/2026\/04\/sn260420-frosignone1-1024x576.jpeg\" alt=\"\" data-id=\"33247\" data-link=\"https:\/\/www.cssr.news\/italian\/?attachment_id=33247\" class=\"wp-image-33247\" srcset=\"https:\/\/www.cssr.news\/italian\/wp-content\/uploads\/sites\/2\/2026\/04\/sn260420-frosignone1-1024x576.jpeg 1024w, https:\/\/www.cssr.news\/italian\/wp-content\/uploads\/sites\/2\/2026\/04\/sn260420-frosignone1-300x169.jpeg 300w, https:\/\/www.cssr.news\/italian\/wp-content\/uploads\/sites\/2\/2026\/04\/sn260420-frosignone1-768x432.jpeg 768w, https:\/\/www.cssr.news\/italian\/wp-content\/uploads\/sites\/2\/2026\/04\/sn260420-frosignone1-1536x864.jpeg 1536w, https:\/\/www.cssr.news\/italian\/wp-content\/uploads\/sites\/2\/2026\/04\/sn260420-frosignone1-696x392.jpeg 696w, https:\/\/www.cssr.news\/italian\/wp-content\/uploads\/sites\/2\/2026\/04\/sn260420-frosignone1-1068x601.jpeg 1068w, https:\/\/www.cssr.news\/italian\/wp-content\/uploads\/sites\/2\/2026\/04\/sn260420-frosignone1-747x420.jpeg 747w, https:\/\/www.cssr.news\/italian\/wp-content\/uploads\/sites\/2\/2026\/04\/sn260420-frosignone1.jpeg 1600w\" sizes=\"(max-width: 1024px) 100vw, 1024px\" \/><\/a><\/figure><\/li><li class=\"blocks-gallery-item\"><figure><a href=\"http:\/\/www.cssr.news\/italian\/wp-content\/uploads\/sites\/2\/2026\/04\/sn260420-frosignone2-768x1024.jpeg\"><img width=\"768\" height=\"1024\" src=\"http:\/\/www.cssr.news\/italian\/wp-content\/uploads\/sites\/2\/2026\/04\/sn260420-frosignone2-768x1024.jpeg\" alt=\"\" data-id=\"33248\" data-link=\"https:\/\/www.cssr.news\/italian\/?attachment_id=33248\" class=\"wp-image-33248\" srcset=\"https:\/\/www.cssr.news\/italian\/wp-content\/uploads\/sites\/2\/2026\/04\/sn260420-frosignone2-768x1024.jpeg 768w, https:\/\/www.cssr.news\/italian\/wp-content\/uploads\/sites\/2\/2026\/04\/sn260420-frosignone2-225x300.jpeg 225w, https:\/\/www.cssr.news\/italian\/wp-content\/uploads\/sites\/2\/2026\/04\/sn260420-frosignone2-1152x1536.jpeg 1152w, https:\/\/www.cssr.news\/italian\/wp-content\/uploads\/sites\/2\/2026\/04\/sn260420-frosignone2-696x928.jpeg 696w, https:\/\/www.cssr.news\/italian\/wp-content\/uploads\/sites\/2\/2026\/04\/sn260420-frosignone2-1068x1424.jpeg 1068w, https:\/\/www.cssr.news\/italian\/wp-content\/uploads\/sites\/2\/2026\/04\/sn260420-frosignone2-315x420.jpeg 315w, https:\/\/www.cssr.news\/italian\/wp-content\/uploads\/sites\/2\/2026\/04\/sn260420-frosignone2.jpeg 1200w\" sizes=\"(max-width: 768px) 100vw, 768px\" \/><\/a><\/figure><\/li><li class=\"blocks-gallery-item\"><figure><a href=\"http:\/\/www.cssr.news\/italian\/wp-content\/uploads\/sites\/2\/2026\/04\/sn260420-frosignone3-478x1024.jpeg\"><img width=\"478\" height=\"1024\" src=\"http:\/\/www.cssr.news\/italian\/wp-content\/uploads\/sites\/2\/2026\/04\/sn260420-frosignone3-478x1024.jpeg\" alt=\"\" data-id=\"33249\" data-link=\"https:\/\/www.cssr.news\/italian\/?attachment_id=33249\" class=\"wp-image-33249\" srcset=\"https:\/\/www.cssr.news\/italian\/wp-content\/uploads\/sites\/2\/2026\/04\/sn260420-frosignone3-478x1024.jpeg 478w, https:\/\/www.cssr.news\/italian\/wp-content\/uploads\/sites\/2\/2026\/04\/sn260420-frosignone3-140x300.jpeg 140w, https:\/\/www.cssr.news\/italian\/wp-content\/uploads\/sites\/2\/2026\/04\/sn260420-frosignone3-717x1536.jpeg 717w, https:\/\/www.cssr.news\/italian\/wp-content\/uploads\/sites\/2\/2026\/04\/sn260420-frosignone3-696x1491.jpeg 696w, https:\/\/www.cssr.news\/italian\/wp-content\/uploads\/sites\/2\/2026\/04\/sn260420-frosignone3-196x420.jpeg 196w, https:\/\/www.cssr.news\/italian\/wp-content\/uploads\/sites\/2\/2026\/04\/sn260420-frosignone3.jpeg 747w\" sizes=\"(max-width: 478px) 100vw, 478px\" \/><\/a><\/figure><\/li><li class=\"blocks-gallery-item\"><figure><a href=\"http:\/\/www.cssr.news\/italian\/wp-content\/uploads\/sites\/2\/2026\/04\/sn260420-frosignone4-768x1024.jpeg\"><img width=\"768\" height=\"1024\" src=\"http:\/\/www.cssr.news\/italian\/wp-content\/uploads\/sites\/2\/2026\/04\/sn260420-frosignone4-768x1024.jpeg\" alt=\"\" data-id=\"33250\" data-link=\"https:\/\/www.cssr.news\/italian\/?attachment_id=33250\" class=\"wp-image-33250\" srcset=\"https:\/\/www.cssr.news\/italian\/wp-content\/uploads\/sites\/2\/2026\/04\/sn260420-frosignone4-768x1024.jpeg 768w, https:\/\/www.cssr.news\/italian\/wp-content\/uploads\/sites\/2\/2026\/04\/sn260420-frosignone4-225x300.jpeg 225w, https:\/\/www.cssr.news\/italian\/wp-content\/uploads\/sites\/2\/2026\/04\/sn260420-frosignone4-1152x1536.jpeg 1152w, https:\/\/www.cssr.news\/italian\/wp-content\/uploads\/sites\/2\/2026\/04\/sn260420-frosignone4-696x928.jpeg 696w, https:\/\/www.cssr.news\/italian\/wp-content\/uploads\/sites\/2\/2026\/04\/sn260420-frosignone4-1068x1424.jpeg 1068w, https:\/\/www.cssr.news\/italian\/wp-content\/uploads\/sites\/2\/2026\/04\/sn260420-frosignone4-315x420.jpeg 315w, https:\/\/www.cssr.news\/italian\/wp-content\/uploads\/sites\/2\/2026\/04\/sn260420-frosignone4.jpeg 1200w\" sizes=\"(max-width: 768px) 100vw, 768px\" \/><\/a><\/figure><\/li><li class=\"blocks-gallery-item\"><figure><a href=\"http:\/\/www.cssr.news\/italian\/wp-content\/uploads\/sites\/2\/2026\/04\/sn260420-frosignone5-768x1024.jpeg\"><img width=\"768\" height=\"1024\" src=\"http:\/\/www.cssr.news\/italian\/wp-content\/uploads\/sites\/2\/2026\/04\/sn260420-frosignone5-768x1024.jpeg\" alt=\"\" data-id=\"33251\" data-link=\"https:\/\/www.cssr.news\/italian\/?attachment_id=33251\" class=\"wp-image-33251\" srcset=\"https:\/\/www.cssr.news\/italian\/wp-content\/uploads\/sites\/2\/2026\/04\/sn260420-frosignone5-768x1024.jpeg 768w, https:\/\/www.cssr.news\/italian\/wp-content\/uploads\/sites\/2\/2026\/04\/sn260420-frosignone5-225x300.jpeg 225w, https:\/\/www.cssr.news\/italian\/wp-content\/uploads\/sites\/2\/2026\/04\/sn260420-frosignone5-1152x1536.jpeg 1152w, https:\/\/www.cssr.news\/italian\/wp-content\/uploads\/sites\/2\/2026\/04\/sn260420-frosignone5-696x928.jpeg 696w, https:\/\/www.cssr.news\/italian\/wp-content\/uploads\/sites\/2\/2026\/04\/sn260420-frosignone5-1068x1424.jpeg 1068w, https:\/\/www.cssr.news\/italian\/wp-content\/uploads\/sites\/2\/2026\/04\/sn260420-frosignone5-315x420.jpeg 315w, https:\/\/www.cssr.news\/italian\/wp-content\/uploads\/sites\/2\/2026\/04\/sn260420-frosignone5.jpeg 1200w\" sizes=\"(max-width: 768px) 100vw, 768px\" \/><\/a><\/figure><\/li><\/ul><\/figure>\n\n\n\n<p>Con il suo stile familiare e diretto, monsignor Marcian\u00f2 ha celebrato l\u2019Eucaristia nella III Domenica di Pasqua. Alla concelebrazione hanno preso parte i padri della comunit\u00e0 frusinate: il parroco p. Luciano Maloszek, p. Salam Salim, p. Alfiere Ubaldi e p. Habib Badran, parroco della parrocchia B.V.M. del Buon Consiglio di Scifelli; il consigliere provinciale per l\u2019area italiana p. Massimiliano Guardini; p. Luis Perez della comunit\u00e0 di Francavilla al Mare; p. Vincenzo La Mendola e p. Fernando Centurion della comunit\u00e0 di Roma Monterone-Montespaccato; p. Sergio Santi, superiore della comunit\u00e0 di Bussolengo; don Mauro Colasanti, vicario foraneo di Frosinone; il canonico don Giuseppe Sperduti, parroco emerito della cattedrale; don Santino Battaglia, segretario del vescovo; don Riccardo Mabilia, parroco dell\u2019unit\u00e0 pastorale del centro storico; p. Rechie Porras, agostiniano scalzo e parroco della Madonna della Neve; e il diacono Luigi Manfuso.<\/p>\n\n\n\n<p>Ad animare la celebrazione \u00e8 stata la corale \u201cAntonio Reali\u201d, diretta dal maestro Fabio Bracaglia, che ha eseguito con riconosciuta maestria canti e inni gerardini del repertorio locale. Presenti, tra gli altri, il sindaco, l\u2019onorevole Aldo Mattia, l\u2019assessore Rossella Testa. Significative le rappresentanze della Guardia di Finanza, della Questura, dei Carabinieri e dell\u2019associazione dei Carabinieri in congedo, oltre alla Polizia municipale, alla Proloco, alle confraternite e associazioni cittadine e alla confraternita di Scifelli, intervenute con i loro stendardi e le loro divise tradizionali. Numerosi anche i fedeli provenienti dai centri limitrofi. Ospite d\u2019onore il vicesindaco di Muro Lucano, citt\u00e0 gemellata con Frosinone, a capo di una delegazione della cittadina che ha dato i natali al Santo.<\/p>\n\n\n\n<p>Nel corso dell\u2019omelia, monsignor Marcian\u00f2 ha sottolineato il valore della piet\u00e0 popolare e della devozione ai santi come autentica ricchezza per la Chiesa e canale preferenziale per la nuova evangelizzazione. Soffermandosi sulla figura di san Gerardo, ne ha richiamato l\u2019umilt\u00e0, lo spirito di preghiera, l\u2019amore per i poveri e la profondit\u00e0 della dimensione spirituale, evidenziandone l\u2019attualit\u00e0 anche come&nbsp;<em>santo giovane<\/em>, formatosi alla scuola di Sant&#8217;Alfonso Maria de Liguori. Il presule ha definito il religioso redentorista uno dei pi\u00f9 grandi mistici dell\u2019Eucaristia e della Croce, tema che merita ulteriore approfondimento e una rilettura contemporanea, ha esordito.<\/p>\n\n\n\n<p>Non sono mancati riferimenti alla forte devozione dei frusinati verso il Santo taumaturgo, tanto che Frosinone, nella geografia del culto gerardino, viene indicata come la citt\u00e0 \u201cpi\u00f9 gerardina d\u2019Italia\u201d. Proprio questa radicata devozione ha favorito una scelta pastorale, ancora in fase di definizione canonica: l\u2019erezione della chiesa redentorista della Madonna delle Grazie a santuario diocesano dedicato a san Gerardo Maiella, accogliendo l\u2019istanza avanzata dal superiore provinciale p. Gennaro Sorrentino, gi\u00e0 all\u2019inizio del suo mandato e attesa come segno di questo anno tricentenario. L\u2019arcivescovo ha inoltre ricordato il suo legame personale con i missionari redentoristi, avvenuto durante alcune missioni popolari al suo paese d\u2019origine. Le articolate riflessioni, sviluppate alla luce della Parola di Dio, sono state seguite con attenzione da un\u2019assemblea numerosa, con molti fedeli rimasti anche sul sagrato.<\/p>\n\n\n\n<p>Prima della benedizione finale \u00e8 intervenuto p. Guardini, che ha portato i saluti del superiore provinciale, ringraziando il vescovo per la vicinanza paterna alla comunit\u00e0 e per la stima e l\u2019interesse verso il Santo. Ha quindi espresso gratitudine alla parrocchia per l\u2019impegno profuso, auspicando che l\u2019anno centenario rappresenti un\u2019occasione di rinnovamento spirituale e di nuovo slancio missionario. Nel suo apprezzato intervento ha inoltre ricordato il ruolo della casa redentorista di Frosinone nella storia della Congregazione del Santissimo Redentore, giunta ormai alla soglia dei 250 anni di presenza.&nbsp;<\/p>\n\n\n\n<p>Al termine della celebrazione, l\u2019assemblea, intonando l\u2019inno locale a san Gerardo, si \u00e8 radunata sul sagrato, attorno alla statua, ancora coperta, per l\u2019inaugurazione. Momento particolarmente intenso \u00e8 stato lo svelamento del simulacro bronzeo, realizzato dalla Societ\u00e0 Italiana di Arte Sacra, grazie alle offerte di parrocchiani e devoti. Dopo la benedizione e il primo atto di venerazione da parte dell\u2019arcivescovo, la folla ha pi\u00f9 volte acclamato \u201cEvviva San Gerardo\u201d.<\/p>\n\n\n\n<p>Successivamente \u00e8 intervenuto il sindaco di Frosinone, dott. Riccardo Mastrangeli, che ha ribadito il profondo legame tra la citt\u00e0 e il Santo, ormai figura centrale dell\u2019identit\u00e0 cittadina. Parole di gratitudine sono state espresse anche da Rosalba Zaccardo, vicesindaco di Muro Lucano, che ha richiamato i rapporti tra le due comunit\u00e0,&nbsp;<em>unite nel nome di san Gerardo<\/em>&nbsp;e impegnate a promuoverne il culto e la memoria tra le nuove generazioni. Il superiore della comunit\u00e0 redentorista locale, p. Luciano Maloszek ha infine ringraziato i presenti e il comitato organizzatore, guidato da Fabio Bracaglia, indefesso promotore dell\u2019iniziativa, insieme ad un piccolo ma efficiente comitato costituito da Francesca Maramao, Gianluca Grande, Simone Vinci, Valerio Ceci, Gianluca Ludivici e Giovanni Vinci. Il progetto ha inoltre avuto il sostegno da alcuni sponsor locali (Impresa funebre Cameracanna, Oleodinamica Grande Srl, Promocarte Srl e Vescom Srl), ed \u00e8 inserito in un pi\u00f9 ampio programma di riqualificazione dell\u2019area circostante la chiesa, su progetto dell\u2019architetto Otello Rosi, presente all\u2019evento.<\/p>\n\n\n\n<p>A concludere \u00e8 stato nuovamente l\u2019arcivescovo Marcian\u00f2, con la sua parola calda e coinvolgente, ribadendo con entusiasmo l\u2019intenzione di promuovere ancora maggiormente il culto di san Gerardo, con la prossima erezione canonica del santuario diocesano, annuncio accolto da fragorosi e ripetuti applausi.&nbsp;<\/p>\n\n\n\n<p>La serata si \u00e8 conclusa con la venerazione dell\u2019immagine da parte dei fedeli, apprezzata per la sua forza espressiva: l\u2019opera, ispirata al simulacro gi\u00e0 venerato a Frosinone e al monumento presente sul piazzale della cattedrale di Muro Lucano, rappresenta il Santo nell\u2019atto di mostrare il Crocifisso, con lo sguardo rivolto verso i fedeli, quasi ad accoglierli. Sul suo volto sono ben ritratti l\u2019intensit\u00e0 della sua interiorit\u00e0 e lo slancio missionario che ha caratterizzato la sua breve vita religiosa. Non si tratta soltanto di un intervento urbanistico, ma di un segno visibile della fede di un popolo che riconosce nel proprio Santo un riferimento quotidiano, portandone la presenza anche negli spazi pubblici. L\u2019area, ancora in fase di completamento, sar\u00e0 presto arricchita da illuminazione e decorazioni floreali, e munita da apposita seduta, per favorire la sosta e la preghiera dei fedeli.<\/p>\n\n\n\n<p>La giornata si \u00e8 conclusa con un buffet e un brindisi finale, in un clima di partecipazione e convivialit\u00e0. Ancora una volta Frosinone conferma il suo profondo legame con san Gerardo e con la Congregazione del Santissimo Redentore, la cui storia \u00e8 strettamente connessa alla citt\u00e0 e alla missione evangelizzatrice, avviata da sant\u2019Alfonso e propagata in Europa da San Clemente Maria Hofbauer.<\/p>\n\n\n\n<p>P. Vincenzo La Mendola C.Ss.R.<\/p>\n","protected":false},"excerpt":{"rendered":"<p>A pochi giorni dall\u2019apertura dell\u2019anno giubilare per il Terzo Centenario della nascita di San Gerardo Maiella, celebrato presso il Santuario di Materdomini e nella rettoria di Sant&#8217;Alfonso a Marianella-Napoli e in altre comunit\u00e0, anche la citt\u00e0 di Frosinone si mobilita per inaugurare l\u2019anno di grazia, dedicato alla vita e al messaggio del Santo redentorista. L\u2019evento, [&hellip;]<\/p>\n","protected":false},"author":23,"featured_media":33253,"comment_status":"closed","ping_status":"closed","sticky":false,"template":"","format":"standard","meta":{"_mi_skip_tracking":false},"categories":[50],"tags":[],"_links":{"self":[{"href":"https:\/\/www.cssr.news\/italian\/wp-json\/wp\/v2\/posts\/33246"}],"collection":[{"href":"https:\/\/www.cssr.news\/italian\/wp-json\/wp\/v2\/posts"}],"about":[{"href":"https:\/\/www.cssr.news\/italian\/wp-json\/wp\/v2\/types\/post"}],"author":[{"embeddable":true,"href":"https:\/\/www.cssr.news\/italian\/wp-json\/wp\/v2\/users\/23"}],"replies":[{"embeddable":true,"href":"https:\/\/www.cssr.news\/italian\/wp-json\/wp\/v2\/comments?post=33246"}],"version-history":[{"count":1,"href":"https:\/\/www.cssr.news\/italian\/wp-json\/wp\/v2\/posts\/33246\/revisions"}],"predecessor-version":[{"id":33256,"href":"https:\/\/www.cssr.news\/italian\/wp-json\/wp\/v2\/posts\/33246\/revisions\/33256"}],"wp:featuredmedia":[{"embeddable":true,"href":"https:\/\/www.cssr.news\/italian\/wp-json\/wp\/v2\/media\/33253"}],"wp:attachment":[{"href":"https:\/\/www.cssr.news\/italian\/wp-json\/wp\/v2\/media?parent=33246"}],"wp:term":[{"taxonomy":"category","embeddable":true,"href":"https:\/\/www.cssr.news\/italian\/wp-json\/wp\/v2\/categories?post=33246"},{"taxonomy":"post_tag","embeddable":true,"href":"https:\/\/www.cssr.news\/italian\/wp-json\/wp\/v2\/tags?post=33246"}],"curies":[{"name":"wp","href":"https:\/\/api.w.org\/{rel}","templated":true}]}}