{"id":33278,"date":"2026-04-23T17:41:48","date_gmt":"2026-04-23T15:41:48","guid":{"rendered":"https:\/\/www.cssr.news\/italian\/?p=33278"},"modified":"2026-04-24T00:52:37","modified_gmt":"2026-04-23T22:52:37","slug":"i-fratelli-uniti-a-roma-uno-storico-incontro-per-celebrare-il-300-anniversario-di-san-gerardo","status":"publish","type":"post","link":"https:\/\/www.cssr.news\/italian\/2026\/04\/i-fratelli-uniti-a-roma-uno-storico-incontro-per-celebrare-il-300-anniversario-di-san-gerardo\/","title":{"rendered":"I Fratelli uniti a Roma: uno storico incontro per celebrare il 300\u00b0 anniversario di san Gerardo"},"content":{"rendered":"\n<p><em>Roma, 23 aprile 2026<\/em><\/p>\n\n\n\n<p>Per la prima volta nella storia della Congregazione del Santissimo Redentore, i fratelli di tutte e cinque le Conferenze della Congregazione si sono riuniti a Roma per un incontro storico, in occasione del 300\u00b0 anniversario della nascita di san Gerardo Majella. Pi\u00f9 di 70 fratelli, rappresentanti un&#8217;ampia variet\u00e0 di culture, lingue e contesti apostolici, sono arrivati nella Citt\u00e0 Eterna il 22 aprile e vi resteranno fino a domenica, in quello che si preannuncia come un momento davvero straordinario di comunione fraterna.<\/p>\n\n\n\n<figure class=\"wp-block-gallery columns-3 is-cropped\"><ul class=\"blocks-gallery-grid\"><li class=\"blocks-gallery-item\"><figure><a href=\"http:\/\/www.cssr.news\/wp-content\/uploads\/2026\/04\/A7400011-scaled.jpg\"><img src=\"http:\/\/www.cssr.news\/wp-content\/uploads\/2026\/04\/A7400011-1024x683.jpg\" alt=\"\" data-id=\"41144\" data-full-url=\"http:\/\/www.cssr.news\/wp-content\/uploads\/2026\/04\/A7400011-scaled.jpg\" data-link=\"https:\/\/www.cssr.news\/?attachment_id=41144\" class=\"wp-image-41144\"\/><\/a><\/figure><\/li><li class=\"blocks-gallery-item\"><figure><a href=\"http:\/\/www.cssr.news\/wp-content\/uploads\/2026\/04\/A7400032-scaled.jpg\"><img src=\"http:\/\/www.cssr.news\/wp-content\/uploads\/2026\/04\/A7400032-1024x683.jpg\" alt=\"\" data-id=\"41145\" data-full-url=\"http:\/\/www.cssr.news\/wp-content\/uploads\/2026\/04\/A7400032-scaled.jpg\" data-link=\"https:\/\/www.cssr.news\/?attachment_id=41145\" class=\"wp-image-41145\"\/><\/a><\/figure><\/li><li class=\"blocks-gallery-item\"><figure><a href=\"http:\/\/www.cssr.news\/wp-content\/uploads\/2026\/04\/A7400066-scaled.jpg\"><img src=\"http:\/\/www.cssr.news\/wp-content\/uploads\/2026\/04\/A7400066-1024x683.jpg\" alt=\"\" data-id=\"41146\" data-full-url=\"http:\/\/www.cssr.news\/wp-content\/uploads\/2026\/04\/A7400066-scaled.jpg\" data-link=\"https:\/\/www.cssr.news\/?attachment_id=41146\" class=\"wp-image-41146\"\/><\/a><\/figure><\/li><li class=\"blocks-gallery-item\"><figure><a href=\"http:\/\/www.cssr.news\/wp-content\/uploads\/2026\/04\/A7400075-scaled.jpg\"><img src=\"http:\/\/www.cssr.news\/wp-content\/uploads\/2026\/04\/A7400075-1024x683.jpg\" alt=\"\" data-id=\"41147\" data-full-url=\"http:\/\/www.cssr.news\/wp-content\/uploads\/2026\/04\/A7400075-scaled.jpg\" data-link=\"https:\/\/www.cssr.news\/?attachment_id=41147\" class=\"wp-image-41147\"\/><\/a><\/figure><\/li><li class=\"blocks-gallery-item\"><figure><a href=\"http:\/\/www.cssr.news\/wp-content\/uploads\/2026\/04\/A7400013-Copy-scaled.jpg\"><img src=\"http:\/\/www.cssr.news\/wp-content\/uploads\/2026\/04\/A7400013-Copy-1024x683.jpg\" alt=\"\" data-id=\"41142\" data-full-url=\"http:\/\/www.cssr.news\/wp-content\/uploads\/2026\/04\/A7400013-Copy-scaled.jpg\" data-link=\"https:\/\/www.cssr.news\/?attachment_id=41142\" class=\"wp-image-41142\"\/><\/a><\/figure><\/li><\/ul><figcaption class=\"blocks-gallery-caption\">On 22nd April, Fr. Anisio Tavares celebrates the Holy Mass, and Fr. Rogerio Gomes, General Consultor, formally welcomes all the brothers.<\/figcaption><\/figure>\n\n\n\n<p>Il 22 aprile era un giorno di arrivo. La sera padre Anisio Tavares, direttore del Collegio Maggiore, ha presieduto la messa e tenuto l&#8217;omelia. Tra i concelebranti c&#8217;era p. Rog\u00e9rio Gomes, Superiore Generale. Alla fine della celebrazione il Padre Generale e fr. Larry Lujan, Consultore Generale, hanno dato il benvenuto a tutti i fratelli. Dopo la messa c&#8217;era la cena e un momento di convivialit\u00e0,&nbsp;<em>gaudeamus<\/em>.<\/p>\n\n\n\n<p>L&#8217;incontro \u00e8 stato aperto ufficialmente con una solenne celebrazione eucaristica presieduta da fr. Rog\u00e9rio Gomes CSsR, Superiore Generale, nella mattinata del 23 aprile. Nell&#8217;omelia, il Padre Generale ha dato il tono alle giornate successive, descrivendo l&#8217;incontro come &#8220;un momento significativo che ci permette di riconoscerci come un unico corpo missionario, nella ricchezza del carisma redentorista, nel &#8216;s\u00ec&#8217; pronunciato il giorno della professione religiosa, nella diversit\u00e0 delle opere apostoliche e nelle varie culture e lingue che ci arricchiscono.&#8221;<\/p>\n\n\n\n<figure class=\"wp-block-gallery columns-3 is-cropped\"><ul class=\"blocks-gallery-grid\"><li class=\"blocks-gallery-item\"><figure><a href=\"https:\/\/www.cssr.news\/wp-content\/uploads\/2026\/04\/A7400009-Copy-1024x683.jpg\"><img src=\"https:\/\/www.cssr.news\/wp-content\/uploads\/2026\/04\/A7400009-Copy-1024x683.jpg\" alt=\"\" data-id=\"41131\" data-link=\"https:\/\/www.cssr.news\/?attachment_id=41131\" class=\"wp-image-41131\"\/><\/a><\/figure><\/li><li class=\"blocks-gallery-item\"><figure><a href=\"https:\/\/www.cssr.news\/wp-content\/uploads\/2026\/04\/A7400013-Copy-scaled.jpg\"><img src=\"https:\/\/www.cssr.news\/wp-content\/uploads\/2026\/04\/A7400013-Copy-1024x683.jpg\" alt=\"\" data-id=\"41142\" data-full-url=\"https:\/\/www.cssr.news\/wp-content\/uploads\/2026\/04\/A7400013-Copy-scaled.jpg\" data-link=\"https:\/\/www.cssr.news\/?attachment_id=41142\" class=\"wp-image-41142\"\/><\/a><\/figure><\/li><li class=\"blocks-gallery-item\"><figure><a href=\"https:\/\/www.cssr.news\/wp-content\/uploads\/2026\/04\/A7400002-Copy-1024x683.jpg\"><img src=\"https:\/\/www.cssr.news\/wp-content\/uploads\/2026\/04\/A7400002-Copy-1024x683.jpg\" alt=\"\" data-id=\"41130\" data-link=\"https:\/\/www.cssr.news\/?attachment_id=41130\" class=\"wp-image-41130\"\/><\/a><\/figure><\/li><li class=\"blocks-gallery-item\"><figure><a href=\"https:\/\/www.cssr.news\/wp-content\/uploads\/2026\/04\/A7400043-Copy-1024x683.jpg\"><img src=\"https:\/\/www.cssr.news\/wp-content\/uploads\/2026\/04\/A7400043-Copy-1024x683.jpg\" alt=\"\" data-id=\"41132\" data-link=\"https:\/\/www.cssr.news\/?attachment_id=41132\" class=\"wp-image-41132\"\/><\/a><\/figure><\/li><li class=\"blocks-gallery-item\"><figure><a href=\"https:\/\/www.cssr.news\/wp-content\/uploads\/2026\/04\/A7400066-Copy-1024x683.jpg\"><img src=\"https:\/\/www.cssr.news\/wp-content\/uploads\/2026\/04\/A7400066-Copy-1024x683.jpg\" alt=\"\" data-id=\"41133\" data-link=\"https:\/\/www.cssr.news\/?attachment_id=41133\" class=\"wp-image-41133\"\/><\/a><\/figure><\/li><li class=\"blocks-gallery-item\"><figure><a href=\"https:\/\/www.cssr.news\/wp-content\/uploads\/2026\/04\/A7400080-Copy-1024x683.jpg\"><img src=\"https:\/\/www.cssr.news\/wp-content\/uploads\/2026\/04\/A7400080-Copy-1024x683.jpg\" alt=\"\" data-id=\"41134\" data-link=\"https:\/\/www.cssr.news\/?attachment_id=41134\" class=\"wp-image-41134\"\/><\/a><\/figure><\/li><\/ul><\/figure>\n\n\n\n<p>La prima sessione di lavoro \u00e8 stata moderata da fr. Celestine e fr. Diego, entrambi membri della Commissione Generale per i Fratelli. Dopo un caloroso giro di presentazioni \u2014 che ha richiesto un tempo considerevole, data la numerosit\u00e0 e la diversit\u00e0 del gruppo \u2014 la Commissione ha presentato l&#8217;agenda e gli obiettivi dell&#8217;incontro.<\/p>\n\n\n\n<p>Dopo la pausa caff\u00e8, fr. Gomes ha tenuto un discorso pi\u00f9 articolato, nel quale ha illustrato il significato profondo di questo raduno. Lo ha descritto, innanzitutto, come un incontro di fratelli, tra fratelli e per fratelli: &#8220;Fratelli per la consacrazione, per il Battesimo e per la missione; Fratelli chiamati a vivere la stessa vocazione, anche all&#8217;interno di contesti culturali, linguistici e apostolici diversi.&#8221; Ha sottolineato che vedersi di persona, ascoltare le storie degli altri e condividere gioie e fragilit\u00e0 \u00e8 gi\u00e0 di per s\u00e9 un modo di costruire comunione e rafforzare l&#8217;identit\u00e0 redentorista.<\/p>\n\n\n\n<figure class=\"wp-block-gallery columns-3 is-cropped\"><ul class=\"blocks-gallery-grid\"><li class=\"blocks-gallery-item\"><figure><a href=\"http:\/\/www.cssr.news\/wp-content\/uploads\/2026\/04\/A7400186-scaled.jpg\"><img src=\"http:\/\/www.cssr.news\/wp-content\/uploads\/2026\/04\/A7400186-1024x683.jpg\" alt=\"\" data-id=\"41138\" data-full-url=\"http:\/\/www.cssr.news\/wp-content\/uploads\/2026\/04\/A7400186-scaled.jpg\" data-link=\"https:\/\/www.cssr.news\/?attachment_id=41138\" class=\"wp-image-41138\"\/><\/a><\/figure><\/li><li class=\"blocks-gallery-item\"><figure><a href=\"http:\/\/www.cssr.news\/wp-content\/uploads\/2026\/04\/A7400204-1024x683-1.jpg\"><img src=\"http:\/\/www.cssr.news\/wp-content\/uploads\/2026\/04\/A7400204-1024x683-1.jpg\" alt=\"\" data-id=\"41141\" data-full-url=\"http:\/\/www.cssr.news\/wp-content\/uploads\/2026\/04\/A7400204-1024x683-1.jpg\" data-link=\"https:\/\/www.cssr.news\/?attachment_id=41141\" class=\"wp-image-41141\"\/><\/a><\/figure><\/li><li class=\"blocks-gallery-item\"><figure><a href=\"http:\/\/www.cssr.news\/wp-content\/uploads\/2026\/04\/A7400212-scaled.jpg\"><img src=\"http:\/\/www.cssr.news\/wp-content\/uploads\/2026\/04\/A7400212-1024x683.jpg\" alt=\"\" data-id=\"41140\" data-full-url=\"http:\/\/www.cssr.news\/wp-content\/uploads\/2026\/04\/A7400212-scaled.jpg\" data-link=\"https:\/\/www.cssr.news\/?attachment_id=41140\" class=\"wp-image-41140\"\/><\/a><\/figure><\/li><li class=\"blocks-gallery-item\"><figure><a href=\"http:\/\/www.cssr.news\/wp-content\/uploads\/2026\/04\/A7400180-scaled.jpg\"><img src=\"http:\/\/www.cssr.news\/wp-content\/uploads\/2026\/04\/A7400180-1024x683.jpg\" alt=\"\" data-id=\"41137\" data-full-url=\"http:\/\/www.cssr.news\/wp-content\/uploads\/2026\/04\/A7400180-scaled.jpg\" data-link=\"https:\/\/www.cssr.news\/?attachment_id=41137\" class=\"wp-image-41137\"\/><\/a><\/figure><\/li><li class=\"blocks-gallery-item\"><figure><a href=\"http:\/\/www.cssr.news\/wp-content\/uploads\/2026\/04\/A7400157-scaled.jpg\"><img src=\"http:\/\/www.cssr.news\/wp-content\/uploads\/2026\/04\/A7400157-1024x683.jpg\" alt=\"\" data-id=\"41136\" data-full-url=\"http:\/\/www.cssr.news\/wp-content\/uploads\/2026\/04\/A7400157-scaled.jpg\" data-link=\"https:\/\/www.cssr.news\/?attachment_id=41136\" class=\"wp-image-41136\"\/><\/a><\/figure><\/li><li class=\"blocks-gallery-item\"><figure><a href=\"http:\/\/www.cssr.news\/wp-content\/uploads\/2026\/04\/A7400117-Copy-scaled.jpg\"><img src=\"http:\/\/www.cssr.news\/wp-content\/uploads\/2026\/04\/A7400117-Copy-1024x683.jpg\" alt=\"\" data-id=\"41135\" data-full-url=\"http:\/\/www.cssr.news\/wp-content\/uploads\/2026\/04\/A7400117-Copy-scaled.jpg\" data-link=\"https:\/\/www.cssr.news\/?attachment_id=41135\" class=\"wp-image-41135\"\/><\/a><\/figure><\/li><\/ul><\/figure>\n\n\n\n<p>Il Padre Generale ha quindi invitato i fratelli a riflettere sulla domanda evangelica:&nbsp;<em>&#8220;Che cosa cercate?&#8221;<\/em>&nbsp;\u2014 esortandoli ad affrontare queste giornate con apertura e con un sincero desiderio di &#8220;venire e vedere.&#8221; Ha parlato anche con franchezza della situazione che i fratelli stanno vivendo all&#8217;interno della Congregazione in questi tempi, sottolineando che uno sguardo onesto sulla realt\u00e0 deve essere accompagnato da un senso rinnovato della vocazione. &#8220;Create tra di voi spazi in cui condividere la vita e la missione dei Fratelli e cercate nuovi modi per annunciare il Vangelo in forme sempre nuove&#8221; ha detto.<\/p>\n\n\n\n<p>Un secondo movimento dell&#8217;incontro, ha spiegato fr. Gomes, \u00e8 un ritorno alle fonti \u2014 contemplando la vita e la testimonianza di san Gerardo Majella. Questo, ha chiarito, non \u00e8 un esercizio nostalgico, ma un incontro vivo con un carisma incarnato. &#8220;San Gerardo ci insegna che la santit\u00e0 non si esprime nei grandi discorsi, ma nella fedelt\u00e0 quotidiana alla volont\u00e0 di Dio.&#8221; Ha invitato i fratelli ad affrontare il pellegrinaggio a Materdomini non come una semplice visita esterna, ma con un atteggiamento autenticamente contemplativo, lasciandosi toccare dalla semplicit\u00e0, dall&#8217;umilt\u00e0 e dalla profonda unione con Dio che hanno caratterizzato la vita di Gerardo.<\/p>\n\n\n\n<p>Infine, il Padre Generale ha indicato la dimensione missionaria dell&#8217;incontro: coloro che sono venuti e hanno visto sono chiamati ad andare. &#8220;Chi sperimenta il Risorto non pu\u00f2 rimanere chiuso in se stesso; diventa inevitabilmente un testimone,&#8221; ha detto, incoraggiando i fratelli a essere &#8220;missionari di speranza in un mondo segnato da tante incertezze.&#8221;<\/p>\n\n\n\n<p>Dopo il discorso, diversi fratelli hanno preso la parola per condividere le proprie reazioni, esprimendo gratitudine, gioia e un rinnovato senso di speranza. La sessione \u00e8 stata formalmente conclusa da fr. Larry Lujan, Consultore Generale e responsabile della Commissione Generale per i Fratelli.<\/p>\n\n\n\n<p>Nel pomeriggio, i partecipanti hanno ascoltato la presentazione di fr. Serafino Fiore CSsR, rettore del santuario di Materdomini, sulla vita e la spiritualit\u00e0 di san Gerardo e sull&#8217;eredit\u00e0 che egli ha trasmesso alla famiglia redentorista. Al termine della presentazione, i Fratelli hanno dedicato circa mezz\u2019ora a una riflessione comune sugli interventi della giornata. <\/p>\n\n\n\n<p>La giornata si \u00e8 conclusa con l\u2019adorazione nella cappella, in cui hanno reso grazie e lodato Dio per le numerose benedizioni ricevute come Fratelli Missionari nella Congregazione del Santissimo Redentore.<\/p>\n\n\n\n<p>Forse ci\u00f2 che colpisce di pi\u00f9 in questo incontro, al di l\u00e0 dell&#8217;agenda e dei discorsi, \u00e8 la realt\u00e0 umana che esso rappresenta. Molti di questi fratelli sono a Roma per la prima volta. Molti si incontrano per la prima volta. Eppure l&#8217;atmosfera, fin dai primissimi momenti, \u00e8 stata quella di calore, cordialit\u00e0 e fraternit\u00e0 autentica \u2014 un segno vivo che, al di l\u00e0 di ogni differenza di cultura e di lingua, la vocazione redentorista rimane un legame potente.<\/p>\n\n\n\n<p>Per intercessione di San Gerardo e con il continuo sostegno della nostra Madre del Perpetuo Soccorso, possiamo noi compiere la volont\u00e0 di Dio come Fratelli Missionari, testimoniando l&#8217;amore di Dio in tutti i nostri ministeri.<\/p>\n\n\n\n<p>Scala News<\/p>\n\n\n\n<div class=\"wp-block-file\"><a href=\"https:\/\/www.cssr.news\/italian\/wp-content\/uploads\/sites\/2\/2026\/04\/IT-23.04-GIOVEDI-DELLA-III-SETTIMANA-DI-PASQUA.pdf\"><strong>Omelia del Padre Generale, giovedi 23 aprile<\/strong> (pdf)<\/a><a href=\"https:\/\/www.cssr.news\/italian\/wp-content\/uploads\/sites\/2\/2026\/04\/IT-23.04-GIOVEDI-DELLA-III-SETTIMANA-DI-PASQUA.pdf\" class=\"wp-block-file__button\" download>Download<\/a><\/div>\n\n\n\n<div class=\"wp-block-file\"><a href=\"https:\/\/www.cssr.news\/italian\/wp-content\/uploads\/sites\/2\/2026\/04\/ITA-Messaggio-di-apertura.docx\"><strong>Messaggio del Padre Generale, giovedi 23 aprile (docx)<\/strong><\/a><a href=\"https:\/\/www.cssr.news\/italian\/wp-content\/uploads\/sites\/2\/2026\/04\/ITA-Messaggio-di-apertura.docx\" class=\"wp-block-file__button\" download>Download<\/a><\/div>\n\n\n\n<p><\/p>\n","protected":false},"excerpt":{"rendered":"<p>Roma, 23 aprile 2026 Per la prima volta nella storia della Congregazione del Santissimo Redentore, i fratelli di tutte e cinque le Conferenze della Congregazione si sono riuniti a Roma per un incontro storico, in occasione del 300\u00b0 anniversario della nascita di san Gerardo Majella. Pi\u00f9 di 70 fratelli, rappresentanti un&#8217;ampia variet\u00e0 di culture, lingue [&hellip;]<\/p>\n","protected":false},"author":23,"featured_media":33292,"comment_status":"closed","ping_status":"closed","sticky":false,"template":"","format":"standard","meta":{"_mi_skip_tracking":false},"categories":[50],"tags":[],"_links":{"self":[{"href":"https:\/\/www.cssr.news\/italian\/wp-json\/wp\/v2\/posts\/33278"}],"collection":[{"href":"https:\/\/www.cssr.news\/italian\/wp-json\/wp\/v2\/posts"}],"about":[{"href":"https:\/\/www.cssr.news\/italian\/wp-json\/wp\/v2\/types\/post"}],"author":[{"embeddable":true,"href":"https:\/\/www.cssr.news\/italian\/wp-json\/wp\/v2\/users\/23"}],"replies":[{"embeddable":true,"href":"https:\/\/www.cssr.news\/italian\/wp-json\/wp\/v2\/comments?post=33278"}],"version-history":[{"count":9,"href":"https:\/\/www.cssr.news\/italian\/wp-json\/wp\/v2\/posts\/33278\/revisions"}],"predecessor-version":[{"id":33332,"href":"https:\/\/www.cssr.news\/italian\/wp-json\/wp\/v2\/posts\/33278\/revisions\/33332"}],"wp:featuredmedia":[{"embeddable":true,"href":"https:\/\/www.cssr.news\/italian\/wp-json\/wp\/v2\/media\/33292"}],"wp:attachment":[{"href":"https:\/\/www.cssr.news\/italian\/wp-json\/wp\/v2\/media?parent=33278"}],"wp:term":[{"taxonomy":"category","embeddable":true,"href":"https:\/\/www.cssr.news\/italian\/wp-json\/wp\/v2\/categories?post=33278"},{"taxonomy":"post_tag","embeddable":true,"href":"https:\/\/www.cssr.news\/italian\/wp-json\/wp\/v2\/tags?post=33278"}],"curies":[{"name":"wp","href":"https:\/\/api.w.org\/{rel}","templated":true}]}}