{"id":33326,"date":"2026-04-22T22:14:00","date_gmt":"2026-04-22T20:14:00","guid":{"rendered":"https:\/\/www.cssr.news\/italian\/?p=33326"},"modified":"2026-04-23T22:15:40","modified_gmt":"2026-04-23T20:15:40","slug":"spagna-funderetica-e-la-parrocchia-del-perpetuo-socorro-di-madrid-celebrano-la-festa-del-libro","status":"publish","type":"post","link":"https:\/\/www.cssr.news\/italian\/2026\/04\/spagna-funderetica-e-la-parrocchia-del-perpetuo-socorro-di-madrid-celebrano-la-festa-del-libro\/","title":{"rendered":"Spagna: Funder\u00e9tica e la Parrocchia del Perpetuo Socorro di Madrid celebrano la Festa del Libro"},"content":{"rendered":"\n<p>Sabato e domenica scorsi, 18 e 19 aprile, presso la Parrocchia del Perpetuo Socorro di Madrid si \u00e8 tenuto un mercatino solidale del libro organizzato dal gruppo di volontariato. Questo mercatino, che si \u00e8 tenuto durante il fine settimana, aveva l&#8217;obiettivo di raccogliere fondi per i progetti solidali dell&#8217;Associazione per la Solidariet\u00e0.<\/p>\n\n\n\n<p>Nell&#8217;ambito di questa attivit\u00e0, FUNDER\u00c9TICA ha organizzato la II FESTA DEL LIBRO E DEI DIRITTI UMANI. In essa sono stati combinati vari elementi culturali come modo per concretizzare l&#8217;Etica nella vita quotidiana. Dopo una breve presentazione dell&#8217;attivit\u00e0 da parte del presidente del consiglio di amministrazione di Funder\u00e9tica, il conduttore dell&#8217;evento, Enrique Ordiales, ha presentato e dialogato con gli autori di quattro opere: Javier Torres Gella (\u201cL&#8217;etica nell&#8217;intelligenza artificiale\u201d), Prado P\u00e9rez de Madrid (\u201cIl bacio di Dio\u201d), Bego\u00f1a Husillos Tamarit (\u201cEtica e Sanit\u00e0\u201d), Ana Mar\u00eda Marcos del Cano (libretto teatrale \u201cIl mondo di domani\u201d).<\/p>\n\n\n\n<figure class=\"wp-block-gallery columns-2 is-cropped\"><ul class=\"blocks-gallery-grid\"><li class=\"blocks-gallery-item\"><figure><a href=\"http:\/\/www.cssr.news\/spanish\/wp-content\/uploads\/sites\/3\/2026\/04\/sn2026_1804_madrid02.jpg\"><img src=\"http:\/\/www.cssr.news\/spanish\/wp-content\/uploads\/sites\/3\/2026\/04\/sn2026_1804_madrid02-1024x708.jpg\" alt=\"\" data-id=\"30881\" data-full-url=\"http:\/\/www.cssr.news\/spanish\/wp-content\/uploads\/sites\/3\/2026\/04\/sn2026_1804_madrid02.jpg\" data-link=\"https:\/\/www.cssr.news\/spanish\/?attachment_id=30881\" class=\"wp-image-30881\"\/><\/a><\/figure><\/li><li class=\"blocks-gallery-item\"><figure><a href=\"http:\/\/www.cssr.news\/spanish\/wp-content\/uploads\/sites\/3\/2026\/04\/sn2026_1804_madrid03.jpg\"><img src=\"http:\/\/www.cssr.news\/spanish\/wp-content\/uploads\/sites\/3\/2026\/04\/sn2026_1804_madrid03-1024x663.jpg\" alt=\"\" data-id=\"30880\" data-full-url=\"http:\/\/www.cssr.news\/spanish\/wp-content\/uploads\/sites\/3\/2026\/04\/sn2026_1804_madrid03.jpg\" data-link=\"https:\/\/www.cssr.news\/spanish\/?attachment_id=30880\" class=\"wp-image-30880\"\/><\/a><\/figure><\/li><\/ul><\/figure>\n\n\n\n<p>Le presentazioni sono state intervallate dalla partecipazione del Coro Funder\u00e9tica, che ha messo in musica poesie di Rafael Alberti, Miguel de Unamuno, Rosal\u00eda de Castro, Antonio Machado, Alfonsina Storni, Miguel Hern\u00e1ndez, E. Salazar &amp; C. Ramos e Violeta Parra.<\/p>\n\n\n\n<p>Prado P\u00e9rez de Madrid ha interpretato la canzone \u201cSilencio\u201d basata su una poesia di Hadewijch di Anversa.<\/p>\n\n\n\n<p>Alla fine \u00e8 stata rappresentata una scena dell\u2019opera \u201cEl mundo de ma\u00f1ana\u201d della Compagnia Existir.<\/p>\n\n\n\n<p>In questo modo si sono combinati lettura, musica, poesie e teatro. Quale modo migliore per riflettere eticamente sui diritti umani.<\/p>\n\n\n\n<p>Rafael Junquera de Est\u00e9fani<br>Presidente del Consiglio di Amministrazione di FUNDER\u00c9TICA<\/p>\n","protected":false},"excerpt":{"rendered":"<p>Sabato e domenica scorsi, 18 e 19 aprile, presso la Parrocchia del Perpetuo Socorro di Madrid si \u00e8 tenuto un mercatino solidale del libro organizzato dal gruppo di volontariato. Questo mercatino, che si \u00e8 tenuto durante il fine settimana, aveva l&#8217;obiettivo di raccogliere fondi per i progetti solidali dell&#8217;Associazione per la Solidariet\u00e0. Nell&#8217;ambito di questa [&hellip;]<\/p>\n","protected":false},"author":23,"featured_media":33327,"comment_status":"closed","ping_status":"closed","sticky":false,"template":"","format":"standard","meta":{"_mi_skip_tracking":false},"categories":[1],"tags":[],"_links":{"self":[{"href":"https:\/\/www.cssr.news\/italian\/wp-json\/wp\/v2\/posts\/33326"}],"collection":[{"href":"https:\/\/www.cssr.news\/italian\/wp-json\/wp\/v2\/posts"}],"about":[{"href":"https:\/\/www.cssr.news\/italian\/wp-json\/wp\/v2\/types\/post"}],"author":[{"embeddable":true,"href":"https:\/\/www.cssr.news\/italian\/wp-json\/wp\/v2\/users\/23"}],"replies":[{"embeddable":true,"href":"https:\/\/www.cssr.news\/italian\/wp-json\/wp\/v2\/comments?post=33326"}],"version-history":[{"count":1,"href":"https:\/\/www.cssr.news\/italian\/wp-json\/wp\/v2\/posts\/33326\/revisions"}],"predecessor-version":[{"id":33328,"href":"https:\/\/www.cssr.news\/italian\/wp-json\/wp\/v2\/posts\/33326\/revisions\/33328"}],"wp:featuredmedia":[{"embeddable":true,"href":"https:\/\/www.cssr.news\/italian\/wp-json\/wp\/v2\/media\/33327"}],"wp:attachment":[{"href":"https:\/\/www.cssr.news\/italian\/wp-json\/wp\/v2\/media?parent=33326"}],"wp:term":[{"taxonomy":"category","embeddable":true,"href":"https:\/\/www.cssr.news\/italian\/wp-json\/wp\/v2\/categories?post=33326"},{"taxonomy":"post_tag","embeddable":true,"href":"https:\/\/www.cssr.news\/italian\/wp-json\/wp\/v2\/tags?post=33326"}],"curies":[{"name":"wp","href":"https:\/\/api.w.org\/{rel}","templated":true}]}}