{"id":33339,"date":"2026-04-24T11:07:10","date_gmt":"2026-04-24T09:07:10","guid":{"rendered":"https:\/\/www.cssr.news\/italian\/?p=33339"},"modified":"2026-04-24T22:36:44","modified_gmt":"2026-04-24T20:36:44","slug":"italia-muro-lucano-inaugura-lanno-gerardino","status":"publish","type":"post","link":"https:\/\/www.cssr.news\/italian\/2026\/04\/italia-muro-lucano-inaugura-lanno-gerardino\/","title":{"rendered":"Italia: Muro Lucano inaugura l\u2019Anno Gerardino"},"content":{"rendered":"\n<p>Dal 19 aprile al 26 hanno avuto luogo le celebrazioni giubilari nella terra che ha dato i natali a san Gerardo Maiella. L\u2019arrivo dell\u2019urna con il simulacro, contenente un\u2019insigne reliquia, ha dato il via alla peregrinatio che caratterizzer\u00e0 l\u2019anno tricentenario della nascita del Santo. Ed era naturale che tale iniziativa iniziasse proprio da Muro. Il suo arrivo, infatti, ha suscitato un\u2019onda di entusiasmo, mobilitando gli abitanti della cittadina lucana, gi\u00e0 noti per il loro forte attaccamento al pi\u00f9 illustre dei loro concittadini.<\/p>\n\n\n\n<p>Dal Santuario di Materdomini l\u2019urna, prelevata dal parroco don Tomas e da una rappresentanza dell\u2019Associazione locale, ha raggiunto Ponte Giacoia, dove \u00e8 stata accolta con vero fervore. La domenica, come da programma, ha fatto il suo ingresso trionfale nel centro storico, ripercorrendo le vie tradizionali delle processioni cittadine, e sostando dinanzi ai luoghi della memoria gerardina. Collocata nella centrale chiesa di Sant\u2019Andrea \u00e8 stata oggetto continuo di venerazione, in un flusso ininterrotto di pellegrini che hanno sostato in preghiera e partecipato alle varie celebrazioni, animate dall\u2019infaticabile parroco e dai sacerdoti suoi collaboratori. Una veglia di preghiera ha visto stringersi attorno al Santo fedeli muresi e pellegrini provenienti dai comuni vicini.<\/p>\n\n\n\n<p>Marted\u00ec 21 p. Vincenzo La Mendola ha iniziato un triduo di predicazione, rendendosi disponibile durante il giorno per la celebrazione del sacramento della Penitenza, richiesto da molti fedeli. Egli, inoltre, ha portato il saluto dell\u2019Intera Provincia Redentorista di Europa Sud e del suo superiore provinciale, ribadendo il legame dei Redentoristi con la comunit\u00e0 murese. In questi giorni ha inoltre ricordato alcune figure chiave per la storia di Muro e per la Congregazione: i due vescovi redentoristi Pietro Iganzio e Vincenzo Marolda e p. Giuseppe Lordi, rettore maggiore dell\u2019Istituto.<\/p>\n\n\n\n<p>In mattinata, p. La Mendola ha presieduto la celebrazione con gli ammalati, animata dall\u2019UNITALSI locale, durante la quale \u00e8 stato amministrato il sacramento dell\u2019Unzione degli infermi.<\/p>\n\n\n\n<p>L\u2019immagine di san Gerardo mercoled\u00ec ha raggiunto Capodigiano, accolta da una numerosa presenza di residenti che hanno addobbato le strade e preparato un\u2019artistica infiorata a tema eucaristico, dinanzi al santuario. La celebrazione \u00e8 stata presieduta da don Antonio Savone, vicario episcopale e parroco della cattedrale di Potenza. In serata la catechesi e la benedizione delle mamme e dei bambini.<\/p>\n\n\n\n<p>Mercoled\u00ec 22 il santuario di Capodigiano ha visto sfilare dinanzi al simulacro gruppi di studenti delle varie scuole locali, ai quali \u00e8 stata rivolta una catechesi sulla vita e il messaggio di san Gerardo. Nel pomeriggio ancora una sosta a Ponte Giacoia, i cui abitanti non si sono lasciati scoraggiare dall\u2019inclemenza del clima, partecipando in massa, insieme le contrade circostanti, alla processione e alla celebrazione, presieduta da p. Vincenzo, nella chiesa parrocchiale di San Gerardo, l\u2019unica nel territorio a lui dedicata.<\/p>\n\n\n\n<p>In serata l\u2019urna \u00e8 stata riportata al centro di Muro, da cui si \u00e8 snodata una suggestiva fiaccolata verso la cattedrale, dove all\u2019arrivo i numerosi partecipanti hanno letteralmente assiepato l\u2019aula liturgica per ascoltare la catechesi e ricevere la benedizione.<\/p>\n\n\n\n<figure class=\"wp-block-gallery columns-3 is-cropped\"><ul class=\"blocks-gallery-grid\"><li class=\"blocks-gallery-item\"><figure><a href=\"http:\/\/www.cssr.news\/italian\/wp-content\/uploads\/sites\/2\/2026\/04\/sn2026_2304muro_lucano06-1024x768.jpeg\"><img width=\"1024\" height=\"768\" src=\"http:\/\/www.cssr.news\/italian\/wp-content\/uploads\/sites\/2\/2026\/04\/sn2026_2304muro_lucano06-1024x768.jpeg\" alt=\"\" data-id=\"33346\" data-link=\"https:\/\/www.cssr.news\/italian\/?attachment_id=33346\" class=\"wp-image-33346\" srcset=\"https:\/\/www.cssr.news\/italian\/wp-content\/uploads\/sites\/2\/2026\/04\/sn2026_2304muro_lucano06-1024x768.jpeg 1024w, https:\/\/www.cssr.news\/italian\/wp-content\/uploads\/sites\/2\/2026\/04\/sn2026_2304muro_lucano06-300x225.jpeg 300w, https:\/\/www.cssr.news\/italian\/wp-content\/uploads\/sites\/2\/2026\/04\/sn2026_2304muro_lucano06-768x576.jpeg 768w, https:\/\/www.cssr.news\/italian\/wp-content\/uploads\/sites\/2\/2026\/04\/sn2026_2304muro_lucano06-1536x1152.jpeg 1536w, https:\/\/www.cssr.news\/italian\/wp-content\/uploads\/sites\/2\/2026\/04\/sn2026_2304muro_lucano06-80x60.jpeg 80w, https:\/\/www.cssr.news\/italian\/wp-content\/uploads\/sites\/2\/2026\/04\/sn2026_2304muro_lucano06-265x198.jpeg 265w, https:\/\/www.cssr.news\/italian\/wp-content\/uploads\/sites\/2\/2026\/04\/sn2026_2304muro_lucano06-696x522.jpeg 696w, https:\/\/www.cssr.news\/italian\/wp-content\/uploads\/sites\/2\/2026\/04\/sn2026_2304muro_lucano06-1068x801.jpeg 1068w, https:\/\/www.cssr.news\/italian\/wp-content\/uploads\/sites\/2\/2026\/04\/sn2026_2304muro_lucano06-560x420.jpeg 560w, https:\/\/www.cssr.news\/italian\/wp-content\/uploads\/sites\/2\/2026\/04\/sn2026_2304muro_lucano06.jpeg 1600w\" sizes=\"(max-width: 1024px) 100vw, 1024px\" \/><\/a><\/figure><\/li><li class=\"blocks-gallery-item\"><figure><a href=\"http:\/\/www.cssr.news\/italian\/wp-content\/uploads\/sites\/2\/2026\/04\/sn2026_2304muro_lucano05-771x1024.jpeg\"><img width=\"771\" height=\"1024\" src=\"http:\/\/www.cssr.news\/italian\/wp-content\/uploads\/sites\/2\/2026\/04\/sn2026_2304muro_lucano05-771x1024.jpeg\" alt=\"\" data-id=\"33345\" data-link=\"https:\/\/www.cssr.news\/italian\/?attachment_id=33345\" class=\"wp-image-33345\" srcset=\"https:\/\/www.cssr.news\/italian\/wp-content\/uploads\/sites\/2\/2026\/04\/sn2026_2304muro_lucano05-771x1024.jpeg 771w, https:\/\/www.cssr.news\/italian\/wp-content\/uploads\/sites\/2\/2026\/04\/sn2026_2304muro_lucano05-226x300.jpeg 226w, https:\/\/www.cssr.news\/italian\/wp-content\/uploads\/sites\/2\/2026\/04\/sn2026_2304muro_lucano05-768x1020.jpeg 768w, https:\/\/www.cssr.news\/italian\/wp-content\/uploads\/sites\/2\/2026\/04\/sn2026_2304muro_lucano05-1157x1536.jpeg 1157w, https:\/\/www.cssr.news\/italian\/wp-content\/uploads\/sites\/2\/2026\/04\/sn2026_2304muro_lucano05-696x924.jpeg 696w, https:\/\/www.cssr.news\/italian\/wp-content\/uploads\/sites\/2\/2026\/04\/sn2026_2304muro_lucano05-1068x1418.jpeg 1068w, https:\/\/www.cssr.news\/italian\/wp-content\/uploads\/sites\/2\/2026\/04\/sn2026_2304muro_lucano05-316x420.jpeg 316w, https:\/\/www.cssr.news\/italian\/wp-content\/uploads\/sites\/2\/2026\/04\/sn2026_2304muro_lucano05.jpeg 1536w\" sizes=\"(max-width: 771px) 100vw, 771px\" \/><\/a><\/figure><\/li><li class=\"blocks-gallery-item\"><figure><a href=\"http:\/\/www.cssr.news\/italian\/wp-content\/uploads\/sites\/2\/2026\/04\/sn2026_2304muro_lucano04-1024x771.jpeg\"><img width=\"1024\" height=\"771\" src=\"http:\/\/www.cssr.news\/italian\/wp-content\/uploads\/sites\/2\/2026\/04\/sn2026_2304muro_lucano04-1024x771.jpeg\" alt=\"\" data-id=\"33344\" data-link=\"https:\/\/www.cssr.news\/italian\/?attachment_id=33344\" class=\"wp-image-33344\" srcset=\"https:\/\/www.cssr.news\/italian\/wp-content\/uploads\/sites\/2\/2026\/04\/sn2026_2304muro_lucano04-1024x771.jpeg 1024w, https:\/\/www.cssr.news\/italian\/wp-content\/uploads\/sites\/2\/2026\/04\/sn2026_2304muro_lucano04-300x226.jpeg 300w, https:\/\/www.cssr.news\/italian\/wp-content\/uploads\/sites\/2\/2026\/04\/sn2026_2304muro_lucano04-768x578.jpeg 768w, https:\/\/www.cssr.news\/italian\/wp-content\/uploads\/sites\/2\/2026\/04\/sn2026_2304muro_lucano04-1536x1156.jpeg 1536w, https:\/\/www.cssr.news\/italian\/wp-content\/uploads\/sites\/2\/2026\/04\/sn2026_2304muro_lucano04-80x60.jpeg 80w, https:\/\/www.cssr.news\/italian\/wp-content\/uploads\/sites\/2\/2026\/04\/sn2026_2304muro_lucano04-696x524.jpeg 696w, https:\/\/www.cssr.news\/italian\/wp-content\/uploads\/sites\/2\/2026\/04\/sn2026_2304muro_lucano04-1068x804.jpeg 1068w, https:\/\/www.cssr.news\/italian\/wp-content\/uploads\/sites\/2\/2026\/04\/sn2026_2304muro_lucano04-558x420.jpeg 558w, https:\/\/www.cssr.news\/italian\/wp-content\/uploads\/sites\/2\/2026\/04\/sn2026_2304muro_lucano04.jpeg 1600w\" sizes=\"(max-width: 1024px) 100vw, 1024px\" \/><\/a><\/figure><\/li><li class=\"blocks-gallery-item\"><figure><a href=\"http:\/\/www.cssr.news\/italian\/wp-content\/uploads\/sites\/2\/2026\/04\/sn2026_2304muro_lucano03-771x1024.jpeg\"><img width=\"771\" height=\"1024\" src=\"http:\/\/www.cssr.news\/italian\/wp-content\/uploads\/sites\/2\/2026\/04\/sn2026_2304muro_lucano03-771x1024.jpeg\" alt=\"\" data-id=\"33343\" data-link=\"https:\/\/www.cssr.news\/italian\/?attachment_id=33343\" class=\"wp-image-33343\" srcset=\"https:\/\/www.cssr.news\/italian\/wp-content\/uploads\/sites\/2\/2026\/04\/sn2026_2304muro_lucano03-771x1024.jpeg 771w, https:\/\/www.cssr.news\/italian\/wp-content\/uploads\/sites\/2\/2026\/04\/sn2026_2304muro_lucano03-226x300.jpeg 226w, https:\/\/www.cssr.news\/italian\/wp-content\/uploads\/sites\/2\/2026\/04\/sn2026_2304muro_lucano03-768x1020.jpeg 768w, https:\/\/www.cssr.news\/italian\/wp-content\/uploads\/sites\/2\/2026\/04\/sn2026_2304muro_lucano03-1157x1536.jpeg 1157w, https:\/\/www.cssr.news\/italian\/wp-content\/uploads\/sites\/2\/2026\/04\/sn2026_2304muro_lucano03-696x924.jpeg 696w, https:\/\/www.cssr.news\/italian\/wp-content\/uploads\/sites\/2\/2026\/04\/sn2026_2304muro_lucano03-1068x1418.jpeg 1068w, https:\/\/www.cssr.news\/italian\/wp-content\/uploads\/sites\/2\/2026\/04\/sn2026_2304muro_lucano03-316x420.jpeg 316w, https:\/\/www.cssr.news\/italian\/wp-content\/uploads\/sites\/2\/2026\/04\/sn2026_2304muro_lucano03.jpeg 1536w\" sizes=\"(max-width: 771px) 100vw, 771px\" \/><\/a><\/figure><\/li><li class=\"blocks-gallery-item\"><figure><a href=\"http:\/\/www.cssr.news\/italian\/wp-content\/uploads\/sites\/2\/2026\/04\/sn2026_2304muro_lucano02.jpeg\"><img width=\"886\" height=\"886\" src=\"http:\/\/www.cssr.news\/italian\/wp-content\/uploads\/sites\/2\/2026\/04\/sn2026_2304muro_lucano02.jpeg\" alt=\"\" data-id=\"33342\" data-link=\"https:\/\/www.cssr.news\/italian\/?attachment_id=33342\" class=\"wp-image-33342\" srcset=\"https:\/\/www.cssr.news\/italian\/wp-content\/uploads\/sites\/2\/2026\/04\/sn2026_2304muro_lucano02.jpeg 886w, https:\/\/www.cssr.news\/italian\/wp-content\/uploads\/sites\/2\/2026\/04\/sn2026_2304muro_lucano02-300x300.jpeg 300w, https:\/\/www.cssr.news\/italian\/wp-content\/uploads\/sites\/2\/2026\/04\/sn2026_2304muro_lucano02-150x150.jpeg 150w, https:\/\/www.cssr.news\/italian\/wp-content\/uploads\/sites\/2\/2026\/04\/sn2026_2304muro_lucano02-768x768.jpeg 768w, https:\/\/www.cssr.news\/italian\/wp-content\/uploads\/sites\/2\/2026\/04\/sn2026_2304muro_lucano02-696x696.jpeg 696w, https:\/\/www.cssr.news\/italian\/wp-content\/uploads\/sites\/2\/2026\/04\/sn2026_2304muro_lucano02-420x420.jpeg 420w\" sizes=\"(max-width: 886px) 100vw, 886px\" \/><\/a><\/figure><\/li><li class=\"blocks-gallery-item\"><figure><a href=\"https:\/\/www.cssr.news\/italian\/wp-content\/uploads\/sites\/2\/2026\/04\/sn260423_muro-lucanoWhatsApp-Image-2026-04-24-at-10.54.41.jpeg\"><img width=\"1024\" height=\"764\" src=\"https:\/\/www.cssr.news\/italian\/wp-content\/uploads\/sites\/2\/2026\/04\/sn260423_muro-lucanoWhatsApp-Image-2026-04-24-at-10.54.41-1024x764.jpeg\" alt=\"\" data-id=\"33350\" data-full-url=\"https:\/\/www.cssr.news\/italian\/wp-content\/uploads\/sites\/2\/2026\/04\/sn260423_muro-lucanoWhatsApp-Image-2026-04-24-at-10.54.41.jpeg\" data-link=\"https:\/\/www.cssr.news\/italian\/2026\/04\/italia-muro-lucano-inaugura-lanno-gerardino\/sn260423_muro-lucanowhatsapp-image-2026-04-24-at-10-54-41\/\" class=\"wp-image-33350\" srcset=\"https:\/\/www.cssr.news\/italian\/wp-content\/uploads\/sites\/2\/2026\/04\/sn260423_muro-lucanoWhatsApp-Image-2026-04-24-at-10.54.41-1024x764.jpeg 1024w, https:\/\/www.cssr.news\/italian\/wp-content\/uploads\/sites\/2\/2026\/04\/sn260423_muro-lucanoWhatsApp-Image-2026-04-24-at-10.54.41-300x224.jpeg 300w, https:\/\/www.cssr.news\/italian\/wp-content\/uploads\/sites\/2\/2026\/04\/sn260423_muro-lucanoWhatsApp-Image-2026-04-24-at-10.54.41-768x573.jpeg 768w, https:\/\/www.cssr.news\/italian\/wp-content\/uploads\/sites\/2\/2026\/04\/sn260423_muro-lucanoWhatsApp-Image-2026-04-24-at-10.54.41-80x60.jpeg 80w, https:\/\/www.cssr.news\/italian\/wp-content\/uploads\/sites\/2\/2026\/04\/sn260423_muro-lucanoWhatsApp-Image-2026-04-24-at-10.54.41-265x198.jpeg 265w, https:\/\/www.cssr.news\/italian\/wp-content\/uploads\/sites\/2\/2026\/04\/sn260423_muro-lucanoWhatsApp-Image-2026-04-24-at-10.54.41-696x519.jpeg 696w, https:\/\/www.cssr.news\/italian\/wp-content\/uploads\/sites\/2\/2026\/04\/sn260423_muro-lucanoWhatsApp-Image-2026-04-24-at-10.54.41-1068x797.jpeg 1068w, https:\/\/www.cssr.news\/italian\/wp-content\/uploads\/sites\/2\/2026\/04\/sn260423_muro-lucanoWhatsApp-Image-2026-04-24-at-10.54.41-563x420.jpeg 563w, https:\/\/www.cssr.news\/italian\/wp-content\/uploads\/sites\/2\/2026\/04\/sn260423_muro-lucanoWhatsApp-Image-2026-04-24-at-10.54.41.jpeg 1080w\" sizes=\"(max-width: 1024px) 100vw, 1024px\" \/><\/a><\/figure><\/li><li class=\"blocks-gallery-item\"><figure><a href=\"https:\/\/www.cssr.news\/italian\/wp-content\/uploads\/sites\/2\/2026\/04\/sn260423_muro-lucanoWhatsApp-Image-2026-04-24-at-16.51.22.jpeg\"><img width=\"1024\" height=\"634\" src=\"https:\/\/www.cssr.news\/italian\/wp-content\/uploads\/sites\/2\/2026\/04\/sn260423_muro-lucanoWhatsApp-Image-2026-04-24-at-16.51.22-1024x634.jpeg\" alt=\"\" data-id=\"33351\" data-full-url=\"https:\/\/www.cssr.news\/italian\/wp-content\/uploads\/sites\/2\/2026\/04\/sn260423_muro-lucanoWhatsApp-Image-2026-04-24-at-16.51.22.jpeg\" data-link=\"https:\/\/www.cssr.news\/italian\/2026\/04\/italia-muro-lucano-inaugura-lanno-gerardino\/sn260423_muro-lucanowhatsapp-image-2026-04-24-at-16-51-22\/\" class=\"wp-image-33351\" srcset=\"https:\/\/www.cssr.news\/italian\/wp-content\/uploads\/sites\/2\/2026\/04\/sn260423_muro-lucanoWhatsApp-Image-2026-04-24-at-16.51.22-1024x634.jpeg 1024w, https:\/\/www.cssr.news\/italian\/wp-content\/uploads\/sites\/2\/2026\/04\/sn260423_muro-lucanoWhatsApp-Image-2026-04-24-at-16.51.22-300x186.jpeg 300w, https:\/\/www.cssr.news\/italian\/wp-content\/uploads\/sites\/2\/2026\/04\/sn260423_muro-lucanoWhatsApp-Image-2026-04-24-at-16.51.22-768x475.jpeg 768w, https:\/\/www.cssr.news\/italian\/wp-content\/uploads\/sites\/2\/2026\/04\/sn260423_muro-lucanoWhatsApp-Image-2026-04-24-at-16.51.22-1536x950.jpeg 1536w, https:\/\/www.cssr.news\/italian\/wp-content\/uploads\/sites\/2\/2026\/04\/sn260423_muro-lucanoWhatsApp-Image-2026-04-24-at-16.51.22-356x220.jpeg 356w, https:\/\/www.cssr.news\/italian\/wp-content\/uploads\/sites\/2\/2026\/04\/sn260423_muro-lucanoWhatsApp-Image-2026-04-24-at-16.51.22-696x431.jpeg 696w, https:\/\/www.cssr.news\/italian\/wp-content\/uploads\/sites\/2\/2026\/04\/sn260423_muro-lucanoWhatsApp-Image-2026-04-24-at-16.51.22-1068x661.jpeg 1068w, https:\/\/www.cssr.news\/italian\/wp-content\/uploads\/sites\/2\/2026\/04\/sn260423_muro-lucanoWhatsApp-Image-2026-04-24-at-16.51.22-679x420.jpeg 679w, https:\/\/www.cssr.news\/italian\/wp-content\/uploads\/sites\/2\/2026\/04\/sn260423_muro-lucanoWhatsApp-Image-2026-04-24-at-16.51.22.jpeg 1600w\" sizes=\"(max-width: 1024px) 100vw, 1024px\" \/><\/a><\/figure><\/li><li class=\"blocks-gallery-item\"><figure><a href=\"https:\/\/www.cssr.news\/italian\/wp-content\/uploads\/sites\/2\/2026\/04\/sn260423_muro-lucanoWhatsApp-Image-2026-04-24-at-17.14.55.jpeg\"><img width=\"576\" height=\"1024\" src=\"https:\/\/www.cssr.news\/italian\/wp-content\/uploads\/sites\/2\/2026\/04\/sn260423_muro-lucanoWhatsApp-Image-2026-04-24-at-17.14.55-576x1024.jpeg\" alt=\"\" data-id=\"33352\" data-full-url=\"https:\/\/www.cssr.news\/italian\/wp-content\/uploads\/sites\/2\/2026\/04\/sn260423_muro-lucanoWhatsApp-Image-2026-04-24-at-17.14.55.jpeg\" data-link=\"https:\/\/www.cssr.news\/italian\/2026\/04\/italia-muro-lucano-inaugura-lanno-gerardino\/sn260423_muro-lucanowhatsapp-image-2026-04-24-at-17-14-55\/\" class=\"wp-image-33352\" srcset=\"https:\/\/www.cssr.news\/italian\/wp-content\/uploads\/sites\/2\/2026\/04\/sn260423_muro-lucanoWhatsApp-Image-2026-04-24-at-17.14.55-576x1024.jpeg 576w, https:\/\/www.cssr.news\/italian\/wp-content\/uploads\/sites\/2\/2026\/04\/sn260423_muro-lucanoWhatsApp-Image-2026-04-24-at-17.14.55-169x300.jpeg 169w, https:\/\/www.cssr.news\/italian\/wp-content\/uploads\/sites\/2\/2026\/04\/sn260423_muro-lucanoWhatsApp-Image-2026-04-24-at-17.14.55-768x1365.jpeg 768w, https:\/\/www.cssr.news\/italian\/wp-content\/uploads\/sites\/2\/2026\/04\/sn260423_muro-lucanoWhatsApp-Image-2026-04-24-at-17.14.55-864x1536.jpeg 864w, https:\/\/www.cssr.news\/italian\/wp-content\/uploads\/sites\/2\/2026\/04\/sn260423_muro-lucanoWhatsApp-Image-2026-04-24-at-17.14.55-696x1237.jpeg 696w, https:\/\/www.cssr.news\/italian\/wp-content\/uploads\/sites\/2\/2026\/04\/sn260423_muro-lucanoWhatsApp-Image-2026-04-24-at-17.14.55-236x420.jpeg 236w, https:\/\/www.cssr.news\/italian\/wp-content\/uploads\/sites\/2\/2026\/04\/sn260423_muro-lucanoWhatsApp-Image-2026-04-24-at-17.14.55.jpeg 900w\" sizes=\"(max-width: 576px) 100vw, 576px\" \/><\/a><\/figure><\/li><\/ul><\/figure>\n\n\n\n<p>Gioved\u00ec 23 \u00e8 stata una giornata intensa che ha richiamato nella cittadina lucana migliaia di fedeli, autorit\u00e0 ecclesiastiche e rappresentanti delle istituzioni, locali e regionali.<\/p>\n\n\n\n<p>Il momento iniziale si \u00e8 svolto nei pressi della piccola chiesa che custodisce il battistero dove, proprio il 23 aprile 1726, fu battezzato il Santo. Da l\u00ec si \u00e8 avviata la lunga processione che ha attraversato le strade dell\u2019alto centro storico, per giungere alla cattedrale, dove si \u00e8 tenuta la solenne concelebrazione eucaristica, presieduta dal cardinale Enrico Feroci. Suggestive la benedizione dell\u2019acqua lustrale al Battistero e la lettura della Bolla da parte del parroco di Baraggiano don Jos\u00e8 Conti, e l\u2019apertura della Porta Santa. Nonostante il vento insistente e il freddo, la piazza antistante era letteralmente gremita di fedeli, che hanno fatto il loro ingresso nel tempio principale di Muro, con evidente commozione.<\/p>\n\n\n\n<p>Alla celebrazione hanno preso parte: l\u2019arcivescovo di Potenza Davide Carbonaro, l\u2019arcivescovo emerito Salvatore Ligorio e l\u2019arcivescovo di Sant&#8217;Angelo dei Lombardi Pasquale Cascio, nella cui diocesi \u00e8 sito il santuario di Materdomini. Presenti anche l\u2019arcivescovo di Acerenza e il vescovo di Melfi.<\/p>\n\n\n\n<p>Numerosa la partecipazione del clero, proveniente da diverse diocesi, di religiosi e di una rappresentanza di missionari redentoristi, guidati dal rettore del santuario di Materdomini, p. Serafino Fiore, tra i concelebranti principali.<\/p>\n\n\n\n<figure class=\"wp-block-gallery columns-3 is-cropped\"><ul class=\"blocks-gallery-grid\"><li class=\"blocks-gallery-item\"><figure><a href=\"http:\/\/www.cssr.news\/wp-content\/uploads\/2026\/04\/WhatsApp-Image-2026-04-23-at-22.05.26.jpeg\"><img src=\"http:\/\/www.cssr.news\/wp-content\/uploads\/2026\/04\/WhatsApp-Image-2026-04-23-at-22.05.26-1024x576.jpeg\" alt=\"\" data-id=\"41173\" data-full-url=\"http:\/\/www.cssr.news\/wp-content\/uploads\/2026\/04\/WhatsApp-Image-2026-04-23-at-22.05.26.jpeg\" data-link=\"https:\/\/www.cssr.news\/?attachment_id=41173\" class=\"wp-image-41173\"\/><\/a><\/figure><\/li><li class=\"blocks-gallery-item\"><figure><a href=\"http:\/\/www.cssr.news\/wp-content\/uploads\/2026\/04\/WhatsApp-Image-2026-04-23-at-22.05.35.jpeg\"><img src=\"http:\/\/www.cssr.news\/wp-content\/uploads\/2026\/04\/WhatsApp-Image-2026-04-23-at-22.05.35-1024x576.jpeg\" alt=\"\" data-id=\"41169\" data-full-url=\"http:\/\/www.cssr.news\/wp-content\/uploads\/2026\/04\/WhatsApp-Image-2026-04-23-at-22.05.35.jpeg\" data-link=\"https:\/\/www.cssr.news\/?attachment_id=41169\" class=\"wp-image-41169\"\/><\/a><\/figure><\/li><li class=\"blocks-gallery-item\"><figure><a href=\"http:\/\/www.cssr.news\/wp-content\/uploads\/2026\/04\/WhatsApp-Image-2026-04-23-at-22.05.33-1.jpeg\"><img src=\"http:\/\/www.cssr.news\/wp-content\/uploads\/2026\/04\/WhatsApp-Image-2026-04-23-at-22.05.33-1-1024x576.jpeg\" alt=\"\" data-id=\"41170\" data-full-url=\"http:\/\/www.cssr.news\/wp-content\/uploads\/2026\/04\/WhatsApp-Image-2026-04-23-at-22.05.33-1.jpeg\" data-link=\"https:\/\/www.cssr.news\/?attachment_id=41170\" class=\"wp-image-41170\"\/><\/a><\/figure><\/li><li class=\"blocks-gallery-item\"><figure><a href=\"http:\/\/www.cssr.news\/wp-content\/uploads\/2026\/04\/WhatsApp-Image-2026-04-23-at-22.05.23.jpeg\"><img src=\"http:\/\/www.cssr.news\/wp-content\/uploads\/2026\/04\/WhatsApp-Image-2026-04-23-at-22.05.23-1024x576.jpeg\" alt=\"\" data-id=\"41174\" data-full-url=\"http:\/\/www.cssr.news\/wp-content\/uploads\/2026\/04\/WhatsApp-Image-2026-04-23-at-22.05.23.jpeg\" data-link=\"https:\/\/www.cssr.news\/?attachment_id=41174\" class=\"wp-image-41174\"\/><\/a><\/figure><\/li><li class=\"blocks-gallery-item\"><figure><a href=\"http:\/\/www.cssr.news\/wp-content\/uploads\/2026\/04\/WhatsApp-Image-2026-04-23-at-22.05.28.jpeg\"><img src=\"http:\/\/www.cssr.news\/wp-content\/uploads\/2026\/04\/WhatsApp-Image-2026-04-23-at-22.05.28-1024x576.jpeg\" alt=\"\" data-id=\"41172\" data-full-url=\"http:\/\/www.cssr.news\/wp-content\/uploads\/2026\/04\/WhatsApp-Image-2026-04-23-at-22.05.28.jpeg\" data-link=\"https:\/\/www.cssr.news\/?attachment_id=41172\" class=\"wp-image-41172\"\/><\/a><\/figure><\/li><li class=\"blocks-gallery-item\"><figure><a href=\"http:\/\/www.cssr.news\/wp-content\/uploads\/2026\/04\/WhatsApp-Image-2026-04-23-at-22.05.32.jpeg\"><img src=\"http:\/\/www.cssr.news\/wp-content\/uploads\/2026\/04\/WhatsApp-Image-2026-04-23-at-22.05.32-1024x576.jpeg\" alt=\"\" data-id=\"41171\" data-full-url=\"http:\/\/www.cssr.news\/wp-content\/uploads\/2026\/04\/WhatsApp-Image-2026-04-23-at-22.05.32.jpeg\" data-link=\"https:\/\/www.cssr.news\/?attachment_id=41171\" class=\"wp-image-41171\"\/><\/a><\/figure><\/li><\/ul><\/figure>\n\n\n\n<p>A fare gli onori di casa il sindaco di Muro Lucano, Giovanni Setaro che ha accolto gli esponenti politici della Regione Basilicata: il dottor Galizia, in rappresentanza del Presidente della Giunta regionale, il presidente della Provincia di Potenza Christian Giordano e numerosi sindaci del territorio e dell\u2019intera regione, oltre a delegazioni provenienti anche da fuori regione. Tra queste, quella di Frosinone, citt\u00e0 gerardina gemellata con Muro, con a capo l\u2019assessore Rossella Tessa e alcuni membri del comitato della festa e della parrocchia di San Gerardo, guidati dal maestro Fabio Bracaglia. Nel capoluogo ciociaro nei giorni scorsi \u00e8 stato inaugurato l\u2019anno giubilare e svelato un monumento dedicato al Santo, con l\u2019intervento di una rappresentanza dell\u2019amministrazione di Muro, capeggiata dal vicesindaco dottoressa Rosalba Zaccardo. Le due citt\u00e0 sono unite nel nome di san Gerardo nella condivisione di valori spirituali e culturali.<\/p>\n\n\n\n<p>Straordinaria la partecipazione popolare. Nell\u2019omelia, il porporato ha ripercorso i tratti essenziali della vita di San Gerardo Maiella, inquadrandolo in alcune categorie paoline, e sottolineando come il suo messaggio \u00e8 ancora oggi un richiamo, autorevole in grado di orientare i cristiani alla conoscenza di Cristo. Sentite anche le parole dell\u2019arcivescovo Carbonaro che ha ringraziato i presenti, ribadendo l\u2019importanza delle celebrazioni giubilari per la chiesa lucana.<\/p>\n\n\n\n<p>L\u2019evento si \u00e8 svolto in un clima di fervore e devozione, e con una attenta preparazione, a cura del Comitato che ha organizzato i festeggiamenti giubilari, dei volontari della Protezione civile e dell\u2019Associazione Nazionale Carabinieri, che hanno garantito l\u2019ordine e la sicurezza.<\/p>\n\n\n\n<p>Venerd\u00ec 24 aprile la cattedrale rimarr\u00e0 ancora aperta per la preghiera e le celebrazioni che si concluder\u00e0 con una veglia per i giovani, animata dal cantautore don Pietro Nestola.<\/p>\n\n\n\n<p>Sabato 25 l\u2019urna sar\u00e0 condotta nella chiesa di San Marco, dove rimarr\u00e0 ancora esposta alla venerazione, per ripartire in serata, dopo una sosta nella chiesa della Madonna del Soccorso, per Vietri di Potenza.<\/p>\n\n\n\n<p>Con l\u2019apertura dell\u2019Anno Gerardino, Muro Lucano e l\u2019intera Basilicata vivranno una lunga serie di celebrazioni liturgiche e di iniziative, con il coinvolgimento di numerosi comuni locali e altre comunit\u00e0 del meridione d\u2019Italia. Ma la peregrinatio gerardina valicher\u00e0 anche le Alpi, facendo una sosta in Polonia, come abbiamo potuto apprendere dalla presenta di un redentorista polacco, impegnato con la sua equipe in riprese e interviste, in preparazione all\u2019evento, unico nel suo genere.<\/p>\n\n\n\n<p>San Gerado torna tra la sua gente, accolto come uno di famiglia, continuando quel dialogo ininterrotto con quanti lo hanno scelto come modello per il loro cammino di fede e si rivolgono a lui come intercessore efficace, nei momenti difficili.<\/p>\n\n\n\n<p>Muro, con il suo fervore, conferma ulteriormente la popolarit\u00e0 dell\u2019umile Santo redentorista riconosciuto universalmente come una figura chiave della storia religiosa del Mezzogiorno, i cui legami con la religiosit\u00e0 e la cultura meridionale, sono oggetto di indagine della storiografia pi\u00f9 recente, come denota la pubblicazione di un interessante lavoro di Chiara Ponte, San Gerardo Maiella tra storia e tradizione popolare, che si aggiunge alla bibliografia gerardina, portando il suo originale contributo scientifico.<\/p>\n\n\n\n<p>P. Vincenzo La Mendola C.Ss.R.<\/p>\n","protected":false},"excerpt":{"rendered":"<p>Dal 19 aprile al 26 hanno avuto luogo le celebrazioni giubilari nella terra che ha dato i natali a san Gerardo Maiella. L\u2019arrivo dell\u2019urna con il simulacro, contenente un\u2019insigne reliquia, ha dato il via alla peregrinatio che caratterizzer\u00e0 l\u2019anno tricentenario della nascita del Santo. Ed era naturale che tale iniziativa iniziasse proprio da Muro. Il [&hellip;]<\/p>\n","protected":false},"author":3,"featured_media":33347,"comment_status":"closed","ping_status":"closed","sticky":false,"template":"","format":"standard","meta":{"_mi_skip_tracking":false},"categories":[50],"tags":[],"_links":{"self":[{"href":"https:\/\/www.cssr.news\/italian\/wp-json\/wp\/v2\/posts\/33339"}],"collection":[{"href":"https:\/\/www.cssr.news\/italian\/wp-json\/wp\/v2\/posts"}],"about":[{"href":"https:\/\/www.cssr.news\/italian\/wp-json\/wp\/v2\/types\/post"}],"author":[{"embeddable":true,"href":"https:\/\/www.cssr.news\/italian\/wp-json\/wp\/v2\/users\/3"}],"replies":[{"embeddable":true,"href":"https:\/\/www.cssr.news\/italian\/wp-json\/wp\/v2\/comments?post=33339"}],"version-history":[{"count":3,"href":"https:\/\/www.cssr.news\/italian\/wp-json\/wp\/v2\/posts\/33339\/revisions"}],"predecessor-version":[{"id":33353,"href":"https:\/\/www.cssr.news\/italian\/wp-json\/wp\/v2\/posts\/33339\/revisions\/33353"}],"wp:featuredmedia":[{"embeddable":true,"href":"https:\/\/www.cssr.news\/italian\/wp-json\/wp\/v2\/media\/33347"}],"wp:attachment":[{"href":"https:\/\/www.cssr.news\/italian\/wp-json\/wp\/v2\/media?parent=33339"}],"wp:term":[{"taxonomy":"category","embeddable":true,"href":"https:\/\/www.cssr.news\/italian\/wp-json\/wp\/v2\/categories?post=33339"},{"taxonomy":"post_tag","embeddable":true,"href":"https:\/\/www.cssr.news\/italian\/wp-json\/wp\/v2\/tags?post=33339"}],"curies":[{"name":"wp","href":"https:\/\/api.w.org\/{rel}","templated":true}]}}