{"id":33372,"date":"2026-04-25T17:07:47","date_gmt":"2026-04-25T15:07:47","guid":{"rendered":"https:\/\/www.cssr.news\/italian\/?p=33372"},"modified":"2026-04-25T17:07:49","modified_gmt":"2026-04-25T15:07:49","slug":"filippine-la-missione-catechistica-quaresimale-un-cammino-sinodale-di-rinnovamento-e-presenza","status":"publish","type":"post","link":"https:\/\/www.cssr.news\/italian\/2026\/04\/filippine-la-missione-catechistica-quaresimale-un-cammino-sinodale-di-rinnovamento-e-presenza\/","title":{"rendered":"Filippine: La Missione Catechistica Quaresimale \u2013 Un cammino sinodale di rinnovamento e presenza"},"content":{"rendered":"\n<p>La Missione Catechistica Quaresimale ha offerto una profonda opportunit\u00e0 di rinnovamento spirituale, di formazione alla fede pi\u00f9 approfondita e di riflessione comunitaria mentre le Comunit\u00e0 Ecclesiali di Base (BEC) percorrevano il cammino quaresimale. Radicata nella catechesi, nella preghiera e nel discernimento condiviso, la missione di predicazione \u00e8 diventata uno strumento di evangelizzazione che ha rinnovato la fede e favorito un discepolato cristiano pi\u00f9 impegnato. Ha messo in evidenza la Quaresima non solo come un tempo penitenziale personale, ma come un\u2019esperienza ecclesiale di conversione e di grazia.<\/p>\n\n\n\n<p>Questa missione \u00e8 stata svolta in stretta integrazione con le varie BEC della Parrocchia di Nostra Signora della Visitazione ad Alfonso Lista, Ifugao, Manila. \u00c8 stata avviata dalla Viceprovincia Redentorista di Manila, in collaborazione con la comunit\u00e0 missionaria Redentorista del Luzon settentrionale che attualmente opera nella zona. Sono state invitate a partecipare squadre missionarie provenienti da varie comunit\u00e0 locali della Viceprovincia, incarnando la natura missionaria della Chiesa attraverso un cammino quaresimale condiviso con la gente.<\/p>\n\n\n\n<p>La Missione Generale di Quaresima prevedeva moduli catechistici pensati per guidare i fedeli a riflettere pi\u00f9 profondamente sul loro cammino quaresimale. Queste sessioni hanno offerto non solo una formazione dottrinale, ma anche un incontro esperienziale con un Dio che accompagna il suo popolo. La missione ha favorito un senso tangibile di presenza ecclesiale, aiutando i fedeli a sentirsi visitati, ricordati e curati dalla Chiesa. Ci\u00f2 si \u00e8 ulteriormente espresso attraverso attivit\u00e0 pastorali quali la visita agli ammalati e la benedizione delle case \u2014 segni della presenza compassionevole e incarnata di Dio in mezzo al suo popolo.<\/p>\n\n\n\n<figure class=\"wp-block-gallery columns-3 is-cropped\"><ul class=\"blocks-gallery-grid\"><li class=\"blocks-gallery-item\"><figure><a href=\"http:\/\/www.cssr.news\/wp-content\/uploads\/2026\/04\/8.jpg\"><img src=\"http:\/\/www.cssr.news\/wp-content\/uploads\/2026\/04\/8-1024x768.jpg\" alt=\"\" data-id=\"41190\" data-full-url=\"http:\/\/www.cssr.news\/wp-content\/uploads\/2026\/04\/8.jpg\" data-link=\"https:\/\/www.cssr.news\/?attachment_id=41190\" class=\"wp-image-41190\"\/><\/a><\/figure><\/li><li class=\"blocks-gallery-item\"><figure><a href=\"http:\/\/www.cssr.news\/wp-content\/uploads\/2026\/04\/7.jpg\"><img src=\"http:\/\/www.cssr.news\/wp-content\/uploads\/2026\/04\/7-1024x768.jpg\" alt=\"\" data-id=\"41189\" data-full-url=\"http:\/\/www.cssr.news\/wp-content\/uploads\/2026\/04\/7.jpg\" data-link=\"https:\/\/www.cssr.news\/?attachment_id=41189\" class=\"wp-image-41189\"\/><\/a><\/figure><\/li><li class=\"blocks-gallery-item\"><figure><a href=\"http:\/\/www.cssr.news\/wp-content\/uploads\/2026\/04\/6-1.jpg\"><img src=\"http:\/\/www.cssr.news\/wp-content\/uploads\/2026\/04\/6-1-1024x683.jpg\" alt=\"\" data-id=\"41188\" data-full-url=\"http:\/\/www.cssr.news\/wp-content\/uploads\/2026\/04\/6-1.jpg\" data-link=\"https:\/\/www.cssr.news\/?attachment_id=41188\" class=\"wp-image-41188\"\/><\/a><\/figure><\/li><li class=\"blocks-gallery-item\"><figure><a href=\"http:\/\/www.cssr.news\/wp-content\/uploads\/2026\/04\/5.jpg\"><img src=\"http:\/\/www.cssr.news\/wp-content\/uploads\/2026\/04\/5-1024x768.jpg\" alt=\"\" data-id=\"41186\" data-full-url=\"http:\/\/www.cssr.news\/wp-content\/uploads\/2026\/04\/5.jpg\" data-link=\"https:\/\/www.cssr.news\/?attachment_id=41186\" class=\"wp-image-41186\"\/><\/a><\/figure><\/li><li class=\"blocks-gallery-item\"><figure><a href=\"http:\/\/www.cssr.news\/wp-content\/uploads\/2026\/04\/3.jpg\"><img src=\"http:\/\/www.cssr.news\/wp-content\/uploads\/2026\/04\/3-1024x683.jpg\" alt=\"\" data-id=\"41184\" data-full-url=\"http:\/\/www.cssr.news\/wp-content\/uploads\/2026\/04\/3.jpg\" data-link=\"https:\/\/www.cssr.news\/?attachment_id=41184\" class=\"wp-image-41184\"\/><\/a><\/figure><\/li><li class=\"blocks-gallery-item\"><figure><a href=\"http:\/\/www.cssr.news\/wp-content\/uploads\/2026\/04\/1.jpg\"><img src=\"http:\/\/www.cssr.news\/wp-content\/uploads\/2026\/04\/1-1024x683.jpg\" alt=\"\" data-id=\"41183\" data-full-url=\"http:\/\/www.cssr.news\/wp-content\/uploads\/2026\/04\/1.jpg\" data-link=\"https:\/\/www.cssr.news\/?attachment_id=41183\" class=\"wp-image-41183\"\/><\/a><\/figure><\/li><li class=\"blocks-gallery-item\"><figure><a href=\"http:\/\/www.cssr.news\/wp-content\/uploads\/2026\/04\/4.jpg\"><img src=\"http:\/\/www.cssr.news\/wp-content\/uploads\/2026\/04\/4-1024x683.jpg\" alt=\"\" data-id=\"41185\" data-full-url=\"http:\/\/www.cssr.news\/wp-content\/uploads\/2026\/04\/4.jpg\" data-link=\"https:\/\/www.cssr.news\/?attachment_id=41185\" class=\"wp-image-41185\"\/><\/a><\/figure><\/li><\/ul><\/figure>\n\n\n\n<p>Da una prospettiva missiologica, la missione ha rafforzato il carattere sinodale della Chiesa, consentendo alle BEC di riaccendere la loro identit\u00e0 di comunit\u00e0 che camminano insieme nella fede. Ha promosso una rinnovata comprensione della responsabilit\u00e0 condivisa (coresponsabilit\u00e0) tra clero e laici, sottolineando che la Chiesa \u00e8 una comunione di partecipazione e missione. La missione ha favorito relazioni autentiche tra i parrocchiani e la parrocchia, incoraggiando il dialogo, l\u2019ascolto e l\u2019accompagnamento reciproco.<\/p>\n\n\n\n<p>Inoltre, la Missione Catechistica Quaresimale ha sottolineato che il Mistero Pasquale non \u00e8 una realt\u00e0 astratta o distante, ma una realt\u00e0 vissuta e sperimentata concretamente nella vita dei fedeli. Ha trasformato l\u2019osservanza della Quaresima da una devozione puramente privata in un cammino comunitario di fede, in cui la riflessione, la sofferenza, la speranza e il rinnovamento sono condivisi all\u2019interno della comunit\u00e0. In questo modo, la missione ha reso visibile una fede incarnata nelle realt\u00e0 quotidiane delle persone.<\/p>\n\n\n\n<p>La missione si \u00e8 conclusa con un momento culminante significativo, quando i gruppi delle diverse comunit\u00e0 locali della Viceprovincia di Manila si sono riuniti in unit\u00e0 per valutare, rendere grazie e celebrare i frutti della missione. Questo incontro conclusivo non \u00e8 stato solo un momento di valutazione, ma anche una celebrazione della grazia di Dio all\u2019opera nella comunit\u00e0: una testimonianza della vitalit\u00e0 di una Chiesa che ascolta, accompagna e cammina insieme.<\/p>\n\n\n\n<p><em>Gruppo missionario della Comunit\u00e0 del Luzon settentrionale<\/em><br>Missione generale di predicazione Catechesi quaresimale<\/p>\n","protected":false},"excerpt":{"rendered":"<p>La Missione Catechistica Quaresimale ha offerto una profonda opportunit\u00e0 di rinnovamento spirituale, di formazione alla fede pi\u00f9 approfondita e di riflessione comunitaria mentre le Comunit\u00e0 Ecclesiali di Base (BEC) percorrevano il cammino quaresimale. Radicata nella catechesi, nella preghiera e nel discernimento condiviso, la missione di predicazione \u00e8 diventata uno strumento di evangelizzazione che ha rinnovato [&hellip;]<\/p>\n","protected":false},"author":23,"featured_media":33373,"comment_status":"closed","ping_status":"closed","sticky":false,"template":"","format":"standard","meta":{"_mi_skip_tracking":false},"categories":[32],"tags":[],"_links":{"self":[{"href":"https:\/\/www.cssr.news\/italian\/wp-json\/wp\/v2\/posts\/33372"}],"collection":[{"href":"https:\/\/www.cssr.news\/italian\/wp-json\/wp\/v2\/posts"}],"about":[{"href":"https:\/\/www.cssr.news\/italian\/wp-json\/wp\/v2\/types\/post"}],"author":[{"embeddable":true,"href":"https:\/\/www.cssr.news\/italian\/wp-json\/wp\/v2\/users\/23"}],"replies":[{"embeddable":true,"href":"https:\/\/www.cssr.news\/italian\/wp-json\/wp\/v2\/comments?post=33372"}],"version-history":[{"count":2,"href":"https:\/\/www.cssr.news\/italian\/wp-json\/wp\/v2\/posts\/33372\/revisions"}],"predecessor-version":[{"id":33375,"href":"https:\/\/www.cssr.news\/italian\/wp-json\/wp\/v2\/posts\/33372\/revisions\/33375"}],"wp:featuredmedia":[{"embeddable":true,"href":"https:\/\/www.cssr.news\/italian\/wp-json\/wp\/v2\/media\/33373"}],"wp:attachment":[{"href":"https:\/\/www.cssr.news\/italian\/wp-json\/wp\/v2\/media?parent=33372"}],"wp:term":[{"taxonomy":"category","embeddable":true,"href":"https:\/\/www.cssr.news\/italian\/wp-json\/wp\/v2\/categories?post=33372"},{"taxonomy":"post_tag","embeddable":true,"href":"https:\/\/www.cssr.news\/italian\/wp-json\/wp\/v2\/tags?post=33372"}],"curies":[{"name":"wp","href":"https:\/\/api.w.org\/{rel}","templated":true}]}}