{"id":33457,"date":"2026-04-29T09:37:09","date_gmt":"2026-04-29T07:37:09","guid":{"rendered":"https:\/\/www.cssr.news\/italian\/?p=33457"},"modified":"2026-04-29T09:38:09","modified_gmt":"2026-04-29T07:38:09","slug":"brasile-300-anni-di-san-geraldo-il-giubileo-si-conclude-a-curvelo","status":"publish","type":"post","link":"https:\/\/www.cssr.news\/italian\/2026\/04\/brasile-300-anni-di-san-geraldo-il-giubileo-si-conclude-a-curvelo\/","title":{"rendered":"Brasile: 300 anni di San Gerardo, il Giubileo si conclude a Curvelo"},"content":{"rendered":"\n<p><strong>In Brasile, la Provincia della Nostra Signora Aparecida ha celebrato, tra il 26 aprile 2025 e il 26 aprile 2026, l&#8217;Anno Giubilare di Gerardo in memoria del 300\u00b0 anniversario della nascita del santo fratello redentorista. Sono stati 365 giorni di celebrazioni, iniziate presso il Santuario Arcidiocesano di San Gerardo a Sorocaba (SP) e concluse presso il Santuario di San Gerardo a Curvelo (MG).<\/strong><\/p>\n\n\n\n<p>Dopo le celebrazioni di tre giorni, dal 23 al 25 aprile, domenica 26 si \u00e8 conclusa solennemente la festa giubilare, riunendo i fedeli di Curvelo e devoti provenienti da diverse regioni del Minas Gerais e del Brasile. Il programma prevedeva un&#8217;imponente processione, partita dalla Chiesa Parrocchiale di Santo Ant\u00f4nio e diretta verso il Santuario, accompagnata da missionari redentoristi e dal popolo di Dio.<\/p>\n\n\n\n<p>In un gesto simbolico, i fratelli redentoristi hanno portato l&#8217;immagine del santo, ricordando la vita semplice e devota di Geraldo. Una reliquia del santo \u00e8 stata portata anche da Fratello Geraldo Pereira Neves, C.Ss.R.<\/p>\n\n\n\n<p>La Messa solenne \u00e8 stata presieduta da Mons. Darci Jos\u00e9 Nicioli, C.Ss.R., Arcivescovo Metropolita di Diamantina, e concelebrata da diversi missionari Redentoristi, tra cui P. Francesco Stanula (Vicario Generale della Congregazione Redentorista), p. Marlos Aur\u00e9lio da Silva (Superiore Provinciale della Provincia Nostra Signora di Aparecida), p. Edilei Rosa Silva (Superiore Provinciale della Provincia di Curitiba), p. Eduardo Catalfo (Rettore del Santuario di Nostra Signora di Aparecida), p. Luiz Cl\u00e1udio de Macedo (Rettore del Santuario di S\u00e3o Geraldo a Sorocaba), e p. Vin\u00edcius Ponciano (Rettore del Santuario di S\u00e3o Geraldo a Curvelo), cos\u00ec come altri membri della congregazione. Hanno partecipato anche religiosi provenienti dalle tre province brasiliane di Brasilia, Curitiba e Nostra Signora di Aparecida, seminaristi, membri dell&#8217;Uneser, autorit\u00e0 comunali e numerosi fedeli.<\/p>\n\n\n\n<figure class=\"wp-block-gallery columns-3 is-cropped\"><ul class=\"blocks-gallery-grid\"><li class=\"blocks-gallery-item\"><figure><a href=\"http:\/\/www.cssr.news\/italian\/wp-content\/uploads\/sites\/2\/2026\/04\/sn2026_brasile_curvelo02.jpg\"><img width=\"1024\" height=\"649\" src=\"http:\/\/www.cssr.news\/italian\/wp-content\/uploads\/sites\/2\/2026\/04\/sn2026_brasile_curvelo02-1024x649.jpg\" alt=\"\" data-id=\"33461\" data-full-url=\"http:\/\/www.cssr.news\/italian\/wp-content\/uploads\/sites\/2\/2026\/04\/sn2026_brasile_curvelo02.jpg\" data-link=\"https:\/\/www.cssr.news\/italian\/?attachment_id=33461\" class=\"wp-image-33461\" srcset=\"https:\/\/www.cssr.news\/italian\/wp-content\/uploads\/sites\/2\/2026\/04\/sn2026_brasile_curvelo02-1024x649.jpg 1024w, https:\/\/www.cssr.news\/italian\/wp-content\/uploads\/sites\/2\/2026\/04\/sn2026_brasile_curvelo02-300x190.jpg 300w, https:\/\/www.cssr.news\/italian\/wp-content\/uploads\/sites\/2\/2026\/04\/sn2026_brasile_curvelo02-768x487.jpg 768w, https:\/\/www.cssr.news\/italian\/wp-content\/uploads\/sites\/2\/2026\/04\/sn2026_brasile_curvelo02-696x441.jpg 696w, https:\/\/www.cssr.news\/italian\/wp-content\/uploads\/sites\/2\/2026\/04\/sn2026_brasile_curvelo02-1068x677.jpg 1068w, https:\/\/www.cssr.news\/italian\/wp-content\/uploads\/sites\/2\/2026\/04\/sn2026_brasile_curvelo02-663x420.jpg 663w, https:\/\/www.cssr.news\/italian\/wp-content\/uploads\/sites\/2\/2026\/04\/sn2026_brasile_curvelo02.jpg 1084w\" sizes=\"(max-width: 1024px) 100vw, 1024px\" \/><\/a><\/figure><\/li><li class=\"blocks-gallery-item\"><figure><a href=\"http:\/\/www.cssr.news\/italian\/wp-content\/uploads\/sites\/2\/2026\/04\/sn2026_brasile_curvelo03.jpg\"><img width=\"1024\" height=\"675\" src=\"http:\/\/www.cssr.news\/italian\/wp-content\/uploads\/sites\/2\/2026\/04\/sn2026_brasile_curvelo03-1024x675.jpg\" alt=\"\" data-id=\"33460\" data-full-url=\"http:\/\/www.cssr.news\/italian\/wp-content\/uploads\/sites\/2\/2026\/04\/sn2026_brasile_curvelo03.jpg\" data-link=\"https:\/\/www.cssr.news\/italian\/?attachment_id=33460\" class=\"wp-image-33460\" srcset=\"https:\/\/www.cssr.news\/italian\/wp-content\/uploads\/sites\/2\/2026\/04\/sn2026_brasile_curvelo03-1024x675.jpg 1024w, https:\/\/www.cssr.news\/italian\/wp-content\/uploads\/sites\/2\/2026\/04\/sn2026_brasile_curvelo03-300x198.jpg 300w, https:\/\/www.cssr.news\/italian\/wp-content\/uploads\/sites\/2\/2026\/04\/sn2026_brasile_curvelo03-768x506.jpg 768w, https:\/\/www.cssr.news\/italian\/wp-content\/uploads\/sites\/2\/2026\/04\/sn2026_brasile_curvelo03-696x459.jpg 696w, https:\/\/www.cssr.news\/italian\/wp-content\/uploads\/sites\/2\/2026\/04\/sn2026_brasile_curvelo03-1068x704.jpg 1068w, https:\/\/www.cssr.news\/italian\/wp-content\/uploads\/sites\/2\/2026\/04\/sn2026_brasile_curvelo03-637x420.jpg 637w, https:\/\/www.cssr.news\/italian\/wp-content\/uploads\/sites\/2\/2026\/04\/sn2026_brasile_curvelo03.jpg 1073w\" sizes=\"(max-width: 1024px) 100vw, 1024px\" \/><\/a><\/figure><\/li><li class=\"blocks-gallery-item\"><figure><a href=\"http:\/\/www.cssr.news\/italian\/wp-content\/uploads\/sites\/2\/2026\/04\/sn2026_brasile_curvelo04.jpg\"><img width=\"1024\" height=\"717\" src=\"http:\/\/www.cssr.news\/italian\/wp-content\/uploads\/sites\/2\/2026\/04\/sn2026_brasile_curvelo04-1024x717.jpg\" alt=\"\" data-id=\"33459\" data-full-url=\"http:\/\/www.cssr.news\/italian\/wp-content\/uploads\/sites\/2\/2026\/04\/sn2026_brasile_curvelo04.jpg\" data-link=\"https:\/\/www.cssr.news\/italian\/?attachment_id=33459\" class=\"wp-image-33459\" srcset=\"https:\/\/www.cssr.news\/italian\/wp-content\/uploads\/sites\/2\/2026\/04\/sn2026_brasile_curvelo04-1024x717.jpg 1024w, https:\/\/www.cssr.news\/italian\/wp-content\/uploads\/sites\/2\/2026\/04\/sn2026_brasile_curvelo04-300x210.jpg 300w, https:\/\/www.cssr.news\/italian\/wp-content\/uploads\/sites\/2\/2026\/04\/sn2026_brasile_curvelo04-768x538.jpg 768w, https:\/\/www.cssr.news\/italian\/wp-content\/uploads\/sites\/2\/2026\/04\/sn2026_brasile_curvelo04-100x70.jpg 100w, https:\/\/www.cssr.news\/italian\/wp-content\/uploads\/sites\/2\/2026\/04\/sn2026_brasile_curvelo04-696x487.jpg 696w, https:\/\/www.cssr.news\/italian\/wp-content\/uploads\/sites\/2\/2026\/04\/sn2026_brasile_curvelo04-600x420.jpg 600w, https:\/\/www.cssr.news\/italian\/wp-content\/uploads\/sites\/2\/2026\/04\/sn2026_brasile_curvelo04.jpg 1043w\" sizes=\"(max-width: 1024px) 100vw, 1024px\" \/><\/a><\/figure><\/li><\/ul><\/figure>\n\n\n\n<p>Durante l&#8217;omelia, padre Marlos Aur\u00e9lio da Silva ha sottolineato l&#8217;intensit\u00e0 della vita di San Gerardo:<\/p>\n\n\n\n<p><em>\u201cLa vita di San Gerardo \u00e8 stata breve, 29 anni e mezzo, ma vissuta con grande intensit\u00e0, grande fede e grande generosit\u00e0. Per questo abbiamo detto che questo \u00e8 stato un Anno Giubilare. Siamo qui a conclusione di questo cammino. Giubileo perch\u00e9 le nostre anime sono colme di gioia, di felicit\u00e0 nel riconoscere l&#8217;azione di Dio nella vita di questo Fratello, semplice, eppure con un&#8217;anima magnificata da Dio\u201d<\/em>.<\/p>\n\n\n\n<p>La vita di San Gerardo non \u00e8 solo da ammirare, ma da imitare nella quotidianit\u00e0, nei gesti semplici e nelle scelte di tutti i giorni. Cos\u00ec, la conclusione del Giubileo del 300\u00b0 anniversario della nascita di Gerardo diventa anche un nuovo inizio: un invito a vivere una fede pi\u00f9 incarnata, che si traduca in amore, servizio e costante ricerca della santit\u00e0. Possa l&#8217;esempio di San Gerardo continuare a vivere non solo nella devozione, ma nella vita di ciascuno di noi!<\/p>\n\n\n\n<p>(fonte a12.com)<\/p>\n","protected":false},"excerpt":{"rendered":"<p>In Brasile, la Provincia della Nostra Signora Aparecida ha celebrato, tra il 26 aprile 2025 e il 26 aprile 2026, l&#8217;Anno Giubilare di Gerardo in memoria del 300\u00b0 anniversario della nascita del santo fratello redentorista. Sono stati 365 giorni di celebrazioni, iniziate presso il Santuario Arcidiocesano di San Gerardo a Sorocaba (SP) e concluse presso [&hellip;]<\/p>\n","protected":false},"author":3,"featured_media":33462,"comment_status":"closed","ping_status":"closed","sticky":false,"template":"","format":"standard","meta":{"_mi_skip_tracking":false},"categories":[50],"tags":[],"_links":{"self":[{"href":"https:\/\/www.cssr.news\/italian\/wp-json\/wp\/v2\/posts\/33457"}],"collection":[{"href":"https:\/\/www.cssr.news\/italian\/wp-json\/wp\/v2\/posts"}],"about":[{"href":"https:\/\/www.cssr.news\/italian\/wp-json\/wp\/v2\/types\/post"}],"author":[{"embeddable":true,"href":"https:\/\/www.cssr.news\/italian\/wp-json\/wp\/v2\/users\/3"}],"replies":[{"embeddable":true,"href":"https:\/\/www.cssr.news\/italian\/wp-json\/wp\/v2\/comments?post=33457"}],"version-history":[{"count":4,"href":"https:\/\/www.cssr.news\/italian\/wp-json\/wp\/v2\/posts\/33457\/revisions"}],"predecessor-version":[{"id":33469,"href":"https:\/\/www.cssr.news\/italian\/wp-json\/wp\/v2\/posts\/33457\/revisions\/33469"}],"wp:featuredmedia":[{"embeddable":true,"href":"https:\/\/www.cssr.news\/italian\/wp-json\/wp\/v2\/media\/33462"}],"wp:attachment":[{"href":"https:\/\/www.cssr.news\/italian\/wp-json\/wp\/v2\/media?parent=33457"}],"wp:term":[{"taxonomy":"category","embeddable":true,"href":"https:\/\/www.cssr.news\/italian\/wp-json\/wp\/v2\/categories?post=33457"},{"taxonomy":"post_tag","embeddable":true,"href":"https:\/\/www.cssr.news\/italian\/wp-json\/wp\/v2\/tags?post=33457"}],"curies":[{"name":"wp","href":"https:\/\/api.w.org\/{rel}","templated":true}]}}