{"id":33471,"date":"2026-05-02T09:41:00","date_gmt":"2026-05-02T07:41:00","guid":{"rendered":"https:\/\/www.cssr.news\/italian\/?p=33471"},"modified":"2026-04-29T09:51:31","modified_gmt":"2026-04-29T07:51:31","slug":"si-inaugura-il-centenario-della-presenza-dei-missionari-redentoristi-in-america-centrale","status":"publish","type":"post","link":"https:\/\/www.cssr.news\/italian\/2026\/05\/si-inaugura-il-centenario-della-presenza-dei-missionari-redentoristi-in-america-centrale\/","title":{"rendered":"Si inaugura il centenario della presenza dei missionari redentoristi in America Centrale"},"content":{"rendered":"\n<p><strong>Redentoristi in America Centrale: Cento anni di abbondante redenzione (13 maggio 1927 \u2013 13 maggio 2027)<\/strong><\/p>\n\n\n\n<p>Il prossimo 15 maggio, nell\u2019ambito della celebrazione di San Isidro Labrador, verr\u00e0 presentato il Memoriale dei Missionari Redentoristi dell\u2019America Centrale: Cento anni di abbondante redenzione (13 maggio 1927 \u2013 13 maggio 2027). Con questa presentazione si inaugura ufficialmente il centenario della presenza dei missionari redentoristi in America Centrale.<\/p>\n\n\n\n<figure class=\"wp-block-image size-large is-style-default\"><img src=\"https:\/\/www.cssr.news\/spanish\/wp-content\/uploads\/sites\/3\/2026\/04\/sn2026_100cssrac00.jpg\" alt=\"\"\/><figcaption><em>Questa foto risale al periodo tra il 1927 e il 1929<\/em><\/figcaption><\/figure>\n\n\n\n<p>Era quel luminoso e mariano 13 maggio 1927 quando i sacerdoti redentoristi F\u00e9lix Ruiz de Samaniego e Pedro del Palacio, entrambi spagnoli, sbarcarono dal piroscafo \u201cGalicia\u201d nell\u2019ardente Puerto Lim\u00f3n, in Costa Rica.<\/p>\n\n\n\n<p>Arrivarono in tempi difficili, segnati dalla persecuzione religiosa promossa da Plutarco El\u00edas Calles in Messico. Tuttavia, erano mossi dall\u2019ardore dello Spirito Santo, con la missione di annunciare nell\u2019istmo centroamericano la \u201credentione copiosa\u201d: proclamare a voce alta la passione, la morte e la risurrezione di Nostro Signore Ges\u00f9 Cristo.<\/p>\n\n\n\n<figure class=\"wp-block-image size-large is-style-default\"><img src=\"https:\/\/www.cssr.news\/spanish\/wp-content\/uploads\/sites\/3\/2026\/04\/sn2026_100cssrac01-1024x729.jpeg\" alt=\"\"\/><\/figure>\n\n\n\n<p>La presentazione si terr\u00e0 nel Santuario del Santo Cristo di Esquipulas de la Agon\u00eda. Sar\u00e0 a cura di padre Bosco Jos\u00e9 Rodr\u00edguez Alvarado e vedr\u00e0 la presenza del padre provinciale, Thierry Rapha\u00ebl.<\/p>\n\n\n\n<p>La presentazione sar\u00e0 trasmessa attraverso i social network della parrocchia di San Gerardo Mar\u00eda Maiella.<\/p>\n\n\n\n<p>P. Bosco Jos\u00e9 Rodr\u00edguez Alvarado CSsR<\/p>\n","protected":false},"excerpt":{"rendered":"<p>Redentoristi in America Centrale: Cento anni di abbondante redenzione (13 maggio 1927 \u2013 13 maggio 2027) Il prossimo 15 maggio, nell\u2019ambito della celebrazione di San Isidro Labrador, verr\u00e0 presentato il Memoriale dei Missionari Redentoristi dell\u2019America Centrale: Cento anni di abbondante redenzione (13 maggio 1927 \u2013 13 maggio 2027). Con questa presentazione si inaugura ufficialmente il [&hellip;]<\/p>\n","protected":false},"author":23,"featured_media":33476,"comment_status":"closed","ping_status":"closed","sticky":false,"template":"","format":"standard","meta":{"_mi_skip_tracking":false},"categories":[37,9],"tags":[],"_links":{"self":[{"href":"https:\/\/www.cssr.news\/italian\/wp-json\/wp\/v2\/posts\/33471"}],"collection":[{"href":"https:\/\/www.cssr.news\/italian\/wp-json\/wp\/v2\/posts"}],"about":[{"href":"https:\/\/www.cssr.news\/italian\/wp-json\/wp\/v2\/types\/post"}],"author":[{"embeddable":true,"href":"https:\/\/www.cssr.news\/italian\/wp-json\/wp\/v2\/users\/23"}],"replies":[{"embeddable":true,"href":"https:\/\/www.cssr.news\/italian\/wp-json\/wp\/v2\/comments?post=33471"}],"version-history":[{"count":1,"href":"https:\/\/www.cssr.news\/italian\/wp-json\/wp\/v2\/posts\/33471\/revisions"}],"predecessor-version":[{"id":33472,"href":"https:\/\/www.cssr.news\/italian\/wp-json\/wp\/v2\/posts\/33471\/revisions\/33472"}],"wp:featuredmedia":[{"embeddable":true,"href":"https:\/\/www.cssr.news\/italian\/wp-json\/wp\/v2\/media\/33476"}],"wp:attachment":[{"href":"https:\/\/www.cssr.news\/italian\/wp-json\/wp\/v2\/media?parent=33471"}],"wp:term":[{"taxonomy":"category","embeddable":true,"href":"https:\/\/www.cssr.news\/italian\/wp-json\/wp\/v2\/categories?post=33471"},{"taxonomy":"post_tag","embeddable":true,"href":"https:\/\/www.cssr.news\/italian\/wp-json\/wp\/v2\/tags?post=33471"}],"curies":[{"name":"wp","href":"https:\/\/api.w.org\/{rel}","templated":true}]}}