{"id":33477,"date":"2026-04-29T09:54:07","date_gmt":"2026-04-29T07:54:07","guid":{"rendered":"https:\/\/www.cssr.news\/italian\/?p=33477"},"modified":"2026-04-29T09:54:09","modified_gmt":"2026-04-29T07:54:09","slug":"peru-pasqua-giovanile-redentorista-2026-la-nostra-speranza-e-risorta","status":"publish","type":"post","link":"https:\/\/www.cssr.news\/italian\/2026\/04\/peru-pasqua-giovanile-redentorista-2026-la-nostra-speranza-e-risorta\/","title":{"rendered":"Per\u00f9: Pasqua Giovanile Redentorista 2026. La nostra speranza \u00e8 risorta!"},"content":{"rendered":"\n<p>Domenica 26 aprile, in occasione della Domenica del Buon Pastore, con grande gioia ed entusiasmo si \u00e8 svolta la seconda edizione della Pasqua Giovanile Redentorista, quest&#8217;anno nel distretto di Santa Anita, a Lima, riunendo circa&nbsp;<strong>350 giovani<\/strong>&nbsp;provenienti da diverse comunit\u00e0 redentoriste della capitale. Questo significativo incontro \u00e8 diventato uno spazio privilegiato di fede, comunione e rinnovamento spirituale per tutti i partecipanti.<\/p>\n\n\n\n<p>Nel corso della giornata, i giovani hanno vissuto momenti intensi di formazione, in cui si \u00e8 approfondito il mistero della Risurrezione di Cristo come fonte di speranza viva, motivando i partecipanti ad assumere con maggiore impegno il proprio cammino cristiano.<\/p>\n\n\n\n<p>Uno dei momenti pi\u00f9 significativi \u00e8 stato lo spazio dedicato alle confessioni, in cui molti giovani hanno avuto l\u2019opportunit\u00e0 di riconciliarsi con Dio, sperimentando la sua misericordia e il suo amore. Questo incontro personale con il Signore ha preparato il cuore dei partecipanti a vivere pienamente la celebrazione eucaristica, centro e culmine dell\u2019intera giornata.<\/p>\n\n\n\n<figure class=\"wp-block-gallery columns-3 is-cropped\"><ul class=\"blocks-gallery-grid\"><li class=\"blocks-gallery-item\"><figure><a href=\"https:\/\/www.cssr.news\/spanish\/wp-content\/uploads\/sites\/3\/2026\/04\/sn2026_pascua_bolivia_peru02.jpeg\"><img src=\"https:\/\/www.cssr.news\/spanish\/wp-content\/uploads\/sites\/3\/2026\/04\/sn2026_pascua_bolivia_peru02-768x1024.jpeg\" alt=\"\" data-id=\"31010\" data-full-url=\"https:\/\/www.cssr.news\/spanish\/wp-content\/uploads\/sites\/3\/2026\/04\/sn2026_pascua_bolivia_peru02.jpeg\" data-link=\"https:\/\/www.cssr.news\/spanish\/2026\/04\/peru-pascua-juvenil-redentorista-2026-ha-resucitado-nuestra-esperanza\/sn2026_pascua_bolivia_peru02\/\" class=\"wp-image-31010\"\/><\/a><\/figure><\/li><li class=\"blocks-gallery-item\"><figure><a href=\"https:\/\/www.cssr.news\/spanish\/wp-content\/uploads\/sites\/3\/2026\/04\/sn2026_pascua_bolivia_peru03.jpeg\"><img src=\"https:\/\/www.cssr.news\/spanish\/wp-content\/uploads\/sites\/3\/2026\/04\/sn2026_pascua_bolivia_peru03-1024x768.jpeg\" alt=\"\" data-id=\"31011\" data-full-url=\"https:\/\/www.cssr.news\/spanish\/wp-content\/uploads\/sites\/3\/2026\/04\/sn2026_pascua_bolivia_peru03.jpeg\" data-link=\"https:\/\/www.cssr.news\/spanish\/2026\/04\/peru-pascua-juvenil-redentorista-2026-ha-resucitado-nuestra-esperanza\/sn2026_pascua_bolivia_peru03\/\" class=\"wp-image-31011\"\/><\/a><\/figure><\/li><li class=\"blocks-gallery-item\"><figure><a href=\"https:\/\/www.cssr.news\/spanish\/wp-content\/uploads\/sites\/3\/2026\/04\/sn2026_pascua_bolivia_peru04.jpeg\"><img src=\"https:\/\/www.cssr.news\/spanish\/wp-content\/uploads\/sites\/3\/2026\/04\/sn2026_pascua_bolivia_peru04-1024x768.jpeg\" alt=\"\" data-id=\"31013\" data-full-url=\"https:\/\/www.cssr.news\/spanish\/wp-content\/uploads\/sites\/3\/2026\/04\/sn2026_pascua_bolivia_peru04.jpeg\" data-link=\"https:\/\/www.cssr.news\/spanish\/2026\/04\/peru-pascua-juvenil-redentorista-2026-ha-resucitado-nuestra-esperanza\/sn2026_pascua_bolivia_peru04\/\" class=\"wp-image-31013\"\/><\/a><\/figure><\/li><li class=\"blocks-gallery-item\"><figure><a href=\"https:\/\/www.cssr.news\/spanish\/wp-content\/uploads\/sites\/3\/2026\/04\/sn2026_pascua_bolivia_peru05.jpeg\"><img src=\"https:\/\/www.cssr.news\/spanish\/wp-content\/uploads\/sites\/3\/2026\/04\/sn2026_pascua_bolivia_peru05-1024x768.jpeg\" alt=\"\" data-id=\"31014\" data-full-url=\"https:\/\/www.cssr.news\/spanish\/wp-content\/uploads\/sites\/3\/2026\/04\/sn2026_pascua_bolivia_peru05.jpeg\" data-link=\"https:\/\/www.cssr.news\/spanish\/2026\/04\/peru-pascua-juvenil-redentorista-2026-ha-resucitado-nuestra-esperanza\/sn2026_pascua_bolivia_peru05\/\" class=\"wp-image-31014\"\/><\/a><\/figure><\/li><\/ul><\/figure>\n\n\n\n<p>L&#8217;adorazione del Santissimo Sacramento \u00e8 stato un altro dei momenti pi\u00f9 profondi, caratterizzato dal silenzio, dalla preghiera e dall&#8217;incontro intimo con Cristo vivo. In questo clima di raccoglimento, i giovani hanno potuto rinnovare la loro fede e presentare al Signore le loro gioie, le loro preoccupazioni e i loro sogni.<\/p>\n\n\n\n<p>La giornata \u00e8 stata anche piena di gioia e di fraternit\u00e0, specialmente durante i concerti, dove la musica \u00e8 diventata un mezzo di lode e di celebrazione. Attraverso il canto e l\u2019animazione, i giovani hanno espresso con entusiasmo la loro fede e la loro gioia pasquale.<\/p>\n\n\n\n<p>Senza dubbio, questa Pasqua Giovanile Redentorista ha lasciato un segno profondo nel cuore dei partecipanti. Molti di loro hanno manifestato di sentirsi rinnovati, rafforzati nella fede e motivati a continuare il loro impegno all\u2019interno delle loro comunit\u00e0. Questo incontro ribadisce che Cristo risorto continua ad essere fonte di speranza per i giovani di oggi.<\/p>\n\n\n\n<p>La Pastorale Giovanile e Vocazionale Redentorista ringrazia tutti coloro che hanno reso possibile questo evento e invita a continuare a camminare insieme, annunciando con gioia che Cristo \u00e8 risorto e vive tra noi!<\/p>\n\n\n\n<p><strong>P. V\u00edctor Ernesto Espinoza Gil C.Ss.R. Consulente della PGVR Bolivia-Per\u00f9<\/strong><\/p>\n","protected":false},"excerpt":{"rendered":"<p>Domenica 26 aprile, in occasione della Domenica del Buon Pastore, con grande gioia ed entusiasmo si \u00e8 svolta la seconda edizione della Pasqua Giovanile Redentorista, quest&#8217;anno nel distretto di Santa Anita, a Lima, riunendo circa&nbsp;350 giovani&nbsp;provenienti da diverse comunit\u00e0 redentoriste della capitale. Questo significativo incontro \u00e8 diventato uno spazio privilegiato di fede, comunione e rinnovamento [&hellip;]<\/p>\n","protected":false},"author":23,"featured_media":33478,"comment_status":"closed","ping_status":"closed","sticky":false,"template":"","format":"standard","meta":{"_mi_skip_tracking":false},"categories":[33],"tags":[],"_links":{"self":[{"href":"https:\/\/www.cssr.news\/italian\/wp-json\/wp\/v2\/posts\/33477"}],"collection":[{"href":"https:\/\/www.cssr.news\/italian\/wp-json\/wp\/v2\/posts"}],"about":[{"href":"https:\/\/www.cssr.news\/italian\/wp-json\/wp\/v2\/types\/post"}],"author":[{"embeddable":true,"href":"https:\/\/www.cssr.news\/italian\/wp-json\/wp\/v2\/users\/23"}],"replies":[{"embeddable":true,"href":"https:\/\/www.cssr.news\/italian\/wp-json\/wp\/v2\/comments?post=33477"}],"version-history":[{"count":1,"href":"https:\/\/www.cssr.news\/italian\/wp-json\/wp\/v2\/posts\/33477\/revisions"}],"predecessor-version":[{"id":33479,"href":"https:\/\/www.cssr.news\/italian\/wp-json\/wp\/v2\/posts\/33477\/revisions\/33479"}],"wp:featuredmedia":[{"embeddable":true,"href":"https:\/\/www.cssr.news\/italian\/wp-json\/wp\/v2\/media\/33478"}],"wp:attachment":[{"href":"https:\/\/www.cssr.news\/italian\/wp-json\/wp\/v2\/media?parent=33477"}],"wp:term":[{"taxonomy":"category","embeddable":true,"href":"https:\/\/www.cssr.news\/italian\/wp-json\/wp\/v2\/categories?post=33477"},{"taxonomy":"post_tag","embeddable":true,"href":"https:\/\/www.cssr.news\/italian\/wp-json\/wp\/v2\/tags?post=33477"}],"curies":[{"name":"wp","href":"https:\/\/api.w.org\/{rel}","templated":true}]}}