{"id":33482,"date":"2026-04-27T12:00:00","date_gmt":"2026-04-27T10:00:00","guid":{"rendered":"https:\/\/www.cssr.news\/italian\/?p=33482"},"modified":"2026-04-29T20:00:52","modified_gmt":"2026-04-29T18:00:52","slug":"el-salvador-ordinazione-diaconale-di-oscar-vargas-c-ss-r-e-ordinazione-sacerdotale-di-fermin-guevara-c-ss-r","status":"publish","type":"post","link":"https:\/\/www.cssr.news\/italian\/2026\/04\/el-salvador-ordinazione-diaconale-di-oscar-vargas-c-ss-r-e-ordinazione-sacerdotale-di-fermin-guevara-c-ss-r\/","title":{"rendered":"El Salvador: Ordinazione diaconale di \u00d3scar Vargas C.Ss.R. e ordinazione sacerdotale di Ferm\u00edn Guevara C.Ss.R."},"content":{"rendered":"\n<p>Il 25 aprile, El Salvador e la Provincia Madre del Perpetuo Socorro, provincia redentorista dell&#8217;America Centrale e dei Caraibi, hanno vissuto un momento di grande gioia con l&#8217;<strong>ordinazione sacerdotale del diacono Ferm\u00edn Guevara, C.Ss.R.<\/strong>\u00a0e l&#8217;<strong>ordinazione diaconale di \u00d3scar Vargas C.Ss.R.<\/strong>, conferita per l&#8217;imposizione delle mani di Mons. Jos\u00e9 Luis Escobar Alas, Arcivescovo di San Salvador, nella Parrocchia della Madre del Perpetuo Socorro a San Salvador.<\/p>\n\n\n\n<p>Tra i presenti c&#8217;erano il Superiore Provinciale, P. Raphael Thierry, C.Ss.R., il Provinciale della Provincia Bolivia-Per\u00f9, P. Boris Calzadilla, C.Ss.R., e molti altri sacerdoti redentoristi, oltre a familiari e fedeli provenienti dai diversi luoghi in cui i giovani religiosi redentoristi hanno prestato servizio.<\/p>\n\n\n\n<p>Durante l\u2019omelia, l\u2019arcivescovo Escobar Alas ha voluto ricordare che l\u2019ordinazione \u00e8 un dono e nessuno ne \u00e8 degno. Il Signore ci ha scelti per questa missione. Citando la prima lettura, il profeta Isaia ci racconta la sua vocazione e questo vale anche per coloro che sono scelti per il sacerdozio, cio\u00e8 gli eletti sono scelti per essere consacrati ed essere fedeli al Signore. Questo significa l&#8217;impegno di una vita, ma prima c&#8217;\u00e8 la chiamata, il dono della chiamata.<\/p>\n\n\n\n<p>Poi l&#8217;arcivescovo ha chiesto a tutti: Che cos&#8217;\u00e8 la fede? E ha detto: La fede in Cristo consiste in due cose:<\/p>\n\n\n\n<ul><li>il dono di Dio, perch\u00e9 Dio \u00e8 cos\u00ec buono che ci ha dato suo Figlio; quindi la fede \u00e8 accogliere suo Figlio, Cristo, perch\u00e9 Cristo si dona a noi e spetta a noi accoglierlo.<\/li><li>La seconda cosa \u00e8 donarci al Signore, cio\u00e8 consacrare la nostra vita a Dio, essere nelle mani di Cristo. Questo vale per tutti, ma in modo speciale per i sacerdoti. Essi devono configurarsi a Cristo. Per prendersi cura del popolo di Dio. Il pastore deve essere un altro Cristo, perch\u00e9 rappresenta Cristo.<\/li><\/ul>\n\n\n\n<p>Ha aggiunto anche verso la fine dell\u2019omelia:&nbsp;<em>\u201cDesidero esprimere un ringraziamento ai Redentoristi. Per la grande missione che hanno svolto in questo paese e in tutta l\u2019America Centrale, e che continuano a svolgere, continuano a evangelizzare in ogni parte del mondo. Nel nostro Paese, la gente li ricorda molto bene perch\u00e9 quando andavano in missione, lasciavano in ogni paese la Croce della Missione. E quelle croci ci sono ancora\u2026 Stiamo ricordando qualcosa della met\u00e0 del secolo scorso. Siamo testimoni del lavoro, dello sforzo e dell\u2019abnegazione dei missionari redentoristi. Approfitto della presenza dei superiori redentoristi qui presenti per ringraziarli\u00bb.<\/em><\/p>\n\n\n\n<figure class=\"wp-block-gallery columns-3 is-cropped\"><ul class=\"blocks-gallery-grid\"><li class=\"blocks-gallery-item\"><figure><a href=\"http:\/\/www.cssr.news\/spanish\/wp-content\/uploads\/sites\/3\/2026\/04\/sn2026_2504ordenacion_centroamerica01.jpg\"><img src=\"http:\/\/www.cssr.news\/spanish\/wp-content\/uploads\/sites\/3\/2026\/04\/sn2026_2504ordenacion_centroamerica01-768x1024.jpg\" alt=\"\" data-id=\"31047\" data-full-url=\"http:\/\/www.cssr.news\/spanish\/wp-content\/uploads\/sites\/3\/2026\/04\/sn2026_2504ordenacion_centroamerica01.jpg\" data-link=\"https:\/\/www.cssr.news\/spanish\/?attachment_id=31047\" class=\"wp-image-31047\"\/><\/a><\/figure><\/li><li class=\"blocks-gallery-item\"><figure><a href=\"http:\/\/www.cssr.news\/spanish\/wp-content\/uploads\/sites\/3\/2026\/04\/sn2026_2504ordenacion_centroamerica02.jpg\"><img src=\"http:\/\/www.cssr.news\/spanish\/wp-content\/uploads\/sites\/3\/2026\/04\/sn2026_2504ordenacion_centroamerica02-768x1024.jpg\" alt=\"\" data-id=\"31046\" data-full-url=\"http:\/\/www.cssr.news\/spanish\/wp-content\/uploads\/sites\/3\/2026\/04\/sn2026_2504ordenacion_centroamerica02.jpg\" data-link=\"https:\/\/www.cssr.news\/spanish\/?attachment_id=31046\" class=\"wp-image-31046\"\/><\/a><\/figure><\/li><li class=\"blocks-gallery-item\"><figure><a href=\"http:\/\/www.cssr.news\/spanish\/wp-content\/uploads\/sites\/3\/2026\/04\/sn2026_2504ordenacion_centroamerica04.jpg\"><img src=\"http:\/\/www.cssr.news\/spanish\/wp-content\/uploads\/sites\/3\/2026\/04\/sn2026_2504ordenacion_centroamerica04-1024x768.jpg\" alt=\"\" data-id=\"31044\" data-full-url=\"http:\/\/www.cssr.news\/spanish\/wp-content\/uploads\/sites\/3\/2026\/04\/sn2026_2504ordenacion_centroamerica04.jpg\" data-link=\"https:\/\/www.cssr.news\/spanish\/?attachment_id=31044\" class=\"wp-image-31044\"\/><\/a><\/figure><\/li><\/ul><\/figure>\n\n\n\n<p>Ecco un breve riassunto della formazione dei candidati:<\/p>\n\n\n\n<p><strong>\u00d3scar Mauricio Vargas Olivares C.Ss.R.<\/strong><\/p>\n\n\n\n<p>\u00c8 nato a San Miguel, El Salvador, il 6 giugno 1988. Ha compiuto i primi studi presso il centro scolastico Cant\u00f3n San Carlos; il liceo presso l\u2019Istituto Nazionale Joaqu\u00edn Ernesto C\u00e1rdenas.<\/p>\n\n\n\n<p>\u00c8 entrato nella Congregazione del Santissimo Redentore come aspirante il 7 febbraio 2016 a Trojes (Honduras) nella casa di formazione Gaspar Stangasinger. Nel 2017, a San Jos\u00e9, in Costa Rica, \u00e8 entrato nel postulato San Clemente.<\/p>\n\n\n\n<p>Nel 2020 ha svolto il noviziato a Bellavista, Buenos Aires, in Argentina. Ha professato i primi voti il 21 gennaio 2021 nella parrocchia di San Gerardo Maiella e nel Santuario del Santo Cristo de la Agon\u00eda ad Alajuela, in Costa Rica. Nel 2023 ha svolto l\u2019anno pastorale a Cuba. Si \u00e8 preparato ai voti perpetui a Cotue, nella Repubblica Dominicana. Il 14 febbraio ha emesso i voti perpetui nella parrocchia dell&#8217;Immacolata Concezione di Cotui, Repubblica Dominicana.<\/p>\n\n\n\n<p><strong>Diacono Ferm\u00edn Benedicto Guevara Chicas C.Ss.R.<\/strong><\/p>\n\n\n\n<p>Nato a Moraz\u00e1n, El Salvador, il 26 agosto 1987. Nel 2015 \u00e8 entrato come aspirante alla Casa San Clemente, a San Jos\u00e9, in Costa Rica. L\u00ec si \u00e8 preparato e ha studiato filosofia nel seminario nazionale Nuestra Se\u00f1ora de los Angeles. Nel 2018 ha svolto il noviziato a Bucaramanga, in Colombia. Ha professato i voti religiosi il 23 gennaio 2019 nella Parrocchia San Gerardo Maiella a Panama. Ha studiato teologia presso l\u2019Universit\u00e0 Centroamericana Jos\u00e9 Sime\u00f3n Ca\u00f1as (UCA). Nel 2022 ha svolto l\u2019anno pastorale nella parrocchia La Santa Cruz, Nuestra Se\u00f1ora del Perpetuo Socorro di Chacarita, in Costa Rica. Si \u00e8 preparato ai voti perpetui a Goi\u00e2nia, in Brasile, e li ha emessi il 10 marzo 2025 nella Repubblica Dominicana. Il 14 giugno 2025 riceve l&#8217;ordinazione diaconale a L&#8217;Avana, Cuba.<\/p>\n\n\n\n<p>Fonte: Pagine Facebook della Parrocchia Perpetuo Socorro di San Salvador:<\/p>\n\n\n\n<p><a href=\"https:\/\/www.facebook.com\/perpetuosocorro.sansalvador\">https:\/\/www.facebook.com\/perpetuosocorro.sansalvador<\/a><\/p>\n\n\n\n<p>e della Parrocchia San Cristobal, Citt\u00e0 del Guatemala:<\/p>\n\n\n\n<p><a href=\"https:\/\/www.facebook.com\/SanCristobalZ11\">https:\/\/www.facebook.com\/SanCristobalZ11<\/a><\/p>\n","protected":false},"excerpt":{"rendered":"<p>Il 25 aprile, El Salvador e la Provincia Madre del Perpetuo Socorro, provincia redentorista dell&#8217;America Centrale e dei Caraibi, hanno vissuto un momento di grande gioia con l&#8217;ordinazione sacerdotale del diacono Ferm\u00edn Guevara, C.Ss.R.\u00a0e l&#8217;ordinazione diaconale di \u00d3scar Vargas C.Ss.R., conferita per l&#8217;imposizione delle mani di Mons. Jos\u00e9 Luis Escobar Alas, Arcivescovo di San Salvador, [&hellip;]<\/p>\n","protected":false},"author":23,"featured_media":33483,"comment_status":"closed","ping_status":"closed","sticky":false,"template":"","format":"standard","meta":{"_mi_skip_tracking":false},"categories":[13],"tags":[],"_links":{"self":[{"href":"https:\/\/www.cssr.news\/italian\/wp-json\/wp\/v2\/posts\/33482"}],"collection":[{"href":"https:\/\/www.cssr.news\/italian\/wp-json\/wp\/v2\/posts"}],"about":[{"href":"https:\/\/www.cssr.news\/italian\/wp-json\/wp\/v2\/types\/post"}],"author":[{"embeddable":true,"href":"https:\/\/www.cssr.news\/italian\/wp-json\/wp\/v2\/users\/23"}],"replies":[{"embeddable":true,"href":"https:\/\/www.cssr.news\/italian\/wp-json\/wp\/v2\/comments?post=33482"}],"version-history":[{"count":2,"href":"https:\/\/www.cssr.news\/italian\/wp-json\/wp\/v2\/posts\/33482\/revisions"}],"predecessor-version":[{"id":33501,"href":"https:\/\/www.cssr.news\/italian\/wp-json\/wp\/v2\/posts\/33482\/revisions\/33501"}],"wp:featuredmedia":[{"embeddable":true,"href":"https:\/\/www.cssr.news\/italian\/wp-json\/wp\/v2\/media\/33483"}],"wp:attachment":[{"href":"https:\/\/www.cssr.news\/italian\/wp-json\/wp\/v2\/media?parent=33482"}],"wp:term":[{"taxonomy":"category","embeddable":true,"href":"https:\/\/www.cssr.news\/italian\/wp-json\/wp\/v2\/categories?post=33482"},{"taxonomy":"post_tag","embeddable":true,"href":"https:\/\/www.cssr.news\/italian\/wp-json\/wp\/v2\/tags?post=33482"}],"curies":[{"name":"wp","href":"https:\/\/api.w.org\/{rel}","templated":true}]}}