{"id":33518,"date":"2026-05-02T18:44:00","date_gmt":"2026-05-02T16:44:00","guid":{"rendered":"https:\/\/www.cssr.news\/italian\/?p=33518"},"modified":"2026-05-03T18:45:32","modified_gmt":"2026-05-03T16:45:32","slug":"africa-occidentale-un-pellegrinaggio-di-fede-e-devozione-per-il-300-anniversario-di-san-gerardo-majella-in-benin","status":"publish","type":"post","link":"https:\/\/www.cssr.news\/italian\/2026\/05\/africa-occidentale-un-pellegrinaggio-di-fede-e-devozione-per-il-300-anniversario-di-san-gerardo-majella-in-benin\/","title":{"rendered":"Africa occidentale: un pellegrinaggio di fede e devozione per il 300\u00b0 anniversario di San Gerardo Majella in Benin"},"content":{"rendered":"\n<p>In occasione del tricentenario della nascita di San Gerardo Majella, i devoti fedeli riuniti nel gruppo \u00abLa Lega di San Gerardo\u00bb hanno vissuto un intenso momento spirituale nella parrocchia di Nostra Signora del Perpetuo Soccorso a B\u00e9r\u00e9cingou, nella diocesi di Natitingou, in Benin.<\/p>\n\n\n\n<p>Provenienti da Porto-Novo e Cotonou, i pellegrini si sono riuniti da venerd\u00ec 24 aprile a domenica 26 aprile per un pellegrinaggio ricco di preghiere, lodi e comunione fraterna. Inizialmente composto da 54 partecipanti, il gruppo ha visto un notevole aumento, raggiungendo oltre 70 fedeli, a testimonianza dell\u2019entusiasmo suscitato da questo evento spirituale.<\/p>\n\n\n\n<p>Il programma, accuratamente pianificato, ha permesso ai partecipanti di vivere momenti intensi attraverso la recita del rosario, momenti di lode, preghiere di intercessione, celebrazioni eucaristiche e una veglia di preghiera profondamente contemplativa. Questo pellegrinaggio \u00e8 stato anche caratterizzato da un rinnovato impegno dei fedeli a seguire le orme di San Gerardo Majella, nonch\u00e9 da promesse concrete di sostegno alla missione dei Redentoristi.<\/p>\n\n\n\n<figure class=\"wp-block-gallery columns-3 is-cropped\"><ul class=\"blocks-gallery-grid\"><li class=\"blocks-gallery-item\"><figure><a href=\"http:\/\/www.cssr.news\/wp-content\/uploads\/2026\/05\/IMG-20260429-WA0024.jpg.jpeg\"><img src=\"http:\/\/www.cssr.news\/wp-content\/uploads\/2026\/05\/IMG-20260429-WA0024.jpg.jpeg\" alt=\"\" data-id=\"41314\" data-full-url=\"http:\/\/www.cssr.news\/wp-content\/uploads\/2026\/05\/IMG-20260429-WA0024.jpg.jpeg\" data-link=\"https:\/\/www.cssr.news\/?attachment_id=41314\" class=\"wp-image-41314\"\/><\/a><\/figure><\/li><li class=\"blocks-gallery-item\"><figure><a href=\"http:\/\/www.cssr.news\/wp-content\/uploads\/2026\/05\/IMG-20260429-WA0027.jpg.jpeg\"><img src=\"http:\/\/www.cssr.news\/wp-content\/uploads\/2026\/05\/IMG-20260429-WA0027.jpg.jpeg\" alt=\"\" data-id=\"41317\" data-full-url=\"http:\/\/www.cssr.news\/wp-content\/uploads\/2026\/05\/IMG-20260429-WA0027.jpg.jpeg\" data-link=\"https:\/\/www.cssr.news\/?attachment_id=41317\" class=\"wp-image-41317\"\/><\/a><\/figure><\/li><li class=\"blocks-gallery-item\"><figure><a href=\"http:\/\/www.cssr.news\/wp-content\/uploads\/2026\/05\/IMG-20260429-WA0023-1.jpg.jpeg\"><img src=\"http:\/\/www.cssr.news\/wp-content\/uploads\/2026\/05\/IMG-20260429-WA0023-1.jpg.jpeg\" alt=\"\" data-id=\"41311\" data-full-url=\"http:\/\/www.cssr.news\/wp-content\/uploads\/2026\/05\/IMG-20260429-WA0023-1.jpg.jpeg\" data-link=\"https:\/\/www.cssr.news\/?attachment_id=41311\" class=\"wp-image-41311\"\/><\/a><\/figure><\/li><li class=\"blocks-gallery-item\"><figure><a href=\"http:\/\/www.cssr.news\/wp-content\/uploads\/2026\/05\/IMG-20260429-WA0028.jpg.jpeg\"><img src=\"http:\/\/www.cssr.news\/wp-content\/uploads\/2026\/05\/IMG-20260429-WA0028.jpg.jpeg\" alt=\"\" data-id=\"41313\" data-full-url=\"http:\/\/www.cssr.news\/wp-content\/uploads\/2026\/05\/IMG-20260429-WA0028.jpg.jpeg\" data-link=\"https:\/\/www.cssr.news\/?attachment_id=41313\" class=\"wp-image-41313\"\/><\/a><\/figure><\/li><li class=\"blocks-gallery-item\"><figure><a href=\"http:\/\/www.cssr.news\/wp-content\/uploads\/2026\/05\/IMG-20260429-WA0032-1.jpg.jpeg\"><img src=\"http:\/\/www.cssr.news\/wp-content\/uploads\/2026\/05\/IMG-20260429-WA0032-1.jpg.jpeg\" alt=\"\" data-id=\"41315\" data-full-url=\"http:\/\/www.cssr.news\/wp-content\/uploads\/2026\/05\/IMG-20260429-WA0032-1.jpg.jpeg\" data-link=\"https:\/\/www.cssr.news\/?attachment_id=41315\" class=\"wp-image-41315\"\/><\/a><\/figure><\/li><li class=\"blocks-gallery-item\"><figure><a href=\"http:\/\/www.cssr.news\/wp-content\/uploads\/2026\/05\/IMG-20260429-WA0025-1.jpg.jpeg\"><img src=\"http:\/\/www.cssr.news\/wp-content\/uploads\/2026\/05\/IMG-20260429-WA0025-1.jpg.jpeg\" alt=\"\" data-id=\"41312\" data-full-url=\"http:\/\/www.cssr.news\/wp-content\/uploads\/2026\/05\/IMG-20260429-WA0025-1.jpg.jpeg\" data-link=\"https:\/\/www.cssr.news\/?attachment_id=41312\" class=\"wp-image-41312\"\/><\/a><\/figure><\/li><\/ul><\/figure>\n\n\n\n<p>La presenza di quattro suore della Congregazione di San Gerardo, comunemente note come&nbsp;<em>Gerardine<\/em>, ha conferito una dimensione speciale a questo incontro, rafforzando il sostegno spirituale ai pellegrini.<\/p>\n\n\n\n<p>In totale, oltre settanta laici e quattro suore hanno preso parte a questo incontro di fede, in un\u2019atmosfera piena di gioia, fraternit\u00e0 e fervore. Va sottolineato che i parrocchiani non si sono limitati a sentire parlare dell\u2019evento, ma erano essi stessi presenti e hanno partecipato attivamente.<\/p>\n\n\n\n<p>Il pellegrinaggio si \u00e8 rivelato un vero successo. I partecipanti sono ripartiti appagati, testimoniando la ricchezza spirituale di questa esperienza vissuta sulle orme di San Gerardo. I pellegrini sono tornati a casa luned\u00ec 27 aprile alle 8:30 del mattino, in pace e con gratitudine.<\/p>\n\n\n\n<p>Questo pellegrinaggio rimarr\u00e0 senza dubbio un\u2019esperienza spiritualmente significativa per i partecipanti e sar\u00e0 a lungo ricordato negli annali della storia. Rafforzati nella fede e rinnovati nel loro impegno, i pellegrini sono partiti con l\u2019ardente desiderio di camminare fedelmente sulle orme di San Gerardo Majella.<\/p>\n\n\n\n<p>Possa egli intercedere per tutti noi e continuare ad accompagnare ciascuno di noi nel cammino di fede, seguendo Cristo Redentore.<\/p>\n\n\n\n<p>P. Evariste Wend\u00e9-K\u00f4t\u00e9 OUEDRAOGO, C.Ss.R.<\/p>\n","protected":false},"excerpt":{"rendered":"<p>In occasione del tricentenario della nascita di San Gerardo Majella, i devoti fedeli riuniti nel gruppo \u00abLa Lega di San Gerardo\u00bb hanno vissuto un intenso momento spirituale nella parrocchia di Nostra Signora del Perpetuo Soccorso a B\u00e9r\u00e9cingou, nella diocesi di Natitingou, in Benin. Provenienti da Porto-Novo e Cotonou, i pellegrini si sono riuniti da venerd\u00ec [&hellip;]<\/p>\n","protected":false},"author":23,"featured_media":33519,"comment_status":"closed","ping_status":"closed","sticky":false,"template":"","format":"standard","meta":{"_mi_skip_tracking":false},"categories":[50],"tags":[],"_links":{"self":[{"href":"https:\/\/www.cssr.news\/italian\/wp-json\/wp\/v2\/posts\/33518"}],"collection":[{"href":"https:\/\/www.cssr.news\/italian\/wp-json\/wp\/v2\/posts"}],"about":[{"href":"https:\/\/www.cssr.news\/italian\/wp-json\/wp\/v2\/types\/post"}],"author":[{"embeddable":true,"href":"https:\/\/www.cssr.news\/italian\/wp-json\/wp\/v2\/users\/23"}],"replies":[{"embeddable":true,"href":"https:\/\/www.cssr.news\/italian\/wp-json\/wp\/v2\/comments?post=33518"}],"version-history":[{"count":1,"href":"https:\/\/www.cssr.news\/italian\/wp-json\/wp\/v2\/posts\/33518\/revisions"}],"predecessor-version":[{"id":33520,"href":"https:\/\/www.cssr.news\/italian\/wp-json\/wp\/v2\/posts\/33518\/revisions\/33520"}],"wp:featuredmedia":[{"embeddable":true,"href":"https:\/\/www.cssr.news\/italian\/wp-json\/wp\/v2\/media\/33519"}],"wp:attachment":[{"href":"https:\/\/www.cssr.news\/italian\/wp-json\/wp\/v2\/media?parent=33518"}],"wp:term":[{"taxonomy":"category","embeddable":true,"href":"https:\/\/www.cssr.news\/italian\/wp-json\/wp\/v2\/categories?post=33518"},{"taxonomy":"post_tag","embeddable":true,"href":"https:\/\/www.cssr.news\/italian\/wp-json\/wp\/v2\/tags?post=33518"}],"curies":[{"name":"wp","href":"https:\/\/api.w.org\/{rel}","templated":true}]}}