{"id":33521,"date":"2026-05-02T18:46:00","date_gmt":"2026-05-02T16:46:00","guid":{"rendered":"https:\/\/www.cssr.news\/italian\/?p=33521"},"modified":"2026-05-03T18:48:29","modified_gmt":"2026-05-03T16:48:29","slug":"sri-lanka-celebrazione-della-giornata-dei-genitori-dei-redentoristi-nella-regione-di-colombo","status":"publish","type":"post","link":"https:\/\/www.cssr.news\/italian\/2026\/05\/sri-lanka-celebrazione-della-giornata-dei-genitori-dei-redentoristi-nella-regione-di-colombo\/","title":{"rendered":"Sri Lanka: Celebrazione della Giornata dei Genitori dei Redentoristi nella Regione di Colombo"},"content":{"rendered":"\n<p><strong>Fr. Sumeda Fernando condivide un momento indimenticabile della celebrazione della Giornata dei Genitori<\/strong><\/p>\n\n\n\n<p>La Giornata dei Genitori Redentoristi della Regione di Colombo non \u00e8 stata per me semplicemente un programma o un incontro: \u00e8 diventata un\u2019esperienza profondamente personale ed emotiva che mi ha toccato il cuore in modo speciale. Si \u00e8 svolta dal pranzo del 10 aprile fino al pranzo dell\u201911 aprile, riunendo i genitori dei sacerdoti e dei fratelli redentoristi, insieme a sacerdoti, fratelli e collaboratori laici.<\/p>\n\n\n\n<p>L\u2019incontro \u00e8 iniziato con il pranzo, dove tutti si sono riuniti come un\u2019unica famiglia. Fin dall\u2019inizio, nell\u2019atmosfera c\u2019erano calore, gioia e un senso di appartenenza. La sera abbiamo recitato insieme il Rosario. Mentre pregavo in mezzo a tanti genitori, ho sentito una tranquilla emozione dentro di me. Ho ricordato i miei genitori, che non sono pi\u00f9 con me in questo mondo. La loro assenza \u00e8 qualcosa che porto sempre nel cuore.<\/p>\n\n\n\n<figure class=\"wp-block-gallery columns-3 is-cropped\"><ul class=\"blocks-gallery-grid\"><li class=\"blocks-gallery-item\"><figure><a href=\"http:\/\/www.cssr.news\/wp-content\/uploads\/2026\/05\/WhatsApp-Image-2026-05-02-at-10.29.56.jpeg\"><img src=\"http:\/\/www.cssr.news\/wp-content\/uploads\/2026\/05\/WhatsApp-Image-2026-05-02-at-10.29.56-1024x576.jpeg\" alt=\"\" data-id=\"41321\" data-full-url=\"http:\/\/www.cssr.news\/wp-content\/uploads\/2026\/05\/WhatsApp-Image-2026-05-02-at-10.29.56.jpeg\" data-link=\"https:\/\/www.cssr.news\/?attachment_id=41321\" class=\"wp-image-41321\"\/><\/a><\/figure><\/li><li class=\"blocks-gallery-item\"><figure><a href=\"http:\/\/www.cssr.news\/wp-content\/uploads\/2026\/05\/WhatsApp-Image-2026-05-02-at-10.29.55-1.jpeg\"><img src=\"http:\/\/www.cssr.news\/wp-content\/uploads\/2026\/05\/WhatsApp-Image-2026-05-02-at-10.29.55-1-1024x576.jpeg\" alt=\"\" data-id=\"41322\" data-full-url=\"http:\/\/www.cssr.news\/wp-content\/uploads\/2026\/05\/WhatsApp-Image-2026-05-02-at-10.29.55-1.jpeg\" data-link=\"https:\/\/www.cssr.news\/?attachment_id=41322\" class=\"wp-image-41322\"\/><\/a><\/figure><\/li><li class=\"blocks-gallery-item\"><figure><a href=\"http:\/\/www.cssr.news\/wp-content\/uploads\/2026\/05\/WhatsApp-Image-2026-05-02-at-10.29.55.jpeg\"><img src=\"http:\/\/www.cssr.news\/wp-content\/uploads\/2026\/05\/WhatsApp-Image-2026-05-02-at-10.29.55-1024x682.jpeg\" alt=\"\" data-id=\"41323\" data-full-url=\"http:\/\/www.cssr.news\/wp-content\/uploads\/2026\/05\/WhatsApp-Image-2026-05-02-at-10.29.55.jpeg\" data-link=\"https:\/\/www.cssr.news\/?attachment_id=41323\" class=\"wp-image-41323\"\/><\/a><\/figure><\/li><\/ul><\/figure>\n\n\n\n<p>Dopo la preghiera, la serata si \u00e8 trasformata in un momento gioioso fatto di giochi, risate e convivialit\u00e0. Vedere i genitori sorridere, i sacerdoti e i fratelli giocare liberamente e tutti godersi la reciproca compagnia \u00e8 stato bellissimo. I fuochi d&#8217;artificio hanno illuminato il cielo, e canti e balli hanno riempito la notte di felicit\u00e0. Eppure, in mezzo a tutta quella gioia, ho sentito qualcosa di pi\u00f9 profondo: Dio che mi ricordava dolcemente che l&#8217;amore mi circonda ancora.<\/p>\n\n\n\n<p>La mattina seguente, dopo colazione, abbiamo ascoltato la conferenza tenuta dalla Reverenda Sr. Yogarani SCJM. Le sue parole sulla fede, la vocazione e la famiglia sono state ispiratrici e significative. Pi\u00f9 tardi, i rituali dell&#8217;accensione delle candele e della consegna delle piante mi hanno commosso profondamente. Le candele mi hanno ricordato che anche quando i nostri cari se ne sono andati, la loro luce continua a brillare dentro di noi. Le piante mi hanno ricordato che la vita continua a crescere, anche attraverso il dolore e la perdita.<\/p>\n\n\n\n<p>La Santa Messa \u00e8 stato il momento pi\u00f9 toccante di tutti. Stando l\u00ec in preghiera, circondata da cos\u00ec tante madri e padri, ho provato un misto di tristezza e gratitudine. Tristezza, perch\u00e9 mi mancavano i miei genitori. Gratitudine, perch\u00e9 ho capito che non sono sola.<\/p>\n\n\n\n<p>Sebbene entrambi i miei genitori siano venuti a mancare, durante questo incontro ho sentito davvero di avere ancora una famiglia. Ho visto madri che mi sorridevano con gentilezza, padri che mi parlavano con premura, fratelli che mi stavano accanto e sacerdoti che mi guidavano con amore. In quel momento, ho capito che Dio non mi aveva tolto la famiglia: me ne aveva data una pi\u00f9 grande.<\/p>\n\n\n\n<p>Sono grata a padre Pelix, che ha organizzato questo bellissimo evento con tanta cura e dedizione.<\/p>\n\n\n\n<p>Questa Giornata dei Genitori \u00e8 stata pi\u00f9 di un semplice incontro. Per me \u00e8 stata una fonte di guarigione. Mi ha ricordato che anche nella perdita l\u2019amore rimane. Anche nell\u2019assenza, la famiglia pu\u00f2 ancora essere trovata. E anche quando mi mancano i miei genitori, non sono mai veramente solo.<\/p>\n\n\n\n<p>F. Sumeda Fernando<\/p>\n","protected":false},"excerpt":{"rendered":"<p>Fr. Sumeda Fernando condivide un momento indimenticabile della celebrazione della Giornata dei Genitori La Giornata dei Genitori Redentoristi della Regione di Colombo non \u00e8 stata per me semplicemente un programma o un incontro: \u00e8 diventata un\u2019esperienza profondamente personale ed emotiva che mi ha toccato il cuore in modo speciale. Si \u00e8 svolta dal pranzo del [&hellip;]<\/p>\n","protected":false},"author":23,"featured_media":33522,"comment_status":"closed","ping_status":"closed","sticky":false,"template":"","format":"standard","meta":{"_mi_skip_tracking":false},"categories":[32],"tags":[],"_links":{"self":[{"href":"https:\/\/www.cssr.news\/italian\/wp-json\/wp\/v2\/posts\/33521"}],"collection":[{"href":"https:\/\/www.cssr.news\/italian\/wp-json\/wp\/v2\/posts"}],"about":[{"href":"https:\/\/www.cssr.news\/italian\/wp-json\/wp\/v2\/types\/post"}],"author":[{"embeddable":true,"href":"https:\/\/www.cssr.news\/italian\/wp-json\/wp\/v2\/users\/23"}],"replies":[{"embeddable":true,"href":"https:\/\/www.cssr.news\/italian\/wp-json\/wp\/v2\/comments?post=33521"}],"version-history":[{"count":1,"href":"https:\/\/www.cssr.news\/italian\/wp-json\/wp\/v2\/posts\/33521\/revisions"}],"predecessor-version":[{"id":33523,"href":"https:\/\/www.cssr.news\/italian\/wp-json\/wp\/v2\/posts\/33521\/revisions\/33523"}],"wp:featuredmedia":[{"embeddable":true,"href":"https:\/\/www.cssr.news\/italian\/wp-json\/wp\/v2\/media\/33522"}],"wp:attachment":[{"href":"https:\/\/www.cssr.news\/italian\/wp-json\/wp\/v2\/media?parent=33521"}],"wp:term":[{"taxonomy":"category","embeddable":true,"href":"https:\/\/www.cssr.news\/italian\/wp-json\/wp\/v2\/categories?post=33521"},{"taxonomy":"post_tag","embeddable":true,"href":"https:\/\/www.cssr.news\/italian\/wp-json\/wp\/v2\/tags?post=33521"}],"curies":[{"name":"wp","href":"https:\/\/api.w.org\/{rel}","templated":true}]}}