{"id":33604,"date":"2026-05-08T11:53:23","date_gmt":"2026-05-08T09:53:23","guid":{"rendered":"https:\/\/www.cssr.news\/italian\/?p=33604"},"modified":"2026-05-08T11:54:25","modified_gmt":"2026-05-08T09:54:25","slug":"il-governo-generale-in-visita-fraterna-in-giappone","status":"publish","type":"post","link":"https:\/\/www.cssr.news\/italian\/2026\/05\/il-governo-generale-in-visita-fraterna-in-giappone\/","title":{"rendered":"Il Governo generale in visita fraterna in Giappone"},"content":{"rendered":"\n<h4><em>P. Rog\u00e9rio Gomes e p. Paul Vinh incontrano i confratelli della Viceprovincia del Giappone<\/em><\/h4>\n\n\n\n<p>Dal 21 aprile al 6 maggio 2026, p. Paul Vinh, Consultore Generale per l&#8217;Asia-Oceania, p. Yoakim Rambaho Ndelo, Coordinatore della Conferenza Asia-Oceania, e p. Takeshi Inoue, Superiore Provinciale della Viceprovincia del Giappone, hanno effettuato visite fraterne alle comunit\u00e0 redentoriste di Kagoshima, Nagasaki, Suita (Osaka), Maizuru (Kyoto), Suwa (Nagano) e alla sede centrale di Yoyogi, nel quartiere Shibuya-ku di Tokyo.<\/p>\n\n\n\n<p>Il Superiore Generale p. Rog\u00e9rio Gomes \u00e8 giunto all&#8217;aeroporto di Haneda il 3 maggio, concludendo la visita con due giornate di incontro con i confratelli provenienti da tutto il Giappone, il 5 e il 6 maggio. La sua presenza ha rappresentato un momento storico per la Viceprovincia: ben tredici anni erano passati dall&#8217;ultima visita di un Superiore Generale, quella dell&#8217;allora p. Michael Brehl nel 2013. Il messaggio fraterno e compassionevole di p. Rog\u00e9rio ha profondamente ispirato i membri della Viceprovincia.<\/p>\n\n\n\n<figure class=\"wp-block-gallery columns-3 is-cropped\"><ul class=\"blocks-gallery-grid\"><li class=\"blocks-gallery-item\"><figure><a href=\"http:\/\/www.cssr.news\/wp-content\/uploads\/2026\/05\/IMG_2028.jpeg\"><img src=\"http:\/\/www.cssr.news\/wp-content\/uploads\/2026\/05\/IMG_2028.jpeg\" alt=\"\" data-id=\"41451\" data-full-url=\"http:\/\/www.cssr.news\/wp-content\/uploads\/2026\/05\/IMG_2028.jpeg\" data-link=\"https:\/\/www.cssr.news\/?attachment_id=41451\" class=\"wp-image-41451\"\/><\/a><\/figure><\/li><li class=\"blocks-gallery-item\"><figure><a href=\"http:\/\/www.cssr.news\/wp-content\/uploads\/2026\/05\/IMG_1615.jpeg\"><img src=\"http:\/\/www.cssr.news\/wp-content\/uploads\/2026\/05\/IMG_1615.jpeg\" alt=\"\" data-id=\"41450\" data-full-url=\"http:\/\/www.cssr.news\/wp-content\/uploads\/2026\/05\/IMG_1615.jpeg\" data-link=\"https:\/\/www.cssr.news\/?attachment_id=41450\" class=\"wp-image-41450\"\/><\/a><\/figure><\/li><li class=\"blocks-gallery-item\"><figure><a href=\"http:\/\/www.cssr.news\/wp-content\/uploads\/2026\/05\/IMG_1477.jpeg\"><img src=\"http:\/\/www.cssr.news\/wp-content\/uploads\/2026\/05\/IMG_1477.jpeg\" alt=\"\" data-id=\"41448\" data-full-url=\"http:\/\/www.cssr.news\/wp-content\/uploads\/2026\/05\/IMG_1477.jpeg\" data-link=\"https:\/\/www.cssr.news\/?attachment_id=41448\" class=\"wp-image-41448\"\/><\/a><\/figure><\/li><li class=\"blocks-gallery-item\"><figure><a href=\"http:\/\/www.cssr.news\/wp-content\/uploads\/2026\/05\/IMG_1409.jpeg\"><img src=\"http:\/\/www.cssr.news\/wp-content\/uploads\/2026\/05\/IMG_1409.jpeg\" alt=\"\" data-id=\"41447\" data-full-url=\"http:\/\/www.cssr.news\/wp-content\/uploads\/2026\/05\/IMG_1409.jpeg\" data-link=\"https:\/\/www.cssr.news\/?attachment_id=41447\" class=\"wp-image-41447\"\/><\/a><\/figure><\/li><li class=\"blocks-gallery-item\"><figure><a href=\"http:\/\/www.cssr.news\/wp-content\/uploads\/2026\/05\/IMG_1324.jpeg\"><img src=\"http:\/\/www.cssr.news\/wp-content\/uploads\/2026\/05\/IMG_1324.jpeg\" alt=\"\" data-id=\"41446\" data-full-url=\"http:\/\/www.cssr.news\/wp-content\/uploads\/2026\/05\/IMG_1324.jpeg\" data-link=\"https:\/\/www.cssr.news\/?attachment_id=41446\" class=\"wp-image-41446\"\/><\/a><\/figure><\/li><li class=\"blocks-gallery-item\"><figure><a href=\"http:\/\/www.cssr.news\/wp-content\/uploads\/2026\/05\/IMG_0989.jpeg\"><img src=\"http:\/\/www.cssr.news\/wp-content\/uploads\/2026\/05\/IMG_0989.jpeg\" alt=\"\" data-id=\"41445\" data-full-url=\"http:\/\/www.cssr.news\/wp-content\/uploads\/2026\/05\/IMG_0989.jpeg\" data-link=\"https:\/\/www.cssr.news\/?attachment_id=41445\" class=\"wp-image-41445\"\/><\/a><\/figure><\/li><\/ul><\/figure>\n\n\n\n<p>Durante la visita, i missionari che prestano servizio in diverse regioni, cos\u00ec come i confratelli che celebravano il 25\u00b0, 30\u00b0 e 40\u00b0 giubileo di ordinazione, hanno ricevuto ciascuno la Benedizione Apostolica dal Santo Padre. Un momento speciale della visita \u00e8 stata la Messa celebrata a Tokyo in commemorazione del 300\u00b0 anniversario della nascita di San Gerardo. La gioiosa celebrazione, intrisa di spirito di ringraziamento e di fraternit\u00e0, \u00e8 proseguita con un ricevimento festivo durante il quale P. Rog\u00e9rio ha interagito calorosamente con i partecipanti.<\/p>\n\n\n\n<p>A rendere ancora pi\u00f9 gioiosa l\u2019atmosfera c\u2019erano due sacerdoti indonesiani di recente ordinazione, ordinati nel novembre dell\u2019anno precedente, che si sono recati a Tokyo per partecipare alla celebrazione. La loro presenza ha ulteriormente rafforzato lo spirito di fraternit\u00e0 internazionale all\u2019interno della Congregazione.<\/p>\n\n\n\n<figure class=\"wp-block-gallery columns-3 is-cropped\"><ul class=\"blocks-gallery-grid\"><li class=\"blocks-gallery-item\"><figure><a href=\"http:\/\/www.cssr.news\/wp-content\/uploads\/2026\/05\/IMG_2244.jpeg\"><img src=\"http:\/\/www.cssr.news\/wp-content\/uploads\/2026\/05\/IMG_2244.jpeg\" alt=\"\" data-id=\"41452\" data-full-url=\"http:\/\/www.cssr.news\/wp-content\/uploads\/2026\/05\/IMG_2244.jpeg\" data-link=\"https:\/\/www.cssr.news\/?attachment_id=41452\" class=\"wp-image-41452\"\/><\/a><\/figure><\/li><li class=\"blocks-gallery-item\"><figure><a href=\"http:\/\/www.cssr.news\/wp-content\/uploads\/2026\/05\/IMG_1509.jpeg\"><img src=\"http:\/\/www.cssr.news\/wp-content\/uploads\/2026\/05\/IMG_1509.jpeg\" alt=\"\" data-id=\"41449\" data-full-url=\"http:\/\/www.cssr.news\/wp-content\/uploads\/2026\/05\/IMG_1509.jpeg\" data-link=\"https:\/\/www.cssr.news\/?attachment_id=41449\" class=\"wp-image-41449\"\/><\/a><\/figure><\/li><li class=\"blocks-gallery-item\"><figure><a href=\"http:\/\/www.cssr.news\/wp-content\/uploads\/2026\/05\/IMG_0675.jpeg\"><img src=\"http:\/\/www.cssr.news\/wp-content\/uploads\/2026\/05\/IMG_0675.jpeg\" alt=\"\" data-id=\"41444\" data-full-url=\"http:\/\/www.cssr.news\/wp-content\/uploads\/2026\/05\/IMG_0675.jpeg\" data-link=\"https:\/\/www.cssr.news\/?attachment_id=41444\" class=\"wp-image-41444\"\/><\/a><\/figure><\/li><li class=\"blocks-gallery-item\"><figure><a href=\"http:\/\/www.cssr.news\/wp-content\/uploads\/2026\/05\/IMG_2272.jpeg\"><img src=\"http:\/\/www.cssr.news\/wp-content\/uploads\/2026\/05\/IMG_2272.jpeg\" alt=\"\" data-id=\"41453\" data-full-url=\"http:\/\/www.cssr.news\/wp-content\/uploads\/2026\/05\/IMG_2272.jpeg\" data-link=\"https:\/\/www.cssr.news\/?attachment_id=41453\" class=\"wp-image-41453\"\/><\/a><\/figure><\/li><li class=\"blocks-gallery-item\"><figure><a href=\"http:\/\/www.cssr.news\/wp-content\/uploads\/2026\/05\/IMG_0439.jpeg\"><img src=\"http:\/\/www.cssr.news\/wp-content\/uploads\/2026\/05\/IMG_0439.jpeg\" alt=\"\" data-id=\"41443\" data-full-url=\"http:\/\/www.cssr.news\/wp-content\/uploads\/2026\/05\/IMG_0439.jpeg\" data-link=\"https:\/\/www.cssr.news\/?attachment_id=41443\" class=\"wp-image-41443\"\/><\/a><\/figure><\/li><li class=\"blocks-gallery-item\"><figure><a href=\"http:\/\/www.cssr.news\/wp-content\/uploads\/2026\/05\/IMG_0294.jpeg\"><img src=\"http:\/\/www.cssr.news\/wp-content\/uploads\/2026\/05\/IMG_0294.jpeg\" alt=\"\" data-id=\"41442\" data-full-url=\"http:\/\/www.cssr.news\/wp-content\/uploads\/2026\/05\/IMG_0294.jpeg\" data-link=\"https:\/\/www.cssr.news\/?attachment_id=41442\" class=\"wp-image-41442\"\/><\/a><\/figure><\/li><\/ul><\/figure>\n\n\n\n<p>La Viceprovincia ha condiviso anche notizie incoraggianti riguardo alle vocazioni. Per la prima volta in dieci anni, un postulante ha iniziato la formazione in seminario lo scorso aprile, portando una rinnovata speranza per il futuro della vita religiosa in Giappone. Inoltre, all\u2019incontro ha partecipato anche un aspirante fratello giapponese attualmente in fase di orientamento. Insieme, i confratelli hanno vissuto le benedizioni e la gioia di celebrare il 300\u00b0 anniversario della nascita di San Gerardo, guardando con speranza alla futura missione della Chiesa in Giappone.<\/p>\n\n\n\n<p><strong>P. Takeshi Inoue, CSsR.<\/strong><\/p>\n","protected":false},"excerpt":{"rendered":"<p>P. Rog\u00e9rio Gomes e p. Paul Vinh incontrano i confratelli della Viceprovincia del Giappone Dal 21 aprile al 6 maggio 2026, p. Paul Vinh, Consultore Generale per l&#8217;Asia-Oceania, p. Yoakim Rambaho Ndelo, Coordinatore della Conferenza Asia-Oceania, e p. Takeshi Inoue, Superiore Provinciale della Viceprovincia del Giappone, hanno effettuato visite fraterne alle comunit\u00e0 redentoriste di Kagoshima, [&hellip;]<\/p>\n","protected":false},"author":23,"featured_media":33606,"comment_status":"closed","ping_status":"closed","sticky":false,"template":"","format":"standard","meta":{"_mi_skip_tracking":false},"categories":[11],"tags":[],"_links":{"self":[{"href":"https:\/\/www.cssr.news\/italian\/wp-json\/wp\/v2\/posts\/33604"}],"collection":[{"href":"https:\/\/www.cssr.news\/italian\/wp-json\/wp\/v2\/posts"}],"about":[{"href":"https:\/\/www.cssr.news\/italian\/wp-json\/wp\/v2\/types\/post"}],"author":[{"embeddable":true,"href":"https:\/\/www.cssr.news\/italian\/wp-json\/wp\/v2\/users\/23"}],"replies":[{"embeddable":true,"href":"https:\/\/www.cssr.news\/italian\/wp-json\/wp\/v2\/comments?post=33604"}],"version-history":[{"count":4,"href":"https:\/\/www.cssr.news\/italian\/wp-json\/wp\/v2\/posts\/33604\/revisions"}],"predecessor-version":[{"id":33609,"href":"https:\/\/www.cssr.news\/italian\/wp-json\/wp\/v2\/posts\/33604\/revisions\/33609"}],"wp:featuredmedia":[{"embeddable":true,"href":"https:\/\/www.cssr.news\/italian\/wp-json\/wp\/v2\/media\/33606"}],"wp:attachment":[{"href":"https:\/\/www.cssr.news\/italian\/wp-json\/wp\/v2\/media?parent=33604"}],"wp:term":[{"taxonomy":"category","embeddable":true,"href":"https:\/\/www.cssr.news\/italian\/wp-json\/wp\/v2\/categories?post=33604"},{"taxonomy":"post_tag","embeddable":true,"href":"https:\/\/www.cssr.news\/italian\/wp-json\/wp\/v2\/tags?post=33604"}],"curies":[{"name":"wp","href":"https:\/\/api.w.org\/{rel}","templated":true}]}}