{"id":34291,"date":"2026-06-25T17:40:32","date_gmt":"2026-06-25T15:40:32","guid":{"rendered":"https:\/\/www.cssr.news\/italian\/?p=34291"},"modified":"2026-06-25T17:52:45","modified_gmt":"2026-06-25T15:52:45","slug":"congresso-apostolico-a-vilnius-una-celebrazione-della-grazia-e-della-misericordia","status":"publish","type":"post","link":"https:\/\/www.cssr.news\/italian\/2026\/06\/congresso-apostolico-a-vilnius-una-celebrazione-della-grazia-e-della-misericordia\/","title":{"rendered":"Congresso Apostolico a Vilnius \u2013 Una celebrazione della grazia e della misericordia"},"content":{"rendered":"\n<p><strong><em>Dalla conduzione delle celebrazioni all\u2019ascolto delle confessioni, i Redentoristi hanno portato il loro carisma di misericordia nel cuore del congresso.<\/em><\/strong><\/p>\n\n\n\n<p><strong>Dal 7 al 12 giugno si \u00e8 tenuto a Vilnius il Sesto Congresso Apostolico Mondiale della Divina Misericordia, dal titolo \u00abStiamo costruendo una citt\u00e0 della misericordia\u00bb. Il tema si riferisce non solo all\u2019attivit\u00e0 e all\u2019impegno della Chiesa locale, ma anche alla stessa Vilnius, con la sua icona della Madre della Misericordia, l\u2019immagine di Ges\u00f9 Misericordioso e la sua storia drammatica (guerre, Olocausto).<\/strong><\/p>\n\n\n\n<p>L\u2019evento \u00e8 stato organizzato dal Vaticano e dalla Chiesa locale dell\u2019Arcidiocesi di Vilnius. Si \u00e8 svolto nei giorni in cui Papa Leone XIV era in visita apostolica in Spagna. I Redentoristi che operano a Kaunas e padre Michal Zamkovsk\u00fd della Provincia di Bratislava-Praga hanno partecipato attivamente al congresso. Su richiesta dell\u2019arcivescovo di Vilnius, i Redentoristi che svolgono il loro ministero in Lituania sono stati attivamente coinvolti nella preparazione e nel coordinamento di diversi eventi. Ad alcune parti del programma hanno partecipato anche p. Franti\u0161ek Boldy C.Ss.R. e p. Jozef Nov\u00e1k C.Ss.R., che svolgono il loro ministero a Fr\u00fddek, nella Repubblica Ceca.<\/p>\n\n\n\n<figure class=\"wp-block-gallery columns-3 is-cropped\"><ul class=\"blocks-gallery-grid\"><li class=\"blocks-gallery-item\"><figure><a href=\"http:\/\/www.cssr.news\/wp-content\/uploads\/2026\/06\/image00059_scaled.jpg\"><img src=\"http:\/\/www.cssr.news\/wp-content\/uploads\/2026\/06\/image00059_scaled-1024x682.jpg\" alt=\"\" data-id=\"42493\" data-full-url=\"http:\/\/www.cssr.news\/wp-content\/uploads\/2026\/06\/image00059_scaled.jpg\" data-link=\"https:\/\/www.cssr.news\/?attachment_id=42493\" class=\"wp-image-42493\"\/><\/a><\/figure><\/li><li class=\"blocks-gallery-item\"><figure><a href=\"http:\/\/www.cssr.news\/wp-content\/uploads\/2026\/06\/image00035_scaled.jpg\"><img src=\"http:\/\/www.cssr.news\/wp-content\/uploads\/2026\/06\/image00035_scaled-1024x768.jpg\" alt=\"\" data-id=\"42481\" data-full-url=\"http:\/\/www.cssr.news\/wp-content\/uploads\/2026\/06\/image00035_scaled.jpg\" data-link=\"https:\/\/www.cssr.news\/?attachment_id=42481\" class=\"wp-image-42481\"\/><\/a><\/figure><\/li><li class=\"blocks-gallery-item\"><figure><a href=\"http:\/\/www.cssr.news\/wp-content\/uploads\/2026\/06\/image00021_scaled.jpg\"><img src=\"http:\/\/www.cssr.news\/wp-content\/uploads\/2026\/06\/image00021_scaled-1024x682.jpg\" alt=\"\" data-id=\"42478\" data-full-url=\"http:\/\/www.cssr.news\/wp-content\/uploads\/2026\/06\/image00021_scaled.jpg\" data-link=\"https:\/\/www.cssr.news\/?attachment_id=42478\" class=\"wp-image-42478\"\/><\/a><\/figure><\/li><li class=\"blocks-gallery-item\"><figure><a href=\"http:\/\/www.cssr.news\/wp-content\/uploads\/2026\/06\/image00018_scaled.jpg\"><img src=\"http:\/\/www.cssr.news\/wp-content\/uploads\/2026\/06\/image00018_scaled-1024x681.jpg\" alt=\"\" data-id=\"42477\" data-full-url=\"http:\/\/www.cssr.news\/wp-content\/uploads\/2026\/06\/image00018_scaled.jpg\" data-link=\"https:\/\/www.cssr.news\/?attachment_id=42477\" class=\"wp-image-42477\"\/><\/a><\/figure><\/li><li class=\"blocks-gallery-item\"><figure><a href=\"http:\/\/www.cssr.news\/wp-content\/uploads\/2026\/06\/image00036_scaled.jpg\"><img src=\"http:\/\/www.cssr.news\/wp-content\/uploads\/2026\/06\/image00036_scaled-682x1024.jpg\" alt=\"\" data-id=\"42482\" data-full-url=\"http:\/\/www.cssr.news\/wp-content\/uploads\/2026\/06\/image00036_scaled.jpg\" data-link=\"https:\/\/www.cssr.news\/?attachment_id=42482\" class=\"wp-image-42482\"\/><\/a><\/figure><\/li><li class=\"blocks-gallery-item\"><figure><a href=\"http:\/\/www.cssr.news\/wp-content\/uploads\/2026\/06\/image00016_scaled.jpg\"><img src=\"http:\/\/www.cssr.news\/wp-content\/uploads\/2026\/06\/image00016_scaled-1024x683.jpg\" alt=\"\" data-id=\"42476\" data-full-url=\"http:\/\/www.cssr.news\/wp-content\/uploads\/2026\/06\/image00016_scaled.jpg\" data-link=\"https:\/\/www.cssr.news\/?attachment_id=42476\" class=\"wp-image-42476\"\/><\/a><\/figure><\/li><\/ul><\/figure>\n\n\n\n<p>La parte principale del congresso si \u00e8 svolta sulla Collina del Redentore (Salvatore), in un\u2019ampia area situata a poche decine di metri dalla cappella dove il pittore Eugeniusz Kazimirowski, sotto la guida di Santa Faustina, dipinse l\u2019immagine di Ges\u00f9 Misericordioso. I Redentoristi hanno avuto la grazia di pregare in questa cappella, nonch\u00e9 nel Santuario della Divina Misericordia, dove l\u2019immagine \u00e8 esposta per la venerazione e la preghiera continue.<\/p>\n\n\n\n<p>All\u2019apertura del congresso, i partecipanti hanno assistito alla proiezione di un video con il caloroso saluto e la benedizione del Papa per l\u2019incontro. Oltre all\u2019arcivescovo locale Gintaras Gru\u0161as, all\u2019evento hanno partecipato anche il pro-prefetto del Dicastero per la Nuova Evangelizzazione, l\u2019arcivescovo Rino Fisichella, e diversi vescovi provenienti dalla Lituania e da altri paesi.<\/p>\n\n\n\n<figure class=\"wp-block-gallery columns-3 is-cropped\"><ul class=\"blocks-gallery-grid\"><li class=\"blocks-gallery-item\"><figure><a href=\"http:\/\/www.cssr.news\/wp-content\/uploads\/2026\/06\/image00054_scaled.jpg\"><img src=\"http:\/\/www.cssr.news\/wp-content\/uploads\/2026\/06\/image00054_scaled-1024x682.jpg\" alt=\"\" data-id=\"42490\" data-full-url=\"http:\/\/www.cssr.news\/wp-content\/uploads\/2026\/06\/image00054_scaled.jpg\" data-link=\"https:\/\/www.cssr.news\/?attachment_id=42490\" class=\"wp-image-42490\"\/><\/a><\/figure><\/li><li class=\"blocks-gallery-item\"><figure><a href=\"http:\/\/www.cssr.news\/wp-content\/uploads\/2026\/06\/image00057_scaled.jpg\"><img src=\"http:\/\/www.cssr.news\/wp-content\/uploads\/2026\/06\/image00057_scaled-1024x683.jpg\" alt=\"\" data-id=\"42492\" data-full-url=\"http:\/\/www.cssr.news\/wp-content\/uploads\/2026\/06\/image00057_scaled.jpg\" data-link=\"https:\/\/www.cssr.news\/?attachment_id=42492\" class=\"wp-image-42492\"\/><\/a><\/figure><\/li><li class=\"blocks-gallery-item\"><figure><a href=\"http:\/\/www.cssr.news\/wp-content\/uploads\/2026\/06\/image00049_scaled.jpg\"><img src=\"http:\/\/www.cssr.news\/wp-content\/uploads\/2026\/06\/image00049_scaled-1024x681.jpg\" alt=\"\" data-id=\"42489\" data-full-url=\"http:\/\/www.cssr.news\/wp-content\/uploads\/2026\/06\/image00049_scaled.jpg\" data-link=\"https:\/\/www.cssr.news\/?attachment_id=42489\" class=\"wp-image-42489\"\/><\/a><\/figure><\/li><li class=\"blocks-gallery-item\"><figure><a href=\"http:\/\/www.cssr.news\/wp-content\/uploads\/2026\/06\/image00045_scaled.jpg\"><img src=\"http:\/\/www.cssr.news\/wp-content\/uploads\/2026\/06\/image00045_scaled-1024x681.jpg\" alt=\"\" data-id=\"42488\" data-full-url=\"http:\/\/www.cssr.news\/wp-content\/uploads\/2026\/06\/image00045_scaled.jpg\" data-link=\"https:\/\/www.cssr.news\/?attachment_id=42488\" class=\"wp-image-42488\"\/><\/a><\/figure><\/li><li class=\"blocks-gallery-item\"><figure><a href=\"http:\/\/www.cssr.news\/wp-content\/uploads\/2026\/06\/image00044_scaled.jpg\"><img src=\"http:\/\/www.cssr.news\/wp-content\/uploads\/2026\/06\/image00044_scaled-1024x681.jpg\" alt=\"\" data-id=\"42487\" data-full-url=\"http:\/\/www.cssr.news\/wp-content\/uploads\/2026\/06\/image00044_scaled.jpg\" data-link=\"https:\/\/www.cssr.news\/?attachment_id=42487\" class=\"wp-image-42487\"\/><\/a><\/figure><\/li><li class=\"blocks-gallery-item\"><figure><a href=\"http:\/\/www.cssr.news\/wp-content\/uploads\/2026\/06\/image00037_scaled.jpg\"><img src=\"http:\/\/www.cssr.news\/wp-content\/uploads\/2026\/06\/image00037_scaled-1024x682.jpg\" alt=\"\" data-id=\"42483\" data-full-url=\"http:\/\/www.cssr.news\/wp-content\/uploads\/2026\/06\/image00037_scaled.jpg\" data-link=\"https:\/\/www.cssr.news\/?attachment_id=42483\" class=\"wp-image-42483\"\/><\/a><\/figure><\/li><\/ul><\/figure>\n\n\n\n<p>Tra i principali relatori figurava l\u2019arcivescovo di Cracovia, il cardinale Grzegorz Ry\u015b, che \u00e8 stato il primo a rivolgersi ai partecipanti. Nella sua conferenza ha ricordato diversi episodi della storia della Chiesa in cui santi e pastori della Chiesa hanno manifestato la misericordia e la compassione di Dio verso i poveri e i sofferenti, distribuendo beni materiali e risorse finanziarie ai bisognosi, costruendo ospedali, orfanotrofi e altre istituzioni. Ha inoltre menzionato apertamente le dichiarazioni e gli atteggiamenti di alcuni santi e guide della Chiesa che, in determinate situazioni storiche, hanno agito senza misericordia: \u00abLa Chiesa ha mostrato molte volte il volto misericordioso di Dio, ma purtroppo \u00e8 anche accaduto che alcuni dei suoi membri abbiano agito \u201csenza misericordia\u201d\u00bb.<\/p>\n\n\n\n<p>La celebrazione eucaristica in occasione della memoria di san Barnaba \u00e8 stata presieduta dal Nunzio Apostolico negli Stati baltici, l\u2019arcivescovo Georg G\u00e4nswein. Nella sua omelia ha parlato della misericordia come fede, missione e generosit\u00e0. Alla luce della vita di san Barnaba, ha ricordato ai partecipanti che \u00abnon sono sempre i pi\u00f9 in vista e i pi\u00f9 visibili a cambiare la storia del mondo\u00bb. Ha messo in risalto Barnaba, il \u00abFiglio dell\u2019incoraggiamento\u00bb, come colui che \u00abopera dietro le quinte e crea spazio per la crescita degli altri, come san Paolo e l\u2019evangelista Marco. Barnaba era in grado di vedere i semi e i germogli dell\u2019azione di Dio e ne sosteneva la crescita\u00bb. Ha inoltre citato san Giovanni Crisostomo, il quale affermava che \u00abassomigliamo di pi\u00f9 a Dio quando siamo pronti a sollevare le persone, ad aiutarle a rialzarsi e a crescere\u00bb.<\/p>\n\n\n\n<p>Un altro relatore \u00e8 stato il sacerdote di fama internazionale padre James Mallon, ideatore del programma \u00abDivine Renovation\u00bb, che ha parlato del rinnovamento delle parrocchie e dell\u2019intera Chiesa. Questo rinnovamento nasce quando non siamo indifferenti, quando la compassione di Dio per i perduti penetra nei nostri cuori e ci spinge a cercare coloro che sono lontani. La stessa domanda \u00e8 stata ripetuta pi\u00f9 volte nella sua conferenza: \u00abGuarda nel tuo cuore. Quando vedete chi si \u00e8 smarrito, provate dolore nel cuore, o in realt\u00e0 non vi importa nulla?\u00bb<\/p>\n\n\n\n<p>Il fondatore del Corso Alpha, Nicky Gumbel, ha parlato in modo commovente della visione di Ges\u00f9 come principio di rinnovamento e di servizio. Nel suo intervento ha sottolineato che \u00abGes\u00f9 ha attirato la Sua Chiesa, gli apostoli e ciascuno di noi nella Sua visione, nella Sua preghiera, nella Sua compassione per le persone e nel Suo ministero\u00bb.<\/p>\n\n\n\n<p>Tetiana Stawnychy, presidente della Caritas Ucraina, ha parlato del mistero dell\u2019incontro: quando ci doniamo gli uni agli altri in solidariet\u00e0, rinnoviamo la nostra umanit\u00e0, l\u2019immagine di Dio in noi e la communio che \u00e8 stata distrutta dalla guerra.<\/p>\n\n\n\n<p>A conclusione del congresso, nella solennit\u00e0 del Sacro Cuore di Ges\u00f9, l\u2019Eucaristia \u00e8 stata presieduta dall\u2019arcivescovo Rino Fisichella, pro-prefetto del Dicastero per la Nuova Evangelizzazione. Nella sua omelia, ha sottolineato la somiglianza tra le visioni ricevute da Giuliana di Norwich nel 1373 e quelle ricevute da santa Faustina. A entrambe le giovani mistiche, Dio ha rivelato e ricordato la Sua immensa e infinita bont\u00e0 e tenerezza verso ogni essere umano. L\u2019arcivescovo Fisichella ha ricordato ai partecipanti che la fragilit\u00e0 e i limiti umani sono caratteristici della nostra natura umana terrena: \u00abSolo la nostra esperienza personale della misericordia, della compassione e della bont\u00e0 di Dio verso di noi \u00e8 la fonte della misericordia verso gli altri\u00bb. L\u2019arcivescovo ha ricordato che \u00abil cristianesimo non si fonda sull\u2019amore dell\u2019uomo per Dio, ma innanzitutto sull\u2019amore di Dio per l\u2019uomo\u00bb. Ha ammonito che \u00abquando i credenti non tengono conto della fragilit\u00e0 della natura umana, cominciano a manifestarsi tendenze al fondamentalismo, al formalismo e al rigorismo\u00bb. Ha citato le parole di Ges\u00f9 rivolte a Faustina nel 1937: \u00abOggi il mio cuore ha trovato riposo in questo convento. Parla al mondo della mia misericordia e del mio amore. Le fiamme della misericordia ardono dentro di Me. Desidero riversarle sulle anime umane\u00bb.<\/p>\n\n\n\n<figure class=\"wp-block-gallery columns-3 is-cropped\"><ul class=\"blocks-gallery-grid\"><li class=\"blocks-gallery-item\"><figure><a href=\"http:\/\/www.cssr.news\/wp-content\/uploads\/2026\/06\/image00027_scaled.jpg\"><img src=\"http:\/\/www.cssr.news\/wp-content\/uploads\/2026\/06\/image00027_scaled-1024x682.jpg\" alt=\"\" data-id=\"42480\" data-full-url=\"http:\/\/www.cssr.news\/wp-content\/uploads\/2026\/06\/image00027_scaled.jpg\" data-link=\"https:\/\/www.cssr.news\/?attachment_id=42480\" class=\"wp-image-42480\"\/><\/a><\/figure><\/li><li class=\"blocks-gallery-item\"><figure><a href=\"http:\/\/www.cssr.news\/wp-content\/uploads\/2026\/06\/image00026_scaled.jpg\"><img src=\"http:\/\/www.cssr.news\/wp-content\/uploads\/2026\/06\/image00026_scaled-1024x682.jpg\" alt=\"\" data-id=\"42479\" data-full-url=\"http:\/\/www.cssr.news\/wp-content\/uploads\/2026\/06\/image00026_scaled.jpg\" data-link=\"https:\/\/www.cssr.news\/?attachment_id=42479\" class=\"wp-image-42479\"\/><\/a><\/figure><\/li><li class=\"blocks-gallery-item\"><figure><a href=\"http:\/\/www.cssr.news\/wp-content\/uploads\/2026\/06\/image00021_scaled.jpg\"><img src=\"http:\/\/www.cssr.news\/wp-content\/uploads\/2026\/06\/image00021_scaled-1024x682.jpg\" alt=\"\" data-id=\"42478\" data-full-url=\"http:\/\/www.cssr.news\/wp-content\/uploads\/2026\/06\/image00021_scaled.jpg\" data-link=\"https:\/\/www.cssr.news\/?attachment_id=42478\" class=\"wp-image-42478\"\/><\/a><\/figure><\/li><li class=\"blocks-gallery-item\"><figure><a href=\"http:\/\/www.cssr.news\/wp-content\/uploads\/2026\/06\/image00008_scaled.jpg\"><img src=\"http:\/\/www.cssr.news\/wp-content\/uploads\/2026\/06\/image00008_scaled-1024x683.jpg\" alt=\"\" data-id=\"42475\" data-full-url=\"http:\/\/www.cssr.news\/wp-content\/uploads\/2026\/06\/image00008_scaled.jpg\" data-link=\"https:\/\/www.cssr.news\/?attachment_id=42475\" class=\"wp-image-42475\"\/><\/a><\/figure><\/li><li class=\"blocks-gallery-item\"><figure><a href=\"http:\/\/www.cssr.news\/wp-content\/uploads\/2026\/06\/image00001_scaled.jpg\"><img src=\"http:\/\/www.cssr.news\/wp-content\/uploads\/2026\/06\/image00001_scaled-1024x768.jpg\" alt=\"\" data-id=\"42473\" data-full-url=\"http:\/\/www.cssr.news\/wp-content\/uploads\/2026\/06\/image00001_scaled.jpg\" data-link=\"https:\/\/www.cssr.news\/?attachment_id=42473\" class=\"wp-image-42473\"\/><\/a><\/figure><\/li><li class=\"blocks-gallery-item\"><figure><a href=\"http:\/\/www.cssr.news\/wp-content\/uploads\/2026\/06\/image00005_scaled.jpg\"><img src=\"http:\/\/www.cssr.news\/wp-content\/uploads\/2026\/06\/image00005_scaled-768x1024.jpg\" alt=\"\" data-id=\"42474\" data-full-url=\"http:\/\/www.cssr.news\/wp-content\/uploads\/2026\/06\/image00005_scaled.jpg\" data-link=\"https:\/\/www.cssr.news\/?attachment_id=42474\" class=\"wp-image-42474\"\/><\/a><\/figure><\/li><\/ul><\/figure>\n\n\n\n<p>Durante il programma principale, che si \u00e8 svolto da luned\u00ec a venerd\u00ec, numerosi relatori sono intervenuti sul palco principale, mentre le preghiere mattutine di lode sono state guidate da vari gruppi \u2014 tra cui, mercoled\u00ec mattina, i Redentoristi insieme a laici di Kaunas.<\/p>\n\n\n\n<p>Tutte le preghiere e gli interventi principali del convegno sono disponibili in inglese grazie alle registrazioni. Nel pomeriggio si sono svolte in tutta Vilnius varie attivit\u00e0, dibattiti, concerti, seminari e workshop. Marted\u00ec pomeriggio i Redentoristi di Kaunas, guidati da padre Michal Zamkovsk\u00fd, hanno tenuto un workshop sul ministero dei Missionari della Misericordia.<\/p>\n\n\n\n<p>I Redentoristi che prestano servizio a Kaunas erano incaricati di coordinare l\u2019opera dei Missionari della Misericordia provenienti da varie parti del mondo. Durante il congresso, hanno ascoltato le confessioni in diverse lingue nella cattedrale sia al mattino che al pomeriggio. Hanno inoltre prestato servizio all\u2019inizio del congresso \u2014 luned\u00ec sera durante la Liturgia della Riconciliazione presieduta dai Redentoristi slovacchi. Allo stesso modo, mercoled\u00ec sera hanno ascoltato le confessioni nella cattedrale durante un momento di preghiera di due ore dedicato all\u2019adorazione, alla Parola, alla lode e alle testimonianze, guidato dai Redentoristi in collaborazione con i laici delle comunit\u00e0 \u00abAlbero della Vita\u00bb e \u00abSorgente di Misericordia\u00bb di Kaunas. Mercoled\u00ec mattina, i Redentoristi insieme ai loro collaboratori in missione di Kaunas hanno guidato la preghiera di adorazione per i partecipanti al congresso.<\/p>\n\n\n\n<p>Al termine del congresso, l\u2019arcivescovo di Vilnius ha annunciato ai fedeli che la Chiesa del Sacro Cuore di Ges\u00f9 sulla Collina del Redentore diventer\u00e0 un Santuario della Divina Misericordia. L\u2019arcivescovo Fisichella ha informato tutti che il prossimo Congresso della Divina Misericordia si terr\u00e0 in Brasile.<\/p>\n\n\n\n<p>Tutte le conferenze principali, le preghiere e le celebrazioni eucaristiche, preparate dalla rete televisiva cattolica americana EWTN, possono essere seguite in inglese tramite le registrazioni disponibili ai link sottostanti.<\/p>\n\n\n\n<p>P. Rastislav Dluh\u00fd C.Ss.R.<\/p>\n\n\n\n<p>Photos:<br>(C) Rastislav Dluh\u00fd C.Ss.R.<br>(C) Donatas Pranckevi\u010dius&nbsp;<\/p>\n\n\n\n<p>il sito web ufficiale del congresso: <a href=\"https:\/\/wacomvilnius.org\/\">https:\/\/wacomvilnius.org\/<\/a><\/p>\n","protected":false},"excerpt":{"rendered":"<p>Dalla conduzione delle celebrazioni all\u2019ascolto delle confessioni, i Redentoristi hanno portato il loro carisma di misericordia nel cuore del congresso. Dal 7 al 12 giugno si \u00e8 tenuto a Vilnius il Sesto Congresso Apostolico Mondiale della Divina Misericordia, dal titolo \u00abStiamo costruendo una citt\u00e0 della misericordia\u00bb. Il tema si riferisce non solo all\u2019attivit\u00e0 e all\u2019impegno [&hellip;]<\/p>\n","protected":false},"author":23,"featured_media":34292,"comment_status":"closed","ping_status":"closed","sticky":false,"template":"","format":"standard","meta":{"_mi_skip_tracking":false},"categories":[49],"tags":[],"_links":{"self":[{"href":"https:\/\/www.cssr.news\/italian\/wp-json\/wp\/v2\/posts\/34291"}],"collection":[{"href":"https:\/\/www.cssr.news\/italian\/wp-json\/wp\/v2\/posts"}],"about":[{"href":"https:\/\/www.cssr.news\/italian\/wp-json\/wp\/v2\/types\/post"}],"author":[{"embeddable":true,"href":"https:\/\/www.cssr.news\/italian\/wp-json\/wp\/v2\/users\/23"}],"replies":[{"embeddable":true,"href":"https:\/\/www.cssr.news\/italian\/wp-json\/wp\/v2\/comments?post=34291"}],"version-history":[{"count":2,"href":"https:\/\/www.cssr.news\/italian\/wp-json\/wp\/v2\/posts\/34291\/revisions"}],"predecessor-version":[{"id":34294,"href":"https:\/\/www.cssr.news\/italian\/wp-json\/wp\/v2\/posts\/34291\/revisions\/34294"}],"wp:featuredmedia":[{"embeddable":true,"href":"https:\/\/www.cssr.news\/italian\/wp-json\/wp\/v2\/media\/34292"}],"wp:attachment":[{"href":"https:\/\/www.cssr.news\/italian\/wp-json\/wp\/v2\/media?parent=34291"}],"wp:term":[{"taxonomy":"category","embeddable":true,"href":"https:\/\/www.cssr.news\/italian\/wp-json\/wp\/v2\/categories?post=34291"},{"taxonomy":"post_tag","embeddable":true,"href":"https:\/\/www.cssr.news\/italian\/wp-json\/wp\/v2\/tags?post=34291"}],"curies":[{"name":"wp","href":"https:\/\/api.w.org\/{rel}","templated":true}]}}