{"id":35117,"date":"2026-08-31T11:56:35","date_gmt":"2026-08-31T09:56:35","guid":{"rendered":"https:\/\/www.cssr.news\/italian\/?p=35117"},"modified":"2026-08-31T11:56:37","modified_gmt":"2026-08-31T09:56:37","slug":"oblatas-brasile-riflessione-e-impegno-per-i-diritti-delle-donne","status":"publish","type":"post","link":"https:\/\/www.cssr.news\/italian\/2026\/08\/oblatas-brasile-riflessione-e-impegno-per-i-diritti-delle-donne\/","title":{"rendered":"Oblatas Brasile: riflessione e impegno per i diritti delle donne"},"content":{"rendered":"\n<p>Agosto \u00e8 stato un mese di attivit\u00e0 e impegno per le <strong>Suore Oblate del Santissimo Redentore in Brasile<\/strong>. Lo scorso venerd\u00ec, 21 agosto, il team del <strong>Progetto Antonia ha partecipato al Seminario<\/strong> sui progressi e le sfide delle reti di lotta contro la violenza sulle donne nei 20 anni trascorsi dall&#8217;emanazione della Legge Maria da Penha.<\/p>\n\n\n\n<figure class=\"wp-block-gallery columns-2 is-cropped\"><ul class=\"blocks-gallery-grid\"><li class=\"blocks-gallery-item\"><figure><a href=\"http:\/\/www.cssr.news\/spanish\/wp-content\/uploads\/sites\/3\/2026\/08\/sn2026_oblatasbr_agosto02.jpg\"><img src=\"http:\/\/www.cssr.news\/spanish\/wp-content\/uploads\/sites\/3\/2026\/08\/sn2026_oblatasbr_agosto02-819x1024.jpg\" alt=\"\" data-id=\"32631\" data-full-url=\"http:\/\/www.cssr.news\/spanish\/wp-content\/uploads\/sites\/3\/2026\/08\/sn2026_oblatasbr_agosto02.jpg\" data-link=\"https:\/\/www.cssr.news\/spanish\/?attachment_id=32631\" class=\"wp-image-32631\"\/><\/a><\/figure><\/li><li class=\"blocks-gallery-item\"><figure><a href=\"http:\/\/www.cssr.news\/spanish\/wp-content\/uploads\/sites\/3\/2026\/08\/sn2026_oblatasbr_agosto03.jpg\"><img src=\"http:\/\/www.cssr.news\/spanish\/wp-content\/uploads\/sites\/3\/2026\/08\/sn2026_oblatasbr_agosto03-819x1024.jpg\" alt=\"\" data-id=\"32630\" data-full-url=\"http:\/\/www.cssr.news\/spanish\/wp-content\/uploads\/sites\/3\/2026\/08\/sn2026_oblatasbr_agosto03.jpg\" data-link=\"https:\/\/www.cssr.news\/spanish\/?attachment_id=32630\" class=\"wp-image-32630\"\/><\/a><\/figure><\/li><\/ul><\/figure>\n\n\n\n<p>\u00c8 stato un momento importante per riflettere sul cammino percorso in questi anni, per condividere esperienze e per dialogare sulle sfide che ancora dobbiamo affrontare.<\/p>\n\n\n\n<p>Continuiamo a rafforzare la costruzione di una rete di supporto sempre pi\u00f9 accogliente, integrata ed efficace, impegnata a garantire i diritti e a combattere la violenza contro le donne.<\/p>\n\n\n\n<p>Allo stesso modo, il 19 agosto, la <strong>Rete Oblatas in Brasile ha celebrato il 48\u00b0 anniversario della Rete Pastorale Femminile \u2013 Oblat<\/strong>as, insieme alle donne che fanno parte della nostra storia e danno significato alla nostra missione. In questa occasione, trenta donne che accompagniamo si sono unite a noi per quel pomeriggio speciale, all&#8217;insegna della celebrazione, del ricordo e della spiritualit\u00e0.<\/p>\n\n\n\n<p>Attraverso il nostro video istituzionale, abbiamo ripercorso parte di questo cammino e ascoltato le storie di alcune donne su come sono arrivate a conoscere il Ministero Pastorale e hanno stretto legami con noi. Abbiamo anche ricordato, con affetto e gratitudine, Serra e Ant\u00f4nia, le nostre fondatrici, riconoscendo l&#8217;eredit\u00e0 di coloro che hanno sognato e contribuito a costruire questa missione.<\/p>\n\n\n\n<figure class=\"wp-block-gallery columns-3 is-cropped\"><ul class=\"blocks-gallery-grid\"><li class=\"blocks-gallery-item\"><figure><a href=\"http:\/\/www.cssr.news\/spanish\/wp-content\/uploads\/sites\/3\/2026\/08\/sn2026_oblatasbr_agosto04.jpg\"><img src=\"http:\/\/www.cssr.news\/spanish\/wp-content\/uploads\/sites\/3\/2026\/08\/sn2026_oblatasbr_agosto04-819x1024.jpg\" alt=\"\" data-id=\"32629\" data-full-url=\"http:\/\/www.cssr.news\/spanish\/wp-content\/uploads\/sites\/3\/2026\/08\/sn2026_oblatasbr_agosto04.jpg\" data-link=\"https:\/\/www.cssr.news\/spanish\/?attachment_id=32629\" class=\"wp-image-32629\"\/><\/a><\/figure><\/li><li class=\"blocks-gallery-item\"><figure><a href=\"http:\/\/www.cssr.news\/spanish\/wp-content\/uploads\/sites\/3\/2026\/08\/sn2026_oblatasbr_agosto05.jpg\"><img src=\"http:\/\/www.cssr.news\/spanish\/wp-content\/uploads\/sites\/3\/2026\/08\/sn2026_oblatasbr_agosto05-819x1024.jpg\" alt=\"\" data-id=\"32628\" data-full-url=\"http:\/\/www.cssr.news\/spanish\/wp-content\/uploads\/sites\/3\/2026\/08\/sn2026_oblatasbr_agosto05.jpg\" data-link=\"https:\/\/www.cssr.news\/spanish\/?attachment_id=32628\" class=\"wp-image-32628\"\/><\/a><\/figure><\/li><li class=\"blocks-gallery-item\"><figure><a href=\"http:\/\/www.cssr.news\/spanish\/wp-content\/uploads\/sites\/3\/2026\/08\/sn2026_oblatasbr_agosto06.jpg\"><img src=\"http:\/\/www.cssr.news\/spanish\/wp-content\/uploads\/sites\/3\/2026\/08\/sn2026_oblatasbr_agosto06-819x1024.jpg\" alt=\"\" data-id=\"32627\" data-full-url=\"http:\/\/www.cssr.news\/spanish\/wp-content\/uploads\/sites\/3\/2026\/08\/sn2026_oblatasbr_agosto06.jpg\" data-link=\"https:\/\/www.cssr.news\/spanish\/?attachment_id=32627\" class=\"wp-image-32627\"\/><\/a><\/figure><\/li><\/ul><\/figure>\n\n\n\n<p>Tra condivisione, preghiere e devozione, abbiamo reso grazie per ogni incontro, ogni storia, ogni sfida e ogni vita che, in questi 48 anni, si \u00e8 intrecciata con il cammino del Ministero delle Donne. &#8220;Celebrare la nostra storia significa rinnovare la nostra speranza e il nostro impegno a continuare a camminare insieme per la dignit\u00e0, la vita e i diritti delle donne&#8221;, ha sottolineato Fernanda Lins, coordinatrice dell&#8217;istituzione.<\/p>\n\n\n\n<p>Continuiamo a celebrare il percorso che abbiamo intrapreso e a rinnovare il nostro impegno verso ogni donna che fa parte di questa storia.<\/p>\n\n\n\n<p>Rete Oblatas Brasile (https:\/\/www.oblatassr.org\/)<\/p>\n","protected":false},"excerpt":{"rendered":"<p>Agosto \u00e8 stato un mese di attivit\u00e0 e impegno per le Suore Oblate del Santissimo Redentore in Brasile. Lo scorso venerd\u00ec, 21 agosto, il team del Progetto Antonia ha partecipato al Seminario sui progressi e le sfide delle reti di lotta contro la violenza sulle donne nei 20 anni trascorsi dall&#8217;emanazione della Legge Maria da [&hellip;]<\/p>\n","protected":false},"author":3,"featured_media":35118,"comment_status":"closed","ping_status":"closed","sticky":false,"template":"","format":"standard","meta":{"_mi_skip_tracking":false},"categories":[39],"tags":[],"_links":{"self":[{"href":"https:\/\/www.cssr.news\/italian\/wp-json\/wp\/v2\/posts\/35117"}],"collection":[{"href":"https:\/\/www.cssr.news\/italian\/wp-json\/wp\/v2\/posts"}],"about":[{"href":"https:\/\/www.cssr.news\/italian\/wp-json\/wp\/v2\/types\/post"}],"author":[{"embeddable":true,"href":"https:\/\/www.cssr.news\/italian\/wp-json\/wp\/v2\/users\/3"}],"replies":[{"embeddable":true,"href":"https:\/\/www.cssr.news\/italian\/wp-json\/wp\/v2\/comments?post=35117"}],"version-history":[{"count":1,"href":"https:\/\/www.cssr.news\/italian\/wp-json\/wp\/v2\/posts\/35117\/revisions"}],"predecessor-version":[{"id":35119,"href":"https:\/\/www.cssr.news\/italian\/wp-json\/wp\/v2\/posts\/35117\/revisions\/35119"}],"wp:featuredmedia":[{"embeddable":true,"href":"https:\/\/www.cssr.news\/italian\/wp-json\/wp\/v2\/media\/35118"}],"wp:attachment":[{"href":"https:\/\/www.cssr.news\/italian\/wp-json\/wp\/v2\/media?parent=35117"}],"wp:term":[{"taxonomy":"category","embeddable":true,"href":"https:\/\/www.cssr.news\/italian\/wp-json\/wp\/v2\/categories?post=35117"},{"taxonomy":"post_tag","embeddable":true,"href":"https:\/\/www.cssr.news\/italian\/wp-json\/wp\/v2\/tags?post=35117"}],"curies":[{"name":"wp","href":"https:\/\/api.w.org\/{rel}","templated":true}]}}