{"id":35125,"date":"2026-08-31T08:28:00","date_gmt":"2026-08-31T06:28:00","guid":{"rendered":"https:\/\/www.cssr.news\/italian\/?p=35125"},"modified":"2026-09-02T08:33:59","modified_gmt":"2026-09-02T06:33:59","slug":"germania-democrazia-fede-e-falo-unestate-speciale-a-kirchhellen","status":"publish","type":"post","link":"https:\/\/www.cssr.news\/italian\/2026\/08\/germania-democrazia-fede-e-falo-unestate-speciale-a-kirchhellen\/","title":{"rendered":"Germania: democrazia, fede e fal\u00f2 \u2013 Un&#8217;estate speciale a Kirchhellen"},"content":{"rendered":"\n<p>Durante le vacanze estive, il Monastero dei Giovani \u00e8 tornato a essere un luogo vivace. Per quattro settimane, abbiamo offerto un programma continuo di attivit\u00e0 per bambini e ragazzi, con un totale di 120 partecipanti.<\/p>\n\n\n\n<p>L&#8217;estate \u00e8 iniziata con il nostro nuovo progetto di democrazia, <strong>&#8220;WirbelStadt &#8211; Idee in Movimento!&#8221;,<\/strong> che abbiamo potuto lanciare per la prima volta grazie al forte sostegno finanziario dell&#8217;Associazione Paesaggistica della Vestfalia-Lippe (LWL). Per tre settimane, circa 100 bambini e ragazzi hanno creato e plasmato la propria citt\u00e0. Si sono assunti responsabilit\u00e0, hanno preso decisioni democratiche e sviluppato idee per la loro comunit\u00e0. Hanno eletto un sindaco e un consiglio comunale, istituito un ufficio reclami e fondato negozi, attivit\u00e0 commerciali, una chiesa, una banca e un giornale. Sono state proposte anche attivit\u00e0 sportive. Naturalmente, non poteva mancare un progetto di volontariato. L&#8217;azienda energetica comunale di Bottrop ha invitato i partecipanti a riqualificare una sottostazione elettrica nella nostra via.<\/p>\n\n\n\n<p>Ci\u00f2 che ha reso speciale &#8220;WirbelStadt&#8221; \u00e8 stata la combinazione di educazione religiosa e partecipazione attiva dei giovani alla politica locale. Il progetto \u00e8 stato sostenuto da numerosi giovani volontari e dal nostro team pastorale. Anche scuole, associazioni, istituzioni e politici locali hanno dato il loro supporto. Diversi politici locali hanno visitato WirbelStadt, hanno parlato con i giovani e hanno ascoltato le loro idee e preoccupazioni.<\/p>\n\n\n\n<figure class=\"wp-block-gallery columns-3 is-cropped\"><ul class=\"blocks-gallery-grid\"><li class=\"blocks-gallery-item\"><figure><a href=\"http:\/\/www.cssr.news\/wp-content\/uploads\/2026\/08\/Wirbelstadt-Stadthalle.jpg\"><img src=\"http:\/\/www.cssr.news\/wp-content\/uploads\/2026\/08\/Wirbelstadt-Stadthalle.jpg\" alt=\"\" data-id=\"43517\" data-full-url=\"http:\/\/www.cssr.news\/wp-content\/uploads\/2026\/08\/Wirbelstadt-Stadthalle.jpg\" data-link=\"https:\/\/www.cssr.news\/?attachment_id=43517\" class=\"wp-image-43517\"\/><\/a><\/figure><\/li><li class=\"blocks-gallery-item\"><figure><a href=\"http:\/\/www.cssr.news\/wp-content\/uploads\/2026\/08\/Wirbelstadt-Burgermeister-mit-Burgermeister-von-Bottrop.jpg\"><img src=\"http:\/\/www.cssr.news\/wp-content\/uploads\/2026\/08\/Wirbelstadt-Burgermeister-mit-Burgermeister-von-Bottrop.jpg\" alt=\"\" data-id=\"43518\" data-full-url=\"http:\/\/www.cssr.news\/wp-content\/uploads\/2026\/08\/Wirbelstadt-Burgermeister-mit-Burgermeister-von-Bottrop.jpg\" data-link=\"https:\/\/www.cssr.news\/?attachment_id=43518\" class=\"wp-image-43518\"\/><\/a><\/figure><\/li><li class=\"blocks-gallery-item\"><figure><a href=\"http:\/\/www.cssr.news\/wp-content\/uploads\/2026\/08\/Wirbelstadt-Abschlussgottesdienst.jpg\"><img src=\"http:\/\/www.cssr.news\/wp-content\/uploads\/2026\/08\/Wirbelstadt-Abschlussgottesdienst.jpg\" alt=\"\" data-id=\"43512\" data-full-url=\"http:\/\/www.cssr.news\/wp-content\/uploads\/2026\/08\/Wirbelstadt-Abschlussgottesdienst.jpg\" data-link=\"https:\/\/www.cssr.news\/?attachment_id=43512\" class=\"wp-image-43512\"\/><\/a><\/figure><\/li><li class=\"blocks-gallery-item\"><figure><a href=\"http:\/\/www.cssr.news\/wp-content\/uploads\/2026\/08\/Wirbelstadt-Mittagessen.jpg\"><img src=\"http:\/\/www.cssr.news\/wp-content\/uploads\/2026\/08\/Wirbelstadt-Mittagessen.jpg\" alt=\"\" data-id=\"43516\" data-full-url=\"http:\/\/www.cssr.news\/wp-content\/uploads\/2026\/08\/Wirbelstadt-Mittagessen.jpg\" data-link=\"https:\/\/www.cssr.news\/?attachment_id=43516\" class=\"wp-image-43516\"\/><\/a><\/figure><\/li><li class=\"blocks-gallery-item\"><figure><a href=\"http:\/\/www.cssr.news\/wp-content\/uploads\/2026\/08\/Wirbelstadt-Knnenlernen.jpg\"><img src=\"http:\/\/www.cssr.news\/wp-content\/uploads\/2026\/08\/Wirbelstadt-Knnenlernen.jpg\" alt=\"\" data-id=\"43515\" data-full-url=\"http:\/\/www.cssr.news\/wp-content\/uploads\/2026\/08\/Wirbelstadt-Knnenlernen.jpg\" data-link=\"https:\/\/www.cssr.news\/?attachment_id=43515\" class=\"wp-image-43515\"\/><\/a><\/figure><\/li><li class=\"blocks-gallery-item\"><figure><a href=\"http:\/\/www.cssr.news\/wp-content\/uploads\/2026\/08\/Wirbelstadt-Diversitatsbilderrolle.jpg\"><img src=\"http:\/\/www.cssr.news\/wp-content\/uploads\/2026\/08\/Wirbelstadt-Diversitatsbilderrolle.jpg\" alt=\"\" data-id=\"43513\" data-full-url=\"http:\/\/www.cssr.news\/wp-content\/uploads\/2026\/08\/Wirbelstadt-Diversitatsbilderrolle.jpg\" data-link=\"https:\/\/www.cssr.news\/?attachment_id=43513\" class=\"wp-image-43513\"\/><\/a><\/figure><\/li><li class=\"blocks-gallery-item\"><figure><a href=\"http:\/\/www.cssr.news\/wp-content\/uploads\/2026\/08\/Wirbelstadt-Geld-zahlen.jpg\"><img src=\"http:\/\/www.cssr.news\/wp-content\/uploads\/2026\/08\/Wirbelstadt-Geld-zahlen.jpg\" alt=\"\" data-id=\"43514\" data-full-url=\"http:\/\/www.cssr.news\/wp-content\/uploads\/2026\/08\/Wirbelstadt-Geld-zahlen.jpg\" data-link=\"https:\/\/www.cssr.news\/?attachment_id=43514\" class=\"wp-image-43514\"\/><\/a><\/figure><\/li><li class=\"blocks-gallery-item\"><figure><a href=\"http:\/\/www.cssr.news\/wp-content\/uploads\/2026\/08\/Krauter-sammeln-Zeltlager.jpg\"><img src=\"http:\/\/www.cssr.news\/wp-content\/uploads\/2026\/08\/Krauter-sammeln-Zeltlager.jpg\" alt=\"\" data-id=\"43520\" data-full-url=\"http:\/\/www.cssr.news\/wp-content\/uploads\/2026\/08\/Krauter-sammeln-Zeltlager.jpg\" data-link=\"https:\/\/www.cssr.news\/?attachment_id=43520\" class=\"wp-image-43520\"\/><\/a><\/figure><\/li><\/ul><\/figure>\n\n\n\n<p>Il nostro team addetto alle pulizie si \u00e8 occupato dei pasti, supportato da donne che in precedenza erano arrivate in Germania come rifugiate dall&#8217;Afghanistan. L&#8217;impatto duraturo di &#8220;WirbelStadt&#8221; \u00e8 diventato evidente subito dopo le vacanze estive: durante un incontro con l&#8217;assessore ai servizi sociali della citt\u00e0, sono stati discussi passi concreti per estendere il progetto ad altre zone della citt\u00e0 e potenzialmente all&#8217;intera citt\u00e0.<\/p>\n\n\n\n<p>Il progetto \u00e8 stato seguito immediatamente da un campo estivo di una settimana presso il Monastero dei Giovani. La settimana \u00e8 stata accompagnata dal nostro team pastorale, da tutti i giovani membri della nostra comunit\u00e0 religiosa e dai nostri volontari internazionali provenienti da Sumba (Indonesia), Colombia e Paraguay.<\/p>\n\n\n\n<p>I giovani hanno allestito il loro campo e organizzato tutto in autonomia. Vecchi fornelli da campeggio, grandi pentole e bacinelle sono stati rispolverati. Hanno cucinato, lavato e organizzato la loro vita quotidiana insieme. Ogni giorno iniziava con una riflessione spirituale, seguita da attivit\u00e0 come escursioni nella natura. Un altro momento clou \u00e8 stato un progetto artigianale speciale: guidati da un artigiano specializzato nella costruzione di archi, i giovani hanno costruito grandi archi di legno, che hanno poi utilizzato durante un evento di gruppo alla fine della settimana. La settimana si \u00e8 conclusa con una Messa all&#8217;aperto nel bosco, alla quale sono stati invitati anche familiari e amici.<\/p>\n\n\n\n<p>Queste quattro settimane hanno messo in luce ci\u00f2 che il Monastero Giovanile rappresenta: creare spazi in cui i giovani possano vivere la comunit\u00e0, assumersi responsabilit\u00e0, scoprire la propria fede e sviluppare i propri talenti. Questa missione \u00e8 stata riconosciuta anche in una lettera personale del nostro Superiore Generale. Nella sua lettera, ha descritto il lavoro svolto a Kirchhellen come un &#8220;segno concreto della vitalit\u00e0&#8221; della nostra comunit\u00e0 e ci ha incoraggiato a continuare a sviluppare iniziative con creativit\u00e0 e coraggio che aiutino i giovani a incontrare Cristo e la Chiesa in modo significativo e attuale.<\/p>\n\n\n\n<p>Quest&#8217;estate non \u00e8 stata solo attiva e ricca di eventi; \u00e8 stata anche una forte dimostrazione di come il Monastero Giovanile vive e condivide la Chiesa con e per i giovani.<\/p>\n\n\n\n<p>Padre Fransis Da Cunha e Padre Hildegard K\u00fcckelmann<\/p>\n","protected":false},"excerpt":{"rendered":"<p>Durante le vacanze estive, il Monastero dei Giovani \u00e8 tornato a essere un luogo vivace. Per quattro settimane, abbiamo offerto un programma continuo di attivit\u00e0 per bambini e ragazzi, con un totale di 120 partecipanti. L&#8217;estate \u00e8 iniziata con il nostro nuovo progetto di democrazia, &#8220;WirbelStadt &#8211; Idee in Movimento!&#8221;, che abbiamo potuto lanciare per [&hellip;]<\/p>\n","protected":false},"author":3,"featured_media":35126,"comment_status":"closed","ping_status":"closed","sticky":false,"template":"","format":"standard","meta":{"_mi_skip_tracking":false},"categories":[33],"tags":[],"_links":{"self":[{"href":"https:\/\/www.cssr.news\/italian\/wp-json\/wp\/v2\/posts\/35125"}],"collection":[{"href":"https:\/\/www.cssr.news\/italian\/wp-json\/wp\/v2\/posts"}],"about":[{"href":"https:\/\/www.cssr.news\/italian\/wp-json\/wp\/v2\/types\/post"}],"author":[{"embeddable":true,"href":"https:\/\/www.cssr.news\/italian\/wp-json\/wp\/v2\/users\/3"}],"replies":[{"embeddable":true,"href":"https:\/\/www.cssr.news\/italian\/wp-json\/wp\/v2\/comments?post=35125"}],"version-history":[{"count":3,"href":"https:\/\/www.cssr.news\/italian\/wp-json\/wp\/v2\/posts\/35125\/revisions"}],"predecessor-version":[{"id":35130,"href":"https:\/\/www.cssr.news\/italian\/wp-json\/wp\/v2\/posts\/35125\/revisions\/35130"}],"wp:featuredmedia":[{"embeddable":true,"href":"https:\/\/www.cssr.news\/italian\/wp-json\/wp\/v2\/media\/35126"}],"wp:attachment":[{"href":"https:\/\/www.cssr.news\/italian\/wp-json\/wp\/v2\/media?parent=35125"}],"wp:term":[{"taxonomy":"category","embeddable":true,"href":"https:\/\/www.cssr.news\/italian\/wp-json\/wp\/v2\/categories?post=35125"},{"taxonomy":"post_tag","embeddable":true,"href":"https:\/\/www.cssr.news\/italian\/wp-json\/wp\/v2\/tags?post=35125"}],"curies":[{"name":"wp","href":"https:\/\/api.w.org\/{rel}","templated":true}]}}