{"id":35131,"date":"2026-09-02T10:33:03","date_gmt":"2026-09-02T08:33:03","guid":{"rendered":"https:\/\/www.cssr.news\/italian\/?p=35131"},"modified":"2026-09-02T10:33:05","modified_gmt":"2026-09-02T08:33:05","slug":"paraguay-incontro-nazionale-dei-ministranti","status":"publish","type":"post","link":"https:\/\/www.cssr.news\/italian\/2026\/09\/paraguay-incontro-nazionale-dei-ministranti\/","title":{"rendered":"Paraguay: Incontro nazionale dei ministranti"},"content":{"rendered":"\n<p>Sabato 29 agosto, nella Capannone del Collegio Santisimo Redentor di Asunci\u00f3n (Paraguay), si \u00e8 svolto il XIX Incontro Nazionale dei Chierichetti.<\/p>\n\n\n\n<p>Circa 400 ragazzi si sono riuniti a partire dalle 07:00 del mattino per vivere una giornata piena di gioia, fede e integrazione. L&#8217;incontro \u00e8 iniziato con la celebrazione della Santa Messa presieduta dal <strong>Superiore Provinciale, p. Javier Machado CSsR<\/strong> e concelebrato da diversi missionari redentoristi.<\/p>\n\n\n\n<figure class=\"wp-block-gallery columns-3 is-cropped\"><ul class=\"blocks-gallery-grid\"><li class=\"blocks-gallery-item\"><figure><a href=\"http:\/\/www.cssr.news\/spanish\/wp-content\/uploads\/sites\/3\/2026\/09\/sn2026_para_set01.jpeg\"><img src=\"http:\/\/www.cssr.news\/spanish\/wp-content\/uploads\/sites\/3\/2026\/09\/sn2026_para_set01-1024x576.jpeg\" alt=\"\" data-id=\"32651\" data-full-url=\"http:\/\/www.cssr.news\/spanish\/wp-content\/uploads\/sites\/3\/2026\/09\/sn2026_para_set01.jpeg\" data-link=\"https:\/\/www.cssr.news\/spanish\/?attachment_id=32651\" class=\"wp-image-32651\"\/><\/a><\/figure><\/li><li class=\"blocks-gallery-item\"><figure><a href=\"http:\/\/www.cssr.news\/spanish\/wp-content\/uploads\/sites\/3\/2026\/09\/sn2026_para_set03-scaled.jpeg\"><img src=\"http:\/\/www.cssr.news\/spanish\/wp-content\/uploads\/sites\/3\/2026\/09\/sn2026_para_set03-768x1024.jpeg\" alt=\"\" data-id=\"32649\" data-full-url=\"http:\/\/www.cssr.news\/spanish\/wp-content\/uploads\/sites\/3\/2026\/09\/sn2026_para_set03-scaled.jpeg\" data-link=\"https:\/\/www.cssr.news\/spanish\/?attachment_id=32649\" class=\"wp-image-32649\"\/><\/a><\/figure><\/li><li class=\"blocks-gallery-item\"><figure><a href=\"http:\/\/www.cssr.news\/spanish\/wp-content\/uploads\/sites\/3\/2026\/09\/sn2026_para_set05.jpeg\"><img src=\"http:\/\/www.cssr.news\/spanish\/wp-content\/uploads\/sites\/3\/2026\/09\/sn2026_para_set05.jpeg\" alt=\"\" data-id=\"32647\" data-full-url=\"http:\/\/www.cssr.news\/spanish\/wp-content\/uploads\/sites\/3\/2026\/09\/sn2026_para_set05.jpeg\" data-link=\"https:\/\/www.cssr.news\/spanish\/?attachment_id=32647\" class=\"wp-image-32647\"\/><\/a><\/figure><\/li><li class=\"blocks-gallery-item\"><figure><a href=\"http:\/\/www.cssr.news\/spanish\/wp-content\/uploads\/sites\/3\/2026\/09\/sn2026_para_set04.jpeg\"><img src=\"http:\/\/www.cssr.news\/spanish\/wp-content\/uploads\/sites\/3\/2026\/09\/sn2026_para_set04-1024x768.jpeg\" alt=\"\" data-id=\"32648\" data-full-url=\"http:\/\/www.cssr.news\/spanish\/wp-content\/uploads\/sites\/3\/2026\/09\/sn2026_para_set04.jpeg\" data-link=\"https:\/\/www.cssr.news\/spanish\/?attachment_id=32648\" class=\"wp-image-32648\"\/><\/a><\/figure><\/li><\/ul><\/figure>\n\n\n\n<p>All&#8217;incontro hanno partecipato ministranti provenienti da diverse parrocchie del Paraguay, guidati dai confratelli redentoristi, e anche da alcune parrocchie invitate. Dopo la Santa Messa e una merenda a met\u00e0 mattina, \u00e8 stata tenuta una presentazione formativa sulla vita di San Gerardo.<\/p>\n\n\n\n<p>A seguire, si \u00e8 svolta un&#8217;attivit\u00e0 formativa e ricreativa consistente in un quiz su argomenti relativi all&#8217;Eucaristia e alla spiritualit\u00e0 redentorista. Dopo pranzo, si \u00e8 tenuta una competizione sportiva che si \u00e8 protratta per tutto il pomeriggio, alla quale i ragazzi hanno partecipato con grande entusiasmo. L&#8217;incontro si \u00e8 concluso alle 17:30 con la preghiera finale.<\/p>\n\n\n\n<p>Padre Leonardo Valdez CSsR<\/p>\n","protected":false},"excerpt":{"rendered":"<p>Sabato 29 agosto, nella Capannone del Collegio Santisimo Redentor di Asunci\u00f3n (Paraguay), si \u00e8 svolto il XIX Incontro Nazionale dei Chierichetti. Circa 400 ragazzi si sono riuniti a partire dalle 07:00 del mattino per vivere una giornata piena di gioia, fede e integrazione. L&#8217;incontro \u00e8 iniziato con la celebrazione della Santa Messa presieduta dal Superiore [&hellip;]<\/p>\n","protected":false},"author":3,"featured_media":35132,"comment_status":"closed","ping_status":"closed","sticky":false,"template":"","format":"standard","meta":{"_mi_skip_tracking":false},"categories":[2],"tags":[],"_links":{"self":[{"href":"https:\/\/www.cssr.news\/italian\/wp-json\/wp\/v2\/posts\/35131"}],"collection":[{"href":"https:\/\/www.cssr.news\/italian\/wp-json\/wp\/v2\/posts"}],"about":[{"href":"https:\/\/www.cssr.news\/italian\/wp-json\/wp\/v2\/types\/post"}],"author":[{"embeddable":true,"href":"https:\/\/www.cssr.news\/italian\/wp-json\/wp\/v2\/users\/3"}],"replies":[{"embeddable":true,"href":"https:\/\/www.cssr.news\/italian\/wp-json\/wp\/v2\/comments?post=35131"}],"version-history":[{"count":1,"href":"https:\/\/www.cssr.news\/italian\/wp-json\/wp\/v2\/posts\/35131\/revisions"}],"predecessor-version":[{"id":35133,"href":"https:\/\/www.cssr.news\/italian\/wp-json\/wp\/v2\/posts\/35131\/revisions\/35133"}],"wp:featuredmedia":[{"embeddable":true,"href":"https:\/\/www.cssr.news\/italian\/wp-json\/wp\/v2\/media\/35132"}],"wp:attachment":[{"href":"https:\/\/www.cssr.news\/italian\/wp-json\/wp\/v2\/media?parent=35131"}],"wp:term":[{"taxonomy":"category","embeddable":true,"href":"https:\/\/www.cssr.news\/italian\/wp-json\/wp\/v2\/categories?post=35131"},{"taxonomy":"post_tag","embeddable":true,"href":"https:\/\/www.cssr.news\/italian\/wp-json\/wp\/v2\/tags?post=35131"}],"curies":[{"name":"wp","href":"https:\/\/api.w.org\/{rel}","templated":true}]}}