{"id":35134,"date":"2026-09-02T19:01:40","date_gmt":"2026-09-02T17:01:40","guid":{"rendered":"https:\/\/www.cssr.news\/italian\/?p=35134"},"modified":"2026-09-02T19:01:42","modified_gmt":"2026-09-02T17:01:42","slug":"fede-e-solidarieta-per-lucraina-i-redentoristi-di-madrid-a-kiev","status":"publish","type":"post","link":"https:\/\/www.cssr.news\/italian\/2026\/09\/fede-e-solidarieta-per-lucraina-i-redentoristi-di-madrid-a-kiev\/","title":{"rendered":"Fede e solidariet\u00e0 per l&#8217;Ucraina: i redentoristi di Madrid a Kiev"},"content":{"rendered":"\n<p>La parrocchia redentorista del Santissimo Redentore di Madrid \u00e8 stata rappresentata a Kiev, il 23 agosto, alla Colazione di Preghiera Nazionale per l&#8217;Ucraina e al Forum internazionale &#8220;35 anni di fede e libert\u00e0&#8221;, eventi promossi dalle autorit\u00e0 ucraine e frequentati da rappresentanti di numerose organizzazioni non governative e delegazioni internazionali a sostegno del popolo ucraino durante l&#8217;aggressione russa.<\/p>\n\n\n\n<h4>Un incontro che unisce fedi, opinioni e nazionalit\u00e0 diverse<\/h4>\n\n\n\n<p>Al Desayuno de Oraci\u00f3n ha preso parte anche il Presidente Volodymyr Zelensky, che ha sottolineato come l&#8217;evento abbia riunito nella stessa sala persone di Chiese diverse, con opinioni politiche, professioni e nazionalit\u00e0 differenti. Il Presidente ha ricordato che momenti come questo mostrano come le differenze non contino di fronte a ci\u00f2 che conta davvero: la verit\u00e0, la pace, e la preghiera che nei momenti difficili unisce tutti \u2014 che si tratti di un rifugio sotto attacco aereo, di un corridoio d&#8217;ospedale in attesa dell&#8217;esito di un intervento chirurgico su una persona cara, della prigionia o della metropolitana alle tre del mattino durante i bombardamenti russi.<\/p>\n\n\n\n<figure class=\"wp-block-gallery columns-3 is-cropped\"><ul class=\"blocks-gallery-grid\"><li class=\"blocks-gallery-item\"><figure><a href=\"http:\/\/www.cssr.news\/spanish\/wp-content\/uploads\/sites\/3\/2026\/09\/sn260902-kiev-ilustr2.jpeg\"><img src=\"http:\/\/www.cssr.news\/spanish\/wp-content\/uploads\/sites\/3\/2026\/09\/sn260902-kiev-ilustr2-1024x682.jpeg\" alt=\"\" data-id=\"32661\" data-full-url=\"http:\/\/www.cssr.news\/spanish\/wp-content\/uploads\/sites\/3\/2026\/09\/sn260902-kiev-ilustr2.jpeg\" data-link=\"https:\/\/www.cssr.news\/spanish\/?attachment_id=32661\" class=\"wp-image-32661\"\/><\/a><\/figure><\/li><li class=\"blocks-gallery-item\"><figure><a href=\"http:\/\/www.cssr.news\/spanish\/wp-content\/uploads\/sites\/3\/2026\/09\/sn260902-kiev-zelenskyy.jpeg\"><img src=\"http:\/\/www.cssr.news\/spanish\/wp-content\/uploads\/sites\/3\/2026\/09\/sn260902-kiev-zelenskyy-1024x682.jpeg\" alt=\"\" data-id=\"32665\" data-full-url=\"http:\/\/www.cssr.news\/spanish\/wp-content\/uploads\/sites\/3\/2026\/09\/sn260902-kiev-zelenskyy.jpeg\" data-link=\"https:\/\/www.cssr.news\/spanish\/?attachment_id=32665\" class=\"wp-image-32665\"\/><\/a><\/figure><\/li><li class=\"blocks-gallery-item\"><figure><a href=\"http:\/\/www.cssr.news\/spanish\/wp-content\/uploads\/sites\/3\/2026\/09\/sn260902-kiev-ilustr4.jpeg\"><img src=\"http:\/\/www.cssr.news\/spanish\/wp-content\/uploads\/sites\/3\/2026\/09\/sn260902-kiev-ilustr4-1024x682.jpeg\" alt=\"\" data-id=\"32659\" data-full-url=\"http:\/\/www.cssr.news\/spanish\/wp-content\/uploads\/sites\/3\/2026\/09\/sn260902-kiev-ilustr4.jpeg\" data-link=\"https:\/\/www.cssr.news\/spanish\/?attachment_id=32659\" class=\"wp-image-32659\"\/><\/a><\/figure><\/li><\/ul><\/figure>\n\n\n\n<p>Presidente ha menzionato il ruolo delle Chiese negli ultimi anni della guerra: &#8220;Le parrocchie sono diventate luoghi in cui proteggersi dal freddo. Le cripte delle chiese sono diventate rifugi. Le scuole domenicali sono diventate aule per i nostri bambini ucraini&#8221;, ha affermato il Presidente, ricordando che questa \u00e8 la forza della fede che sostiene tutto il popolo ucraino, anche se se ne parla raramente nelle notizie.<\/p>\n\n\n\n<p>Il Presidente ha ricordato che molti ucraini hanno perso persone care nel conflitto, e ha invitato i presenti a un momento di silenzio in memoria di chi ha dato la vita per l&#8217;Ucraina e di chi \u00e8 stato ucciso. Ha quindi chiesto a tutti di pregare per tre intenzioni: per chi \u00e8 prigioniero, per chi combatte al fronte, e per la pace in Ucraina. &#8220;La guerra dura ormai da molto tempo, e il pericolo maggiore oggi non \u00e8 la stanchezza al fronte, ma il rischio che il mondo si abitui a essa&#8221;, ha affermato.<\/p>\n\n\n\n<h4>La presenza redentorista<\/h4>\n\n\n\n<p>Ai due incontri sono stati invitati p. Jos\u00e9 Miguel de Haro, C.Ss.R, parroco della parrocchia redentorista di Madrid, e p. Marek Raczkiewicz, C.Ss.R, che lo ha accompagnato in rappresentanza della comunit\u00e0 madrilena. Da quattro anni la parrocchia \u00e8 impegnata nell&#8217;organizzazione di trasporti di aiuti umanitari verso l&#8217;Ucraina, che \u2014 in collaborazione con i redentoristi presenti sul territorio ucraino \u2014 giungono direttamente nelle mani di chi ne ha pi\u00f9 bisogno.<\/p>\n\n\n\n<figure class=\"wp-block-gallery columns-2 is-cropped\"><ul class=\"blocks-gallery-grid\"><li class=\"blocks-gallery-item\"><figure><a href=\"http:\/\/www.cssr.news\/spanish\/wp-content\/uploads\/sites\/3\/2026\/09\/sn260902-kiev-p-Jose-Miguel2.jpeg\"><img src=\"http:\/\/www.cssr.news\/spanish\/wp-content\/uploads\/sites\/3\/2026\/09\/sn260902-kiev-p-Jose-Miguel2-1024x880.jpeg\" alt=\"\" data-id=\"32663\" data-full-url=\"http:\/\/www.cssr.news\/spanish\/wp-content\/uploads\/sites\/3\/2026\/09\/sn260902-kiev-p-Jose-Miguel2.jpeg\" data-link=\"https:\/\/www.cssr.news\/spanish\/?attachment_id=32663\" class=\"wp-image-32663\"\/><\/a><\/figure><\/li><li class=\"blocks-gallery-item\"><figure><a href=\"http:\/\/www.cssr.news\/spanish\/wp-content\/uploads\/sites\/3\/2026\/09\/sn260902-kiev-m-raczk.jpeg\"><img src=\"http:\/\/www.cssr.news\/spanish\/wp-content\/uploads\/sites\/3\/2026\/09\/sn260902-kiev-m-raczk-1024x768.jpeg\" alt=\"\" data-id=\"32658\" data-full-url=\"http:\/\/www.cssr.news\/spanish\/wp-content\/uploads\/sites\/3\/2026\/09\/sn260902-kiev-m-raczk.jpeg\" data-link=\"https:\/\/www.cssr.news\/spanish\/?attachment_id=32658\" class=\"wp-image-32658\"\/><\/a><\/figure><\/li><\/ul><\/figure>\n\n\n\n<p>&#8220;Mi trovo a Kiev, su invito del Presidente, in segno di gratitudine per la solidariet\u00e0 che abbiamo mostrato in questi anni dalla parrocchia del Santissimo Redentore di Madrid, insieme all&#8217;Associazione Acoger y Compartir, agli amici di Ayuda Contenedores di Pamplona e a tante altre persone da tutto il mondo che stanno aiutando l&#8217;Ucraina ad andare avanti&#8221;, ha spiegato p. Jos\u00e9 Miguel de Haro, che da quattro anni coordina le iniziative di aiuto alle vittime dell&#8217;aggressione russa.<\/p>\n\n\n\n<div class=\"wp-block-image\"><figure class=\"aligncenter size-large\"><a href=\"https:\/\/www.cssr.news\/spanish\/wp-content\/uploads\/sites\/3\/2026\/09\/P-Jose-Miguel-Kiev-thb.jpg\"><img src=\"https:\/\/www.cssr.news\/spanish\/wp-content\/uploads\/sites\/3\/2026\/09\/P-Jose-Miguel-Kiev-thb.jpg\" alt=\"\" class=\"wp-image-32674\"\/><\/a><figcaption><a href=\"https:\/\/youtube.com\/shorts\/UUEgScIYmv0\">Ver video en YouTube<\/a><\/figcaption><\/figure><\/div>\n\n\n\n<p>&#8220;Colgo l&#8217;occasione per ringraziare e ricordare che un chicco non fa un granaio, ma aiuta il compagno&#8221;, ha aggiunto p. Jos\u00e9 Miguel, convinto del senso che va oltre il materiale della solidariet\u00e0. &#8220;Tante persone di buona volont\u00e0 che vogliono fare il bene ci permettono di credere nella dignit\u00e0 e nell&#8217;essere umano, ma anche nella possibilit\u00e0 della pace. La pace per l&#8217;Ucraina.&#8221;<\/p>\n\n\n\n<h4>Una partecipazione internazionale<\/h4>\n\n\n\n<p>All&#8217;evento hanno partecipato anche il Presidente della Lituania, Gitanas Naus\u0117da, la Prima Ministra dell&#8217;Estonia Kristen Michal, senatori e membri del Congresso degli Stati Uniti, rappresentanti stranieri, funzionari governativi, deputati, militari ucraini, personalit\u00e0 pubbliche ed esponenti del clero. Pi\u00f9 di 1.500 persone hanno preso parte all&#8217;evento, tra cui 670 ospiti stranieri provenienti da 17 Paesi.<\/p>\n\n\n\n<p>Scala News<\/p>\n\n\n\n<p>video ufficiale:\u00a0<a href=\"https:\/\/youtu.be\/e48gXwvPB40?si=sLOJEv1ReaZ0gtSY\">https:\/\/youtu.be\/e48gXwvPB40?si=sLOJEv1ReaZ0gtSY<\/a><\/p>\n\n\n\n<p>galleria fotografica di Iurii Strokan:\u00a0<a href=\"https:\/\/strokanphoto.pixieset.com\/nacionalniimolitovniisnidanok\/\">https:\/\/strokanphoto.pixieset.com\/nacionalniimolitovniisnidanok\/<\/a><\/p>\n","protected":false},"excerpt":{"rendered":"<p>La parrocchia redentorista del Santissimo Redentore di Madrid \u00e8 stata rappresentata a Kiev, il 23 agosto, alla Colazione di Preghiera Nazionale per l&#8217;Ucraina e al Forum internazionale &#8220;35 anni di fede e libert\u00e0&#8221;, eventi promossi dalle autorit\u00e0 ucraine e frequentati da rappresentanti di numerose organizzazioni non governative e delegazioni internazionali a sostegno del popolo ucraino [&hellip;]<\/p>\n","protected":false},"author":23,"featured_media":35135,"comment_status":"closed","ping_status":"closed","sticky":false,"template":"","format":"standard","meta":{"_mi_skip_tracking":false},"categories":[49],"tags":[],"_links":{"self":[{"href":"https:\/\/www.cssr.news\/italian\/wp-json\/wp\/v2\/posts\/35134"}],"collection":[{"href":"https:\/\/www.cssr.news\/italian\/wp-json\/wp\/v2\/posts"}],"about":[{"href":"https:\/\/www.cssr.news\/italian\/wp-json\/wp\/v2\/types\/post"}],"author":[{"embeddable":true,"href":"https:\/\/www.cssr.news\/italian\/wp-json\/wp\/v2\/users\/23"}],"replies":[{"embeddable":true,"href":"https:\/\/www.cssr.news\/italian\/wp-json\/wp\/v2\/comments?post=35134"}],"version-history":[{"count":1,"href":"https:\/\/www.cssr.news\/italian\/wp-json\/wp\/v2\/posts\/35134\/revisions"}],"predecessor-version":[{"id":35136,"href":"https:\/\/www.cssr.news\/italian\/wp-json\/wp\/v2\/posts\/35134\/revisions\/35136"}],"wp:featuredmedia":[{"embeddable":true,"href":"https:\/\/www.cssr.news\/italian\/wp-json\/wp\/v2\/media\/35135"}],"wp:attachment":[{"href":"https:\/\/www.cssr.news\/italian\/wp-json\/wp\/v2\/media?parent=35134"}],"wp:term":[{"taxonomy":"category","embeddable":true,"href":"https:\/\/www.cssr.news\/italian\/wp-json\/wp\/v2\/categories?post=35134"},{"taxonomy":"post_tag","embeddable":true,"href":"https:\/\/www.cssr.news\/italian\/wp-json\/wp\/v2\/tags?post=35134"}],"curies":[{"name":"wp","href":"https:\/\/api.w.org\/{rel}","templated":true}]}}