{"id":12578,"date":"2020-11-13T06:16:07","date_gmt":"2020-11-13T06:16:07","guid":{"rendered":"http:\/\/www.cssr.news\/spanish\/?p=12578"},"modified":"2020-11-12T18:37:15","modified_gmt":"2020-11-12T18:37:15","slug":"pacto-educativo-global-el-papel-de-la-universidad-parte-2-2","status":"publish","type":"post","link":"https:\/\/www.cssr.news\/spanish\/2020\/11\/pacto-educativo-global-el-papel-de-la-universidad-parte-2-2\/","title":{"rendered":"Pacto educativo global: el papel de la universidad (Parte 2\/2)"},"content":{"rendered":"<p style=\"text-align: right;\">(De la Academia Alfonsiana)<\/p>\n<p style=\"text-align: justify;\"><strong>Un proceso interactivo, din\u00e1mico e inclusivo<\/strong><\/p>\n<p style=\"text-align: justify;\">No se puede entender que la educaci\u00f3n modele al otro inculcando valores e ideales previamente desarrollados. Esto ser\u00eda instruir, no educar. En su labor pastoral y formativa, <strong>el educador debe desarrollar la propia creatividad del artista, porque no siempre existen respuestas v\u00e1lidas para aplicarlas autom\u00e1ticamente<\/strong>.<\/p>\n<p style=\"text-align: justify;\">M\u00e1s que una transferencia lineal, la educaci\u00f3n es un proceso de ayuda mutua, cuyo objetivo es que cada uno descubra su propia identidad y se convierta cada vez m\u00e1s en \u00e9l mismo. M\u00e1s que un programa para transmitir, la educaci\u00f3n es una alianza que debe establecerse para avanzar juntos, en el respeto mutuo, hacia la verdad.<\/p>\n<p style=\"text-align: justify;\"><strong>Con la expresi\u00f3n &#8220;pacto&#8221; o &#8220;alianza educativa&#8221;, el Papa subraya la importancia del di\u00e1logo en el respeto afectivo de la diversidad<\/strong>. Seg\u00fan Paolo Freire, no se trata tanto de educar a otro, sino de educarnos juntos para afrontar los retos diarios. \u201cNadie educa a nadie. Nadie se educa a s\u00ed mismo. Los hombres se educan unos a otros, mediados por el mundo\u201d.<\/p>\n<p style=\"text-align: justify;\"><em>Veritatis Gaudium<\/em> promete el establecimiento de una verdadera cultura del encuentro a trav\u00e9s del di\u00e1logo, la fraternidad, el discernimiento y el &#8220;trabajo en red&#8221; (VG pr. 1 y 4), para poder alcanzar una pluralidad de conocimientos.<\/p>\n<p style=\"text-align: justify;\"><strong>&#8220;Se hace imprescindible la creaci\u00f3n de nuevos y cualificados centros de investigaci\u00f3n en los que puedan interactuar [&#8230;] acad\u00e9micos de diferentes universos religiosos y de distintas competencias cient\u00edficas, para &#8220;entablar un di\u00e1logo entre ellos orientado al cuidado de la naturaleza, la defensa de pobres, a la construcci\u00f3n de una red de respeto y fraternidad&#8221;&#8221; (VG pr. 5).<\/strong><\/p>\n<p style=\"text-align: justify;\">De hecho, &#8220;educar requiere entrar en un di\u00e1logo leal&#8221;, superando la indiferencia globalizada de esta sociedad que &#8220;nos acerca, pero no nos hace hermanos&#8221; (CV 19).<\/p>\n<p style=\"text-align: justify;\"><strong>Educar para relacionarse y construir comunidad<\/strong><\/p>\n<p style=\"text-align: justify;\">Otro gran desaf\u00edo al que se enfrenta la universidad es la actual falta de solidaridad y empat\u00eda. &#8220;Nuestras sociedades se caracterizan por un creciente individualismo y divisi\u00f3n&#8221;. Curiosamente, los usuarios m\u00e1s frecuentes de las nuevas tecnolog\u00edas de la comunicaci\u00f3n suelen ser los menos emp\u00e1ticos. A nivel mundial, &#8220;una minor\u00eda cree en el derecho a consumir en una proporci\u00f3n imposible de generalizar&#8221; (LS 50), privando as\u00ed a muchas personas de una vida digna.<\/p>\n<p style=\"text-align: justify;\"><strong>Para enfrentar estos desaf\u00edos, la universidad debe ayudar a las personas a &#8220;habitar la educaci\u00f3n&#8221;, insert\u00e1ndola en la trama de la vida, con sus rostros, lugares y conexiones.<\/strong> Bien insertado en la realidad concreta de las personas, ayudar\u00e1 a reflexionar sobre las necesidades sociales, a trav\u00e9s de debates y acciones concretas, para que todos se sientan estimulados a incrementar sus conocimientos y habilidades a trav\u00e9s de un servicio solidario a la comunidad (servicio de aprendizaje). Por tanto, la actividad educativa debe ser un laboratorio donde se pueda aprender a conectar de manera arm\u00f3nica el aprendizaje y el servicio social a las comunidades en las que se inserta el alumnado, potenciando los valores de ciudadan\u00eda activa y cuidado del medio ambiente.<\/p>\n<p style=\"text-align: justify;\"><strong>A modo de conclusi\u00f3n<\/strong><\/p>\n<p style=\"text-align: justify;\">Ha llegado el momento de emprender un camino educativo serio hacia una visi\u00f3n m\u00e1s hol\u00edstica e integral de la realidad que nos ayude a potenciar los bienes relacionales m\u00e1s que los econ\u00f3micos, restableciendo nuestras cuatro relaciones fundamentales: con Dios, con los dem\u00e1s, con nosotros mismos y con la creaci\u00f3n. En este recorrido educativo, la universidad debe jugar un papel fundamental.<\/p>\n<p style=\"text-align: justify;\"><strong>Se ha revelado que la informaci\u00f3n cient\u00edfica era insuficiente para provocar un cambio en la mentalidad y el estilo de vida. Sobre todo, sirven como una motivaci\u00f3n interior profunda y convincente.<\/strong> El Papa Francisco reitera que &#8220;las convicciones de fe ofrecen a los cristianos, y en parte tambi\u00e9n a otros creyentes, altas motivaciones para cuidar la naturaleza y los hermanos y hermanas m\u00e1s fr\u00e1giles&#8221; (LS 64). De hecho, \u201csi nos sentimos \u00edntimamente unidos a todo lo que existe, brotar\u00e1 espont\u00e1neamente la sobriedad y el cuidado\u201d (LS 11).<\/p>\n<p style=\"text-align: justify;\"><strong>Por tanto, es necesario emprender un camino educativo que fortalezca en todos &#8220;la conciencia de un origen com\u00fan, de pertenencia mutua y de un futuro compartido por todos&#8221; (LS 202), hasta el punto de construir una aldea educativa global.<\/strong> Los diferentes campos educativos (escuela \/ universidad, familia, espiritualidad, medios de comunicaci\u00f3n, catequesis, etc.) pueden promover una perspectiva hol\u00edstica, que resalte la relaci\u00f3n e interdependencia de todos los seres. De esta manera, el hombre y todas las criaturas podr\u00e1n volver a &#8220;darse la mano amistosamente&#8221; (LS 106).<\/p>\n<p style=\"text-align: right;\">P. Mart\u00edn Carbajo N\u00fa\u00f1ez, OFM<\/p>\n","protected":false},"excerpt":{"rendered":"<p>(De la Academia Alfonsiana) Un proceso interactivo, din\u00e1mico e inclusivo No se puede entender que la educaci\u00f3n modele al otro inculcando valores e ideales previamente desarrollados. Esto ser\u00eda instruir, no educar. En su labor pastoral y formativa, el educador debe desarrollar la propia creatividad del artista, porque no siempre existen respuestas v\u00e1lidas para aplicarlas autom\u00e1ticamente. [&hellip;]<\/p>\n","protected":false},"author":3,"featured_media":12579,"comment_status":"closed","ping_status":"closed","sticky":false,"template":"","format":"standard","meta":[],"categories":[28],"tags":[],"_links":{"self":[{"href":"https:\/\/www.cssr.news\/spanish\/wp-json\/wp\/v2\/posts\/12578"}],"collection":[{"href":"https:\/\/www.cssr.news\/spanish\/wp-json\/wp\/v2\/posts"}],"about":[{"href":"https:\/\/www.cssr.news\/spanish\/wp-json\/wp\/v2\/types\/post"}],"author":[{"embeddable":true,"href":"https:\/\/www.cssr.news\/spanish\/wp-json\/wp\/v2\/users\/3"}],"replies":[{"embeddable":true,"href":"https:\/\/www.cssr.news\/spanish\/wp-json\/wp\/v2\/comments?post=12578"}],"version-history":[{"count":2,"href":"https:\/\/www.cssr.news\/spanish\/wp-json\/wp\/v2\/posts\/12578\/revisions"}],"predecessor-version":[{"id":12581,"href":"https:\/\/www.cssr.news\/spanish\/wp-json\/wp\/v2\/posts\/12578\/revisions\/12581"}],"wp:featuredmedia":[{"embeddable":true,"href":"https:\/\/www.cssr.news\/spanish\/wp-json\/wp\/v2\/media\/12579"}],"wp:attachment":[{"href":"https:\/\/www.cssr.news\/spanish\/wp-json\/wp\/v2\/media?parent=12578"}],"wp:term":[{"taxonomy":"category","embeddable":true,"href":"https:\/\/www.cssr.news\/spanish\/wp-json\/wp\/v2\/categories?post=12578"},{"taxonomy":"post_tag","embeddable":true,"href":"https:\/\/www.cssr.news\/spanish\/wp-json\/wp\/v2\/tags?post=12578"}],"curies":[{"name":"wp","href":"https:\/\/api.w.org\/{rel}","templated":true}]}}