{"id":126,"date":"2015-08-09T10:55:25","date_gmt":"2015-08-09T10:55:25","guid":{"rendered":"http:\/\/www.cssr.news\/spanish\/?p=126"},"modified":"2015-10-09T10:55:35","modified_gmt":"2015-10-09T10:55:35","slug":"maria-la-virgen-de-la-escucha-y-la-contemplacion","status":"publish","type":"post","link":"https:\/\/www.cssr.news\/spanish\/2015\/08\/maria-la-virgen-de-la-escucha-y-la-contemplacion\/","title":{"rendered":"Mar\u00eda: la Virgen de la escucha y la contemplaci\u00f3n"},"content":{"rendered":"<div><strong>UN CUERPO \u2013 06: \u00a0MAR\u00cdA<\/strong><\/div>\n<div><\/div>\n<div>\u201cEncomiendo a Mar\u00eda, la Virgen de la escucha y la contemplaci\u00f3n, la primera disc\u00edpula de su amado Hijo, este A\u00f1o de la Vida Consagrada. A ella, hija predilecta del Padre y revestida de todos los dones de la gracia, nos dirigimos como modelo incomparable de seguimiento en el amor a Dios y en el servicio al pr\u00f3jimo\u201d. \u00a0Son palabras del Papa Francisco en su Carta Apost\u00f3lica \u201cA todos los Consagrados\u201d, con motivo del A\u00f1o de la Vida Consagrada (21 de Noviembre, 2014).<\/div>\n<div><\/div>\n<div>Al celebrar el Jubileo de nuestro icono, recordemos que \u00e9ste es el A\u00f1o dedicado a la Vida Consagrada en la Iglesia. En esta edici\u00f3n del Bolet\u00edn \u201cUN CUERPO\u201d reflexionamos sobre Mar\u00eda. Nos preguntamos: \u00bfqu\u00e9 papel juega Mar\u00eda en nuestra vida, nuestra misi\u00f3n, nuestra espiritualidad? \u00bfCu\u00e1l es nuestra relaci\u00f3n personal con ella? Jes\u00fas pregunt\u00f3 a sus disc\u00edpulos: \u00bfqui\u00e9n dec\u00eds que soy yo? \u00a0Podr\u00edamos tambi\u00e9n, quiz\u00e1, hacernos una pregunta similar: \u00bfQui\u00e9n es Mar\u00eda y qu\u00e9 significa ella para nosotros? \u00a0\u00bfEs alguien a quien intelectualmente reconocemos y loamos, pero que permanece personalmente distante? \u00bfEs nuestra relaci\u00f3n con ella basada principalmente en los sentimientos? \u00bfEs ella simplemente un accesorio espiritual, una \u201copci\u00f3n extra\u201d, un a\u00f1adido, o Mar\u00eda constituye realmente una parte esencial en la vivencia de nuestra espiritualidad?<\/div>\n","protected":false},"excerpt":{"rendered":"<p>UN CUERPO \u2013 06: \u00a0MAR\u00cdA \u201cEncomiendo a Mar\u00eda, la Virgen de la escucha y la contemplaci\u00f3n, la primera disc\u00edpula de su amado Hijo, este A\u00f1o de la Vida Consagrada. A ella, hija predilecta del Padre y revestida de todos los dones de la gracia, nos dirigimos como modelo incomparable de seguimiento en el amor a [&hellip;]<\/p>\n","protected":false},"author":1,"featured_media":127,"comment_status":"open","ping_status":"open","sticky":false,"template":"","format":"standard","meta":[],"categories":[21],"tags":[],"_links":{"self":[{"href":"https:\/\/www.cssr.news\/spanish\/wp-json\/wp\/v2\/posts\/126"}],"collection":[{"href":"https:\/\/www.cssr.news\/spanish\/wp-json\/wp\/v2\/posts"}],"about":[{"href":"https:\/\/www.cssr.news\/spanish\/wp-json\/wp\/v2\/types\/post"}],"author":[{"embeddable":true,"href":"https:\/\/www.cssr.news\/spanish\/wp-json\/wp\/v2\/users\/1"}],"replies":[{"embeddable":true,"href":"https:\/\/www.cssr.news\/spanish\/wp-json\/wp\/v2\/comments?post=126"}],"version-history":[{"count":1,"href":"https:\/\/www.cssr.news\/spanish\/wp-json\/wp\/v2\/posts\/126\/revisions"}],"predecessor-version":[{"id":128,"href":"https:\/\/www.cssr.news\/spanish\/wp-json\/wp\/v2\/posts\/126\/revisions\/128"}],"wp:featuredmedia":[{"embeddable":true,"href":"https:\/\/www.cssr.news\/spanish\/wp-json\/wp\/v2\/media\/127"}],"wp:attachment":[{"href":"https:\/\/www.cssr.news\/spanish\/wp-json\/wp\/v2\/media?parent=126"}],"wp:term":[{"taxonomy":"category","embeddable":true,"href":"https:\/\/www.cssr.news\/spanish\/wp-json\/wp\/v2\/categories?post=126"},{"taxonomy":"post_tag","embeddable":true,"href":"https:\/\/www.cssr.news\/spanish\/wp-json\/wp\/v2\/tags?post=126"}],"curies":[{"name":"wp","href":"https:\/\/api.w.org\/{rel}","templated":true}]}}