{"id":14370,"date":"2021-07-03T10:09:00","date_gmt":"2021-07-03T08:09:00","guid":{"rendered":"https:\/\/www.cssr.news\/spanish\/?p=14370"},"modified":"2021-07-02T10:09:33","modified_gmt":"2021-07-02T08:09:33","slug":"mendoza-nueva-presencia-redentorista","status":"publish","type":"post","link":"https:\/\/www.cssr.news\/spanish\/2021\/07\/mendoza-nueva-presencia-redentorista\/","title":{"rendered":"Mendoza, nueva presencia redentorista"},"content":{"rendered":"\n<p>En el a\u00f1o 2019 en la parroquia Cristo Rey de Mendoza, Argentina, comenz\u00f3 a\u00a0gestarse la Comunidad Laical Redentorista.<br>La congregaci\u00f3n tuvo que dejar Mendoza, pero un grupo de laicos comprometidos,\u00a0que tenemos arraigado en el coraz\u00f3n el carisma redentorista y por el impulso a la misi\u00f3n compartida desde lo laical\u00a0recibido en el \u00faltimo cap\u00edtulo provincial, seguimos adelante caminando como\u00a0disc\u00edpulos misioneros.<\/p>\n\n\n\n<figure class=\"wp-block-image size-large\"><a href=\"http:\/\/www.cssr.news\/spanish\/wp-content\/uploads\/sites\/3\/2021\/07\/2021-07-01_Mendoza3.jpg\"><img width=\"720\" height=\"540\" src=\"http:\/\/www.cssr.news\/spanish\/wp-content\/uploads\/sites\/3\/2021\/07\/2021-07-01_Mendoza3.jpg\" alt=\"\" class=\"wp-image-14373\" srcset=\"https:\/\/www.cssr.news\/spanish\/wp-content\/uploads\/sites\/3\/2021\/07\/2021-07-01_Mendoza3.jpg 720w, https:\/\/www.cssr.news\/spanish\/wp-content\/uploads\/sites\/3\/2021\/07\/2021-07-01_Mendoza3-300x225.jpg 300w, https:\/\/www.cssr.news\/spanish\/wp-content\/uploads\/sites\/3\/2021\/07\/2021-07-01_Mendoza3-80x60.jpg 80w, https:\/\/www.cssr.news\/spanish\/wp-content\/uploads\/sites\/3\/2021\/07\/2021-07-01_Mendoza3-265x198.jpg 265w, https:\/\/www.cssr.news\/spanish\/wp-content\/uploads\/sites\/3\/2021\/07\/2021-07-01_Mendoza3-696x522.jpg 696w, https:\/\/www.cssr.news\/spanish\/wp-content\/uploads\/sites\/3\/2021\/07\/2021-07-01_Mendoza3-560x420.jpg 560w\" sizes=\"(max-width: 720px) 100vw, 720px\" \/><\/a><\/figure>\n\n\n\n<p>Fue as\u00ed que, durante el a\u00f1o 2020 nos fuimos afianzando y\u00a0confirmando como Comunidad Laical Redentorista, gracias a un discernimiento en com\u00fan y al\u00a0acompa\u00f1amiento permanentemente de los religiosos de la Congregaci\u00f3n. A partir de ah\u00ed\u00a0surgi\u00f3 el desaf\u00edo de comenzar una nueva misi\u00f3n en barrios de la periferia, como\u00a0respuesta al ardiente deseo de llevar a los m\u00e1s pobres y abandonados el anuncio de la\u00a0abundante redenci\u00f3n que hay en Cristo.<\/p>\n\n\n\n<p>La presente pandemia parec\u00eda ser un gran obst\u00e1culo para misionar, sin embargo, con intensa\u00a0oraci\u00f3n comunitaria, fiel escucha y gu\u00eda del Esp\u00edritu Santo, mantuvimos un\u00a0itinerario de reuniones virtuales donde planificamos el nuevo proyecto misionero, definimos\u00a0objetivos, fechas, lugar de misi\u00f3n, actividades, etc. La\u00a0antesala de la\u00a0misi\u00f3n fue la colaboraci\u00f3n\u00a0material que mantuvieron nuestros j\u00f3venes desde el a\u00f1o 2019 con un merendero de la\u00a0zona que asiste a varias familias carenciadas, este fue el primer contacto con el lugar. Se observ\u00f3\u00a0con mirada evangelizadora la\u00a0necesidad de la iglesia de despertar la fe\u00a0en estas familias.<\/p>\n\n\n\n<div class=\"wp-block-image\"><figure class=\"aligncenter size-large\"><a href=\"http:\/\/www.cssr.news\/spanish\/wp-content\/uploads\/sites\/3\/2021\/07\/2021-07-01_Mendoza1.jpg\"><img width=\"320\" height=\"180\" src=\"http:\/\/www.cssr.news\/spanish\/wp-content\/uploads\/sites\/3\/2021\/07\/2021-07-01_Mendoza1.jpg\" alt=\"\" class=\"wp-image-14374\" srcset=\"https:\/\/www.cssr.news\/spanish\/wp-content\/uploads\/sites\/3\/2021\/07\/2021-07-01_Mendoza1.jpg 320w, https:\/\/www.cssr.news\/spanish\/wp-content\/uploads\/sites\/3\/2021\/07\/2021-07-01_Mendoza1-300x169.jpg 300w\" sizes=\"(max-width: 320px) 100vw, 320px\" \/><\/a><\/figure><\/div>\n\n\n\n<p>Comenzamos con la misi\u00f3n a partir de febrero del presente a\u00f1o, cumpliendo con\u00a0los protocolos dispuestos por el ministerio de salud de la provincia. Cada semana\u00a0visitamos a las familias de los dos barrios que nos asign\u00f3 el padre Alberto, p\u00e1rroco\u00a0diocesano que est\u00e1 apoyando a la Comunidad Laical d\u00e1ndole impulso al proyecto en su jurisdicci\u00f3n.<\/p>\n\n\n\n<p>Uno de los objetivos que buscamos lograr es acercar y generar un v\u00ednculo entre\u00a0las familias de los barrios y la Capilla del lugar, Nuestra Se\u00f1ora de Lourdes.\u00a0El encuentro comunitario ante el Sant\u00edsimo y Nuestra Se\u00f1ora del Perpetuo\u00a0Socorro es primordial antes de comenzar el d\u00eda misionero, all\u00ed como comunidad\u00a0rezamos a nuestro Redentor para que cada familia reciba verdaderamente su\u00a0presencia.\u00a0Los encuentros con las personas del lugar son muy c\u00e1lidos ya que somos\u00a0recibidos\u00a0muy bien; si bien al principio se sorprenden, luego van tomando\u00a0confianza y reciben con mucho respeto el mensaje de fe, esperanza y alegr\u00eda.\u00a0Esperamos poder continuar con la misi\u00f3n durante el a\u00f1o 2021 y el a\u00f1o 2022 de\u00a0forma continua, seg\u00fan lo permitan los protocolos sanitarios.\u00a0<\/p>\n\n\n\n<p>La presencia redentorista contin\u00faa en Mendoza, esta vez por medio de una Comunidad Laical que abraza\u00a0este carisma\u00a0con amor y compromiso que brota del coraz\u00f3n abierto de nuestro amado\u00a0Redentor.<\/p>\n\n\n\n<p>Comunidad Laical Redentorista-Mendoza <\/p>\n","protected":false},"excerpt":{"rendered":"<p>En el a\u00f1o 2019 en la parroquia Cristo Rey de Mendoza, Argentina, comenz\u00f3 a\u00a0gestarse la Comunidad Laical Redentorista.La congregaci\u00f3n tuvo que dejar Mendoza, pero un grupo de laicos comprometidos,\u00a0que tenemos arraigado en el coraz\u00f3n el carisma redentorista y por el impulso a la misi\u00f3n compartida desde lo laical\u00a0recibido en el \u00faltimo cap\u00edtulo provincial, seguimos adelante [&hellip;]<\/p>\n","protected":false},"author":23,"featured_media":14372,"comment_status":"closed","ping_status":"closed","sticky":false,"template":"","format":"standard","meta":[],"categories":[32],"tags":[],"_links":{"self":[{"href":"https:\/\/www.cssr.news\/spanish\/wp-json\/wp\/v2\/posts\/14370"}],"collection":[{"href":"https:\/\/www.cssr.news\/spanish\/wp-json\/wp\/v2\/posts"}],"about":[{"href":"https:\/\/www.cssr.news\/spanish\/wp-json\/wp\/v2\/types\/post"}],"author":[{"embeddable":true,"href":"https:\/\/www.cssr.news\/spanish\/wp-json\/wp\/v2\/users\/23"}],"replies":[{"embeddable":true,"href":"https:\/\/www.cssr.news\/spanish\/wp-json\/wp\/v2\/comments?post=14370"}],"version-history":[{"count":2,"href":"https:\/\/www.cssr.news\/spanish\/wp-json\/wp\/v2\/posts\/14370\/revisions"}],"predecessor-version":[{"id":14375,"href":"https:\/\/www.cssr.news\/spanish\/wp-json\/wp\/v2\/posts\/14370\/revisions\/14375"}],"wp:featuredmedia":[{"embeddable":true,"href":"https:\/\/www.cssr.news\/spanish\/wp-json\/wp\/v2\/media\/14372"}],"wp:attachment":[{"href":"https:\/\/www.cssr.news\/spanish\/wp-json\/wp\/v2\/media?parent=14370"}],"wp:term":[{"taxonomy":"category","embeddable":true,"href":"https:\/\/www.cssr.news\/spanish\/wp-json\/wp\/v2\/categories?post=14370"},{"taxonomy":"post_tag","embeddable":true,"href":"https:\/\/www.cssr.news\/spanish\/wp-json\/wp\/v2\/tags?post=14370"}],"curies":[{"name":"wp","href":"https:\/\/api.w.org\/{rel}","templated":true}]}}