{"id":14382,"date":"2021-07-04T08:59:00","date_gmt":"2021-07-04T06:59:00","guid":{"rendered":"https:\/\/www.cssr.news\/spanish\/?p=14382"},"modified":"2021-07-05T09:02:36","modified_gmt":"2021-07-05T07:02:36","slug":"juntos-en-la-mision-el-valor-de-la-asociacion","status":"publish","type":"post","link":"https:\/\/www.cssr.news\/spanish\/2021\/07\/juntos-en-la-mision-el-valor-de-la-asociacion\/","title":{"rendered":"Juntos en la misi\u00f3n: el valor de la asociaci\u00f3n"},"content":{"rendered":"\n<p>(Cracovia, Polonia) Redentoristas, l\u00edderes laicos y representantes de la comunidad de toda Polonia se reunieron del 25 al 27 de junio de 2021 en Cracovia, Polonia, para la conferencia \u201cJuntos en misi\u00f3n\u201d. Estuvieron presentes m\u00e1s de 30 personas de comunidades que colaboran o est\u00e1n interesadas en este networking.<\/p>\n\n\n\n<p>Las reuniones anteriores se llevaron a cabo en l\u00ednea. Por lo tanto, el primer d\u00eda de la conferencia fue un momento de integraci\u00f3n y conocimiento mutuo, tanto individuos como comunidades representadas: Sursum Corda (Cracovia, Varsovia, Zakopane, Jordan\u00f3w), Equipo Misionero Este, Nueva Vida (Elbl\u0105g), Nios\u0105ca Ducha (Gliwice) , Pie\u015b\u0144 Nowa (Toru\u0144), Obfite Odkupienie (Breslavia).<\/p>\n\n\n\n<p>Durante la conferencia se presentaron las l\u00edneas generales del programa \u201cJuntos en Misi\u00f3n\u201d. Tambi\u00e9n se present\u00f3 el programa de formaci\u00f3n del segundo a\u00f1o, \u201cCrecimiento: disc\u00edpulo-misionero\u201d. Son nueve conferencias con los siguientes temas: Desarrollo personal del disc\u00edpulo-misionero; La Palabra de Dios en la vida del disc\u00edpulo-misionero; Los valores del disc\u00edpulo-misionero; Liturgia y culto a Dios; El poder se perfecciona en la debilidad; Servicio; El Esp\u00edritu Santo &#8211; celo; Evangelizaci\u00f3n: testificar y hacer disc\u00edpulos; Comunidad apost\u00f3lica evangelizada y evangelizadora.<\/p>\n\n\n\n<p>En respuesta a las necesidades de quienes han completado el primer a\u00f1o de formaci\u00f3n, se elabor\u00f3 \u200b\u200bun cuaderno de trabajo personal. Como resultado de experiencias comunes, tambi\u00e9n se desarroll\u00f3 un curso de capacitaci\u00f3n para peque\u00f1os grupos de acogida.<\/p>\n\n\n\n<figure class=\"wp-block-image size-large\"><a href=\"http:\/\/www.cssr.news\/spanish\/wp-content\/uploads\/sites\/3\/2021\/07\/razem-w-misji_2021_1.jpeg\"><img width=\"1024\" height=\"578\" src=\"http:\/\/www.cssr.news\/spanish\/wp-content\/uploads\/sites\/3\/2021\/07\/razem-w-misji_2021_1-1024x578.jpeg\" alt=\"\" class=\"wp-image-14383\" srcset=\"https:\/\/www.cssr.news\/spanish\/wp-content\/uploads\/sites\/3\/2021\/07\/razem-w-misji_2021_1-1024x578.jpeg 1024w, https:\/\/www.cssr.news\/spanish\/wp-content\/uploads\/sites\/3\/2021\/07\/razem-w-misji_2021_1-300x169.jpeg 300w, https:\/\/www.cssr.news\/spanish\/wp-content\/uploads\/sites\/3\/2021\/07\/razem-w-misji_2021_1-768x434.jpeg 768w, https:\/\/www.cssr.news\/spanish\/wp-content\/uploads\/sites\/3\/2021\/07\/razem-w-misji_2021_1-696x393.jpeg 696w, https:\/\/www.cssr.news\/spanish\/wp-content\/uploads\/sites\/3\/2021\/07\/razem-w-misji_2021_1-1068x603.jpeg 1068w, https:\/\/www.cssr.news\/spanish\/wp-content\/uploads\/sites\/3\/2021\/07\/razem-w-misji_2021_1-743x420.jpeg 743w, https:\/\/www.cssr.news\/spanish\/wp-content\/uploads\/sites\/3\/2021\/07\/razem-w-misji_2021_1.jpeg 1140w\" sizes=\"(max-width: 1024px) 100vw, 1024px\" \/><\/a><\/figure>\n\n\n\n<p>Una parte importante del encuentro fue tambi\u00e9n la dimensi\u00f3n espiritual. El s\u00e1bado por la tarde, los participantes realizaron una peregrinaci\u00f3n al Santuario de San Juan Pablo II. Luego, por la noche, los participantes en el encuentro se encomendaron a s\u00ed mismos y su misi\u00f3n a Nuestra Se\u00f1ora del Perpetuo Socorro.<\/p>\n\n\n\n<p>El proyecto \u201cJuntos en misi\u00f3n\u201d est\u00e1 coordinado por la Secretar\u00eda de Cooperaci\u00f3n en Misi\u00f3n de los Redentoristas de la provincia de Varsovia.<\/p>\n\n\n\n<p>padre Pawe\u0142 Drobot C.Ss.R., Varsovia<\/p>\n","protected":false},"excerpt":{"rendered":"<p>(Cracovia, Polonia) Redentoristas, l\u00edderes laicos y representantes de la comunidad de toda Polonia se reunieron del 25 al 27 de junio de 2021 en Cracovia, Polonia, para la conferencia \u201cJuntos en misi\u00f3n\u201d. Estuvieron presentes m\u00e1s de 30 personas de comunidades que colaboran o est\u00e1n interesadas en este networking. Las reuniones anteriores se llevaron a cabo [&hellip;]<\/p>\n","protected":false},"author":3,"featured_media":14384,"comment_status":"closed","ping_status":"closed","sticky":false,"template":"","format":"standard","meta":[],"categories":[32],"tags":[],"_links":{"self":[{"href":"https:\/\/www.cssr.news\/spanish\/wp-json\/wp\/v2\/posts\/14382"}],"collection":[{"href":"https:\/\/www.cssr.news\/spanish\/wp-json\/wp\/v2\/posts"}],"about":[{"href":"https:\/\/www.cssr.news\/spanish\/wp-json\/wp\/v2\/types\/post"}],"author":[{"embeddable":true,"href":"https:\/\/www.cssr.news\/spanish\/wp-json\/wp\/v2\/users\/3"}],"replies":[{"embeddable":true,"href":"https:\/\/www.cssr.news\/spanish\/wp-json\/wp\/v2\/comments?post=14382"}],"version-history":[{"count":2,"href":"https:\/\/www.cssr.news\/spanish\/wp-json\/wp\/v2\/posts\/14382\/revisions"}],"predecessor-version":[{"id":14386,"href":"https:\/\/www.cssr.news\/spanish\/wp-json\/wp\/v2\/posts\/14382\/revisions\/14386"}],"wp:featuredmedia":[{"embeddable":true,"href":"https:\/\/www.cssr.news\/spanish\/wp-json\/wp\/v2\/media\/14384"}],"wp:attachment":[{"href":"https:\/\/www.cssr.news\/spanish\/wp-json\/wp\/v2\/media?parent=14382"}],"wp:term":[{"taxonomy":"category","embeddable":true,"href":"https:\/\/www.cssr.news\/spanish\/wp-json\/wp\/v2\/categories?post=14382"},{"taxonomy":"post_tag","embeddable":true,"href":"https:\/\/www.cssr.news\/spanish\/wp-json\/wp\/v2\/tags?post=14382"}],"curies":[{"name":"wp","href":"https:\/\/api.w.org\/{rel}","templated":true}]}}