{"id":14396,"date":"2021-07-04T12:29:00","date_gmt":"2021-07-04T10:29:00","guid":{"rendered":"https:\/\/www.cssr.news\/spanish\/?p=14396"},"modified":"2021-07-05T12:36:43","modified_gmt":"2021-07-05T10:36:43","slug":"bendicion-e-inauguracion-de-un-nuevo-edificio-para-radio-vuvu-kieto-en-la-republica-democratica-del-congo","status":"publish","type":"post","link":"https:\/\/www.cssr.news\/spanish\/2021\/07\/bendicion-e-inauguracion-de-un-nuevo-edificio-para-radio-vuvu-kieto-en-la-republica-democratica-del-congo\/","title":{"rendered":"Bendici\u00f3n e inauguraci\u00f3n de un nuevo edificio para radio Vuvu kieto en la Rep\u00fablica Democr\u00e1tica del Congo"},"content":{"rendered":"\n<p>(Congo) Todos los dignatarios y cohermanos redentoristas participaron en la bendici\u00f3n e inauguraci\u00f3n del nuevo edificio de la Radio Redentorista denominado &#8220;Vuvu kieto&#8221;, es decir, Nuestra Esperanza el 26 de junio de 2021, en la Viceprovincia de Matadi, precisamente en la ciudad. de Mbanza-Ngungu. El acto se realiz\u00f3 en presencia de todas las autoridades de la regi\u00f3n: el administrador del territorio Mbanza-Ngungu, los servicios de seguridad del lugar, el jefe de regulaci\u00f3n de medios, representantes de radios comunitarias, socios econ\u00f3micos, agentes y colaboradores de nuestro radio y algunos redentoristas.<\/p>\n\n\n\n<p>Al comienzo de la ceremonia, el Padre Roger Mbiyavanga, CSsR, director general de nuestra Radio, dijo en su discurso:<\/p>\n\n\n\n<p>Estamos muy contentos de conocer a muchos de ustedes en este memorable evento para el nuevo edificio que ahora albergar\u00e1 Radio Vuvu Kieto, una herramienta de evangelizaci\u00f3n de la Congregaci\u00f3n del Sant\u00edsimo Redentor en la Rep\u00fablica Democr\u00e1tica del Congo. Nos gustar\u00eda dar la bienvenida a todos a este entorno dise\u00f1ado para proporcionar una plataforma para esta ceremonia. Con su misi\u00f3n de evangelizar, informar, capacitar y entretener, Radio Vuvu Kieto se merece algo mejor, ver m\u00e1s; por eso el Rev. P. Jean-Robert Diyabanza, Viceprovincial, y su consejo han decidido ofrecer a todos los que trabajan en la RVK (Radio Vuvu Kieto) un ambiente digno de la grandeza y el peso que este instrumento de evangelizaci\u00f3n conlleva desde dos decadas.<\/p>\n\n\n\n<figure class=\"wp-block-image size-large\"><a href=\"http:\/\/www.cssr.news\/spanish\/wp-content\/uploads\/sites\/3\/2021\/07\/radio-3.jpg\"><img width=\"960\" height=\"560\" src=\"http:\/\/www.cssr.news\/spanish\/wp-content\/uploads\/sites\/3\/2021\/07\/radio-3.jpg\" alt=\"\" class=\"wp-image-14397\" srcset=\"https:\/\/www.cssr.news\/spanish\/wp-content\/uploads\/sites\/3\/2021\/07\/radio-3.jpg 960w, https:\/\/www.cssr.news\/spanish\/wp-content\/uploads\/sites\/3\/2021\/07\/radio-3-300x175.jpg 300w, https:\/\/www.cssr.news\/spanish\/wp-content\/uploads\/sites\/3\/2021\/07\/radio-3-768x448.jpg 768w, https:\/\/www.cssr.news\/spanish\/wp-content\/uploads\/sites\/3\/2021\/07\/radio-3-696x406.jpg 696w, https:\/\/www.cssr.news\/spanish\/wp-content\/uploads\/sites\/3\/2021\/07\/radio-3-720x420.jpg 720w\" sizes=\"(max-width: 960px) 100vw, 960px\" \/><\/a><\/figure>\n\n\n\n<p>Es nuestro deber, en esta etapa de la ceremonia de hoy, pintar lac\u00f3nicamente la historia de esta radio que, en el momento en que hablo, sigue siendo la \u00fanica con una gran audiencia y la mejor organizada de su sector.<\/p>\n\n\n\n<p>Para su informaci\u00f3n, la RVK, bajo la direcci\u00f3n del Rev. Padre Athanase Nsiamina CSsR, entonces Viceprovincial, lanz\u00f3 su primera se\u00f1al el 26 de noviembre de 2003. La oficina ten\u00eda su sede en el Centro Cultural Saint Alphonse, mientras que su transmisor est\u00e1 ubicado en la torre de la parroquia del Sagrado Coraz\u00f3n, transmitiendo as\u00ed con el sistema beam. La radiodifusi\u00f3n hab\u00eda experimentado m\u00faltiples problemas, principalmente el suministro de electricidad. Durante la transmisi\u00f3n, algunos cortes de energ\u00eda interrump\u00edan nuestras transmisiones tanto en el estudio del Centro Cultural Saint Alphonse como en la parroquia donde se encontraba su transmisor. Por no hablar de otras dificultades organizativas y problemas financieros enfrentados anteriormente, RVK sobrevivi\u00f3 a pesar de todas estas dificultades.<\/p>\n\n\n\n<p>El padre Michel Makumbu Aveledi, primer director general, decidi\u00f3, con el acuerdo del consejo viceprovincial, colocar el estudio y la emisora \u200b\u200ben el mismo lugar en 2007; luego en la Parroquia del Sagrado Coraz\u00f3n. Pero exist\u00eda la obligaci\u00f3n de montar un antiguo dormitorio para esta instalaci\u00f3n. Y la RVK permanecer\u00e1 all\u00ed hasta mayo de 2021. Viendo las condiciones en las que se encuentra esta gran herramienta de evangelizaci\u00f3n y, el m\u00e1s experimentado de la di\u00f3cesis de Matadi, el reverendo viceprovincial padre John Robert Diyabanza, actu\u00f3 tras escuchar otras opiniones y consideraciones de nuevos colaboradores de RVK, en particular, su nuevo comit\u00e9 de gesti\u00f3n que incluye al Director General P. Roger Mbiyavanga, el Director General Adjunto P. Richard Makasi y el p\u00e1rroco del Sagrado Coraz\u00f3n, P. Jean-Marie Nsimba, consider\u00f3 el derecho a remodelar un edificio del antiguo Garage delle Missioni para darle una forma m\u00e1s hermosa, propiedad de la Congregaci\u00f3n del Sant\u00edsimo Redentor en la Rep\u00fablica Democr\u00e1tica del Congo. Es oportuno aqu\u00ed agradecer a todos aquellos que han contribuido tanto aguas arriba como aguas abajo a la realizaci\u00f3n de esta gran obra de la que pediremos al Administrador del territorio de Mbanza-Ngungu que realice el corte simb\u00f3lico de la cinta, y a la parroquia. sacerdote delegado al viceprovincial para presidir la ceremonia de bendici\u00f3n.<\/p>\n\n\n\n<p>En cualquier caso, no podremos cerrar este discurso sin hablaros de la sucesi\u00f3n de directivos y personal que esta Radio ha conocido desde su creaci\u00f3n y desde su puesta en marcha hasta hoy. Perm\u00edtanme citar como pionero al reverendo padre Athanase Nsiamina, al padre Michel Aveledi, primer director general y gran propulsor de la RVK (2003-2009), y al hermano Nicaise Mundurame subdirector general. Posteriormente, la direcci\u00f3n de esta Radio fue reemplazada por: Padre Athanase Nsiamina (2009-2013), Reverendo Padre Hubert Mvibudulu (2013-2017), Reverendo Padre Hubert Ngwamu (2017-2019); y en esos d\u00edas el Reverendo Padre Roger Mbiyavanga (2019-). Otros han contribuido a RVK que desde su creaci\u00f3n hasta estos d\u00edas ha contado con la participaci\u00f3n de diversos colaboradores, t\u00e9cnicos y periodistas. Sin embargo, saludamos los esfuerzos inolvidables, la lealtad, el compromiso de algunos que han estado con RVK desde sus inicios hasta hoy. El Sr. Neron Nkata, Lucky Basianga, la Sra. Mamy, la Sra. Alphonsine, el Sr. Adrien Malamba, y todos aquellos que todav\u00eda son esenciales dentro de la RVK; reciben nuestro m\u00e1s afectuoso homenaje en este lugar.<\/p>\n\n\n\n<p>No sin una pizca de orgullo, podemos asegurarles que durante muchos a\u00f1os esta estaci\u00f3n de radio se ha mantenido como l\u00edder de todos los medios conocidos aqu\u00ed en Mbanza-Ngungu y sus alrededores. Por eso seguimos animando a los art\u00edfices de esta gran batalla a que nos ayuden a mantener nuestro lugar en el concierto de los medios que abundan en nuestro universo.<\/p>\n\n\n\n<p>Queremos agradecer a todos aquellos que han valorado su presencia en esta ceremonia inaugural con todos los protocolos seguidos.<\/p>\n\n\n\n<p>Luego del corte de la cinta y la bendici\u00f3n del Padre Jean-Marie Nsimba CSsR, se comparti\u00f3 un c\u00e1liz de amistad entre los invitados en el \u00e1rea de Radio, y se honr\u00f3 a las autoridades, as\u00ed como a los socios financieros, y finalmente, una recepci\u00f3n. de amistad estaba reservado para invitados y dignatarios en el restaurante parroquial.<\/p>\n\n\n\n<p>\u00a1Con \u00e9l! \u00a1Hay abundante redenci\u00f3n!<\/p>\n\n\n\n<p>P. Roger Mbiyavanga CSsR<\/p>\n","protected":false},"excerpt":{"rendered":"<p>(Congo) Todos los dignatarios y cohermanos redentoristas participaron en la bendici\u00f3n e inauguraci\u00f3n del nuevo edificio de la Radio Redentorista denominado &#8220;Vuvu kieto&#8221;, es decir, Nuestra Esperanza el 26 de junio de 2021, en la Viceprovincia de Matadi, precisamente en la ciudad. de Mbanza-Ngungu. El acto se realiz\u00f3 en presencia de todas las autoridades de [&hellip;]<\/p>\n","protected":false},"author":3,"featured_media":14398,"comment_status":"closed","ping_status":"closed","sticky":false,"template":"","format":"standard","meta":[],"categories":[27],"tags":[],"_links":{"self":[{"href":"https:\/\/www.cssr.news\/spanish\/wp-json\/wp\/v2\/posts\/14396"}],"collection":[{"href":"https:\/\/www.cssr.news\/spanish\/wp-json\/wp\/v2\/posts"}],"about":[{"href":"https:\/\/www.cssr.news\/spanish\/wp-json\/wp\/v2\/types\/post"}],"author":[{"embeddable":true,"href":"https:\/\/www.cssr.news\/spanish\/wp-json\/wp\/v2\/users\/3"}],"replies":[{"embeddable":true,"href":"https:\/\/www.cssr.news\/spanish\/wp-json\/wp\/v2\/comments?post=14396"}],"version-history":[{"count":2,"href":"https:\/\/www.cssr.news\/spanish\/wp-json\/wp\/v2\/posts\/14396\/revisions"}],"predecessor-version":[{"id":14401,"href":"https:\/\/www.cssr.news\/spanish\/wp-json\/wp\/v2\/posts\/14396\/revisions\/14401"}],"wp:featuredmedia":[{"embeddable":true,"href":"https:\/\/www.cssr.news\/spanish\/wp-json\/wp\/v2\/media\/14398"}],"wp:attachment":[{"href":"https:\/\/www.cssr.news\/spanish\/wp-json\/wp\/v2\/media?parent=14396"}],"wp:term":[{"taxonomy":"category","embeddable":true,"href":"https:\/\/www.cssr.news\/spanish\/wp-json\/wp\/v2\/categories?post=14396"},{"taxonomy":"post_tag","embeddable":true,"href":"https:\/\/www.cssr.news\/spanish\/wp-json\/wp\/v2\/tags?post=14396"}],"curies":[{"name":"wp","href":"https:\/\/api.w.org\/{rel}","templated":true}]}}