{"id":14402,"date":"2021-07-05T12:41:27","date_gmt":"2021-07-05T10:41:27","guid":{"rendered":"https:\/\/www.cssr.news\/spanish\/?p=14402"},"modified":"2021-07-05T12:43:37","modified_gmt":"2021-07-05T10:43:37","slug":"un-verano-de-esperanza","status":"publish","type":"post","link":"https:\/\/www.cssr.news\/spanish\/2021\/07\/un-verano-de-esperanza\/","title":{"rendered":"Un verano de esperanza"},"content":{"rendered":"\n<p class=\"has-text-align-right\">(del Blog de la Academia Alfonsiana)<\/p>\n\n\n\n<p><em>\u00a1Bienvenido Verano!<\/em> La llegada del calor al hemisferio norte del mundo se corresponde con la suspensi\u00f3n de las actividades escolares y la ralentizaci\u00f3n del ritmo de vida. Casi parece que todo adquiere un nuevo sabor.<\/p>\n\n\n\n<p>Hace un a\u00f1o, unos meses despu\u00e9s de la pandemia, saludando a todos, escrib\u00eda &#8220;El verano siempre ha sido sin\u00f3nimo de libertad, ahora se convierte en una experiencia de&#8221; libertad condicional &#8220;. Sin cometer un delito, todo el mundo vive de restricciones psicol\u00f3gicas, relacionales y de salud \u201d.<\/p>\n\n\n\n<p>Un a\u00f1o despu\u00e9s, algo empez\u00f3 a cambiar. Muchos han recibido al menos una dosis de la vacuna. Muchos han erigido defensas para detener el virus, si no el bacteriol\u00f3gico al menos el psicol\u00f3gico. Otros esperan una normalidad que hemos entendido que no puede estar del todo ah\u00ed.<\/p>\n\n\n\n<p>El verano siempre ha sido la \u00e9poca de la luz, los sue\u00f1os y los proyectos por su ritmo tan particular. Para disfrutar de la luz debemos hacer el ejercicio de la memoria. Es decir, tener la valent\u00eda de tomar todas las experiencias vividas en este curso acad\u00e9mico que est\u00e1 terminando en tus manos y leerlas con franqueza. Nada pasa por casualidad. Todo es fruto de la Providencia. Por ejemplo, al navegar por las p\u00e1ginas virtuales de este blog, cada art\u00edculo es una experiencia, una reflexi\u00f3n, que los autores quisieron compartir con todos para dar pasos de crecimiento juntos.<\/p>\n\n\n\n<p>Cada paso es diferente al otro. Todo depende del objetivo a alcanzar. El horario de verano lleva consigo el deseo de proyectos ambiciosos que toman forma durante las tardes largas y soleadas y las noches c\u00e1lidas. El verano es el momento adecuado para tener esperanza cristiana. La esperanza del hombre est\u00e1 ligada a su existencia, a la positividad de la vida o, si se quiere, a la tensi\u00f3n que lo empuja a realizarse como proyecto. Es la esperanza la que nos hace decir s\u00ed al mundo, la que nos hace aceptar la realidad del ser. De esta esperanza nace la historia, precisamente la planificaci\u00f3n del destino del hombre, responsabiliz\u00e1ndose de \u00e9l.<\/p>\n\n\n\n<p>En realidad, en palabras de Gabriel Marcel, s\u00f3lo hay una esperanza a la que estamos llamados: &#8220;La \u00fanica esperanza genuina es aquella que se convierte en algo que no depende de nosotros&#8221;. Creo que la experiencia del verano pasado nos ense\u00f1\u00f3 a los creyentes que m\u00e1s que decir que la esperanza est\u00e1 dirigida a &#8220;algo que no depende de nosotros&#8221;, est\u00e1 dirigida a &#8220;Alguien que no depende de nosotros&#8221;.<\/p>\n\n\n\n<p>Deseo que todos vivan este verano como un encuentro con el Rey de la Paz para echar ra\u00edces cada vez m\u00e1s en la Esperanza\u2026 para retomar nuestras actividades en octubre: \u00a1\u00a1\u00a1nos vemos en el blog !!!<\/p>\n\n\n\n<p class=\"has-text-align-right\">padre Alfonso V. Amarante, CSsR<\/p>\n","protected":false},"excerpt":{"rendered":"<p>(del Blog de la Academia Alfonsiana) \u00a1Bienvenido Verano! La llegada del calor al hemisferio norte del mundo se corresponde con la suspensi\u00f3n de las actividades escolares y la ralentizaci\u00f3n del ritmo de vida. Casi parece que todo adquiere un nuevo sabor. Hace un a\u00f1o, unos meses despu\u00e9s de la pandemia, saludando a todos, escrib\u00eda &#8220;El [&hellip;]<\/p>\n","protected":false},"author":3,"featured_media":14403,"comment_status":"closed","ping_status":"closed","sticky":false,"template":"","format":"standard","meta":[],"categories":[28],"tags":[],"_links":{"self":[{"href":"https:\/\/www.cssr.news\/spanish\/wp-json\/wp\/v2\/posts\/14402"}],"collection":[{"href":"https:\/\/www.cssr.news\/spanish\/wp-json\/wp\/v2\/posts"}],"about":[{"href":"https:\/\/www.cssr.news\/spanish\/wp-json\/wp\/v2\/types\/post"}],"author":[{"embeddable":true,"href":"https:\/\/www.cssr.news\/spanish\/wp-json\/wp\/v2\/users\/3"}],"replies":[{"embeddable":true,"href":"https:\/\/www.cssr.news\/spanish\/wp-json\/wp\/v2\/comments?post=14402"}],"version-history":[{"count":2,"href":"https:\/\/www.cssr.news\/spanish\/wp-json\/wp\/v2\/posts\/14402\/revisions"}],"predecessor-version":[{"id":14406,"href":"https:\/\/www.cssr.news\/spanish\/wp-json\/wp\/v2\/posts\/14402\/revisions\/14406"}],"wp:featuredmedia":[{"embeddable":true,"href":"https:\/\/www.cssr.news\/spanish\/wp-json\/wp\/v2\/media\/14403"}],"wp:attachment":[{"href":"https:\/\/www.cssr.news\/spanish\/wp-json\/wp\/v2\/media?parent=14402"}],"wp:term":[{"taxonomy":"category","embeddable":true,"href":"https:\/\/www.cssr.news\/spanish\/wp-json\/wp\/v2\/categories?post=14402"},{"taxonomy":"post_tag","embeddable":true,"href":"https:\/\/www.cssr.news\/spanish\/wp-json\/wp\/v2\/tags?post=14402"}],"curies":[{"name":"wp","href":"https:\/\/api.w.org\/{rel}","templated":true}]}}