{"id":14430,"date":"2021-07-05T13:06:00","date_gmt":"2021-07-05T11:06:00","guid":{"rendered":"https:\/\/www.cssr.news\/spanish\/?p=14430"},"modified":"2021-07-06T13:28:27","modified_gmt":"2021-07-06T11:28:27","slug":"inauguracion-del-ano-pastoral-transicion-al-ministerio-en-el-monte-sant-alfonso-bangalore","status":"publish","type":"post","link":"https:\/\/www.cssr.news\/spanish\/2021\/07\/inauguracion-del-ano-pastoral-transicion-al-ministerio-en-el-monte-sant-alfonso-bangalore\/","title":{"rendered":"Inauguraci\u00f3n del A\u00f1o Pastoral \/ Transici\u00f3n al Ministerio en el Monte Sant \u2019Alfonso, Bangalore"},"content":{"rendered":"\n<p>(India) El 5 de julio de 2021, se ha inaugurado el A\u00f1o Pastoral \/ transici\u00f3n al Ministero del P. Edward Joseph (provincial de Bangalore) y el P. Joseph Ivel Mendanha (V. Provincial de la Majella) del Monte San Alfonso en Bangalore. Hay 9 j\u00f3venes sacerdotes redentoristas reci\u00e9n ordenados (5 de Bangalore: Robin, Prem, Vijay Kumar, Johnson y Abjay y 4 de Majella: Dony, Savio, Ashwil y Joyan) en el a\u00f1o pastoral o de transici\u00f3n al ministerio para este a\u00f1o acad\u00e9mico 2021 \/ 22. El equipo est\u00e1 animado por PP. George Puthenpura, (director), el padre Joseph Royan (director adjunto) y el padre Juventius Andrade de la provincia de Bangalore. El padre Assisi Saldanha (Rector del Monte Sant&#8217;Alfonso) es el superior de la comunidad.<\/p>\n\n\n\n<p>padre Edward presidi\u00f3 la celebraci\u00f3n eucar\u00edstica para la inauguraci\u00f3n del a\u00f1o y enfatiz\u00f3 la necesidad de estar estrechamente conectados con el Se\u00f1or, sin temer el pasado y sin embargo llenos de esperanza para el futuro, mientras nos preparamos para el ministerio como redentoristas en la India. M\u00e1s tarde, marcando el comienzo del a\u00f1o en una breve reuni\u00f3n despu\u00e9s de encender la l\u00e1mpara, el Padre Edward explic\u00f3 las razones para tener este a\u00f1o en MSA y luego enfatiz\u00f3 la importancia de este a\u00f1o vital en la formaci\u00f3n de los Redentoristas en India, tambi\u00e9n visto los tiempos dif\u00edciles que estamos. experimentando. tales como la necesidad de seguir las pautas de la Ratio Formationis y las pautas recientemente establecidas para la Formaci\u00f3n Pastoral para las 3 Unidades en la India.<\/p>\n\n\n\n<figure class=\"wp-block-image size-large\"><a href=\"http:\/\/www.cssr.news\/spanish\/wp-content\/uploads\/sites\/3\/2021\/07\/banga_20210705_094611-scaled-1.jpg\"><img width=\"1024\" height=\"462\" src=\"http:\/\/www.cssr.news\/spanish\/wp-content\/uploads\/sites\/3\/2021\/07\/banga_20210705_094611-scaled-1-1024x462.jpg\" alt=\"\" class=\"wp-image-14432\" srcset=\"https:\/\/www.cssr.news\/spanish\/wp-content\/uploads\/sites\/3\/2021\/07\/banga_20210705_094611-scaled-1-1024x462.jpg 1024w, https:\/\/www.cssr.news\/spanish\/wp-content\/uploads\/sites\/3\/2021\/07\/banga_20210705_094611-scaled-1-300x135.jpg 300w, https:\/\/www.cssr.news\/spanish\/wp-content\/uploads\/sites\/3\/2021\/07\/banga_20210705_094611-scaled-1-768x346.jpg 768w, https:\/\/www.cssr.news\/spanish\/wp-content\/uploads\/sites\/3\/2021\/07\/banga_20210705_094611-scaled-1-1536x692.jpg 1536w, https:\/\/www.cssr.news\/spanish\/wp-content\/uploads\/sites\/3\/2021\/07\/banga_20210705_094611-scaled-1-2048x923.jpg 2048w, https:\/\/www.cssr.news\/spanish\/wp-content\/uploads\/sites\/3\/2021\/07\/banga_20210705_094611-scaled-1-696x314.jpg 696w, https:\/\/www.cssr.news\/spanish\/wp-content\/uploads\/sites\/3\/2021\/07\/banga_20210705_094611-scaled-1-1068x481.jpg 1068w, https:\/\/www.cssr.news\/spanish\/wp-content\/uploads\/sites\/3\/2021\/07\/banga_20210705_094611-scaled-1-932x420.jpg 932w\" sizes=\"(max-width: 1024px) 100vw, 1024px\" \/><\/a><\/figure>\n\n\n\n<p>A continuaci\u00f3n, padre Ivel se dirigi\u00f3 al grupo y record\u00f3 a los j\u00f3venes Redentoristas el llamado del Papa Francisco a los religiosos a despertar al mundo junto con la preparaci\u00f3n para la reflexi\u00f3n del Cap\u00edtulo General sobre los Testigos del Redentor. Hizo hincapi\u00e9 en la necesidad de estar atentos al grito de la gente, de mantener en el coraz\u00f3n las preocupaciones y los dolores de nuestra gente mientras se preparan intensamente para el ministerio en este a\u00f1o crucial de su formaci\u00f3n.<\/p>\n\n\n\n<p>padre Assisi Saldanha acogi\u00f3 a los j\u00f3venes redentoristas en la comunidad de Monte Sant&#8217;Alfonso y explic\u00f3 la din\u00e1mica de la comunidad junto con los desaf\u00edos futuros en el contexto de la pandemia en curso.<\/p>\n\n\n\n<p>padre Joseph Royan, subdirector, concluy\u00f3 el programa con unas palabras y luego invit\u00f3 al grupo a un momento de merienda despu\u00e9s de cantar la Salve Regina.<\/p>\n\n\n\n<p>Joseph Ivel Mendanha, C.Ss.R.<\/p>\n","protected":false},"excerpt":{"rendered":"<p>(India) El 5 de julio de 2021, se ha inaugurado el A\u00f1o Pastoral \/ transici\u00f3n al Ministero del P. Edward Joseph (provincial de Bangalore) y el P. Joseph Ivel Mendanha (V. Provincial de la Majella) del Monte San Alfonso en Bangalore. Hay 9 j\u00f3venes sacerdotes redentoristas reci\u00e9n ordenados (5 de Bangalore: Robin, Prem, Vijay Kumar, [&hellip;]<\/p>\n","protected":false},"author":3,"featured_media":14431,"comment_status":"closed","ping_status":"closed","sticky":false,"template":"","format":"standard","meta":[],"categories":[15],"tags":[],"_links":{"self":[{"href":"https:\/\/www.cssr.news\/spanish\/wp-json\/wp\/v2\/posts\/14430"}],"collection":[{"href":"https:\/\/www.cssr.news\/spanish\/wp-json\/wp\/v2\/posts"}],"about":[{"href":"https:\/\/www.cssr.news\/spanish\/wp-json\/wp\/v2\/types\/post"}],"author":[{"embeddable":true,"href":"https:\/\/www.cssr.news\/spanish\/wp-json\/wp\/v2\/users\/3"}],"replies":[{"embeddable":true,"href":"https:\/\/www.cssr.news\/spanish\/wp-json\/wp\/v2\/comments?post=14430"}],"version-history":[{"count":1,"href":"https:\/\/www.cssr.news\/spanish\/wp-json\/wp\/v2\/posts\/14430\/revisions"}],"predecessor-version":[{"id":14433,"href":"https:\/\/www.cssr.news\/spanish\/wp-json\/wp\/v2\/posts\/14430\/revisions\/14433"}],"wp:featuredmedia":[{"embeddable":true,"href":"https:\/\/www.cssr.news\/spanish\/wp-json\/wp\/v2\/media\/14431"}],"wp:attachment":[{"href":"https:\/\/www.cssr.news\/spanish\/wp-json\/wp\/v2\/media?parent=14430"}],"wp:term":[{"taxonomy":"category","embeddable":true,"href":"https:\/\/www.cssr.news\/spanish\/wp-json\/wp\/v2\/categories?post=14430"},{"taxonomy":"post_tag","embeddable":true,"href":"https:\/\/www.cssr.news\/spanish\/wp-json\/wp\/v2\/tags?post=14430"}],"curies":[{"name":"wp","href":"https:\/\/api.w.org\/{rel}","templated":true}]}}