{"id":14435,"date":"2021-07-06T14:08:11","date_gmt":"2021-07-06T12:08:11","guid":{"rendered":"https:\/\/www.cssr.news\/spanish\/?p=14435"},"modified":"2021-07-06T14:24:40","modified_gmt":"2021-07-06T12:24:40","slug":"jose-carlos-linhares-nombrado-procurador-general","status":"publish","type":"post","link":"https:\/\/www.cssr.news\/spanish\/2021\/07\/jose-carlos-linhares-nombrado-procurador-general\/","title":{"rendered":"Jos\u00e9 Carlos Linhares nombrado Procurador General"},"content":{"rendered":"\n<p>El 18 de junio de 2021, el Gobierno General eligi\u00f3 y nombr\u00f3 al P. Jos\u00e9 Carlos Linhares Pontes J\u00fanior, CSsR, brasile\u00f1o de la Viceprovincia de Fortaleza, como Procurador General de los Redentoristas. Ya se ha desempe\u00f1ado como Procurador General Adjunto desde que fue nombrado el 14 de diciembre de 2018 y sucede al P. John Vargas, CSsR, de la provincia de Denver, quien present\u00f3 su renuncia.<\/p>\n\n\n\n<p>El Procurador General es quien \u201cdepende directamente del Gobierno General, representa a la Congregaci\u00f3n ante la Sede Apost\u00f3lica. Expone su juicio cuando las pr\u00e1cticas actuales o la Santa Sede lo requieren \u201d(Estatutos 0128, CSsR). Por lo tanto, \u201ctodos los tr\u00e1mites que deben tramitar en la Santa Sede la Congregaci\u00f3n, las (Vice) Provincias, las casas y los cohermanos individuales pasar\u00e1n por el Procurador General\u201d (Estatutos 0129, CSsR).<\/p>\n\n\n\n<p>La Congregaci\u00f3n del Sant\u00edsimo Redentor fue fundada por San Alfonso el 9 de noviembre de 1732. El 25 de febrero de 1749, el Papa Benedicto XIV otorg\u00f3 la aprobaci\u00f3n de la Congregaci\u00f3n y las reglas. En el mismo a\u00f1o 1749, el P. Francesco Maria Margotta fue nombrado primer Procurador General. Italiano, nacido en Calitri (Avellino) en 1699, ayud\u00f3 a San Alfonso durante el Primer Cap\u00edtulo General de los Redentoristas que tuvo lugar en Ciorani del 1 al 8 de octubre de 1749.<\/p>\n\n\n\n<p>En el a\u00f1o 1764, el P. Lorenzo D&#8217;Antonio fue nombrado segundo Procurador General. Colabor\u00f3 \u200b\u200ben la preparaci\u00f3n del segundo Cap\u00edtulo general que tuvo lugar entre el 3 de septiembre y el 15 de octubre de 1764. El tercer Procurador general fue el P. Antonio Maria Tannoia (1769-1780). Entre los a\u00f1os 1781-1793 y 1853-1868 la Congregaci\u00f3n Redentorista tuvo dos Procuradores Generales en virtud de los asuntos entre los Estados Pontificios, Trasalpina y el Reino de las Dos Sicilias.<\/p>\n\n\n\n<p>Despu\u00e9s de su ordenaci\u00f3n, el P. Jos\u00e9 Carlos Linhares trabaj\u00f3 en la misi\u00f3n redentorista en Furancungo (Mozambique) y luego fue enviado a Roma para estudiar. Es abogado civil y can\u00f3nico (utriusque iuris). El 21 de junio de 2021 inici\u00f3 la funci\u00f3n de Procurador General. Que San Alfonso le ayude en este ministerio a la Congregaci\u00f3n del Sant\u00edsimo Redentor.<\/p>\n","protected":false},"excerpt":{"rendered":"<p>El 18 de junio de 2021, el Gobierno General eligi\u00f3 y nombr\u00f3 al P. Jos\u00e9 Carlos Linhares Pontes J\u00fanior, CSsR, brasile\u00f1o de la Viceprovincia de Fortaleza, como Procurador General de los Redentoristas. Ya se ha desempe\u00f1ado como Procurador General Adjunto desde que fue nombrado el 14 de diciembre de 2018 y sucede al P. John [&hellip;]<\/p>\n","protected":false},"author":3,"featured_media":14436,"comment_status":"closed","ping_status":"closed","sticky":false,"template":"","format":"standard","meta":[],"categories":[17],"tags":[],"_links":{"self":[{"href":"https:\/\/www.cssr.news\/spanish\/wp-json\/wp\/v2\/posts\/14435"}],"collection":[{"href":"https:\/\/www.cssr.news\/spanish\/wp-json\/wp\/v2\/posts"}],"about":[{"href":"https:\/\/www.cssr.news\/spanish\/wp-json\/wp\/v2\/types\/post"}],"author":[{"embeddable":true,"href":"https:\/\/www.cssr.news\/spanish\/wp-json\/wp\/v2\/users\/3"}],"replies":[{"embeddable":true,"href":"https:\/\/www.cssr.news\/spanish\/wp-json\/wp\/v2\/comments?post=14435"}],"version-history":[{"count":2,"href":"https:\/\/www.cssr.news\/spanish\/wp-json\/wp\/v2\/posts\/14435\/revisions"}],"predecessor-version":[{"id":14438,"href":"https:\/\/www.cssr.news\/spanish\/wp-json\/wp\/v2\/posts\/14435\/revisions\/14438"}],"wp:featuredmedia":[{"embeddable":true,"href":"https:\/\/www.cssr.news\/spanish\/wp-json\/wp\/v2\/media\/14436"}],"wp:attachment":[{"href":"https:\/\/www.cssr.news\/spanish\/wp-json\/wp\/v2\/media?parent=14435"}],"wp:term":[{"taxonomy":"category","embeddable":true,"href":"https:\/\/www.cssr.news\/spanish\/wp-json\/wp\/v2\/categories?post=14435"},{"taxonomy":"post_tag","embeddable":true,"href":"https:\/\/www.cssr.news\/spanish\/wp-json\/wp\/v2\/tags?post=14435"}],"curies":[{"name":"wp","href":"https:\/\/api.w.org\/{rel}","templated":true}]}}