{"id":14440,"date":"2021-07-07T23:30:00","date_gmt":"2021-07-07T21:30:00","guid":{"rendered":"https:\/\/www.cssr.news\/spanish\/?p=14440"},"modified":"2021-07-08T11:43:37","modified_gmt":"2021-07-08T09:43:37","slug":"el-jefe-de-la-iglesia-greco-catolica-ucraniana-ha-confiado-la-marina-ucraniana-a-la-proteccion-de-nuestra-senora-del-perpetuo-socorro","status":"publish","type":"post","link":"https:\/\/www.cssr.news\/spanish\/2021\/07\/el-jefe-de-la-iglesia-greco-catolica-ucraniana-ha-confiado-la-marina-ucraniana-a-la-proteccion-de-nuestra-senora-del-perpetuo-socorro\/","title":{"rendered":"El jefe de la Iglesia greco-cat\u00f3lica ucraniana ha confiado la marina ucraniana a la protecci\u00f3n de Nuestra Se\u00f1ora del Perpetuo Socorro"},"content":{"rendered":"\n<p>El primer domingo de julio, Ucrania celebra el D\u00eda de las Fuerzas Navales y, al mismo tiempo, la Iglesia Cat\u00f3lica Ucraniana de rito bizantino celebra la fiesta de Nuestra Se\u00f1ora del Perpetuo Socorro. Dicho esto, el domingo 4 de julio, el jefe de la UGCC (Iglesia greco-cat\u00f3lica ucraniana) Su Beatitud Svyatoslav present\u00f3 la flota militar ucraniana bajo la protecci\u00f3n de la Madre de Dios del Perpetuo Socorro.<\/p>\n\n\n\n<p>En este d\u00eda en las comunidades de fieles de la UCC recuerdan a los militares y veteranos de la Armada de Ucrania y a los miembros de sus familias, confi\u00e1ndolos al cuidado espiritual de los capellanes militares.<\/p>\n\n\n\n<p>Creemos que hoy, cuando nuestra naci\u00f3n atraviesa muchas pruebas, la Madre de Dios con su coraz\u00f3n maternal escuchar\u00e1 las oraciones de los marineros ucranianos y sus comandantes y seguir\u00e1 siendo un refugio confiable y una gu\u00eda amorosa a trav\u00e9s de los desaf\u00edos y las olas con el valiente servicio diario militar en beneficio de Ucrania y su pueblo\u201d, &#8211; se\u00f1al\u00f3 el departamento de capellan\u00eda militar.<\/p>\n\n\n\n<p>El S\u00ednodo de Obispos de la UGCC, celebrado en Lviv, del 3 al 12 de septiembre de 2017, estableci\u00f3 la fecha de la fiesta de Nuestra Se\u00f1ora del Perpetuo Socorro y el Jefe de la Iglesia Cat\u00f3lica de Ucrania proclam\u00f3 una celebraci\u00f3n anual de esta fiesta el primer domingo de julio.<\/p>\n\n\n\n<p>Este a\u00f1o celebramos el 150 aniversario del honor de Nuestra Se\u00f1ora del Perpetuo Socorro y notamos la amplia presencia de este \u00edcono en las iglesias y hogares de personas de diversas denominaciones en Ucrania, as\u00ed como m\u00e1s all\u00e1 de sus fronteras y la devoci\u00f3n generalizada entre nuestros fieles.<\/p>\n\n\n\n<p>Fuente:\u00a0<a rel=\"noreferrer noopener\" href=\"http:\/\/news.ugcc.ua\/news\/glava_ugkts_v%D1%96ddaie_ukrainskiy_v%D1%96yskoviy_flot_p%D1%96d_pokrov_mater%D1%96_bozhoi_neustannoi_pomoch%D1%96_93807.html\" target=\"_blank\">news.ugcc.ua<\/a><\/p>\n","protected":false},"excerpt":{"rendered":"<p>El primer domingo de julio, Ucrania celebra el D\u00eda de las Fuerzas Navales y, al mismo tiempo, la Iglesia Cat\u00f3lica Ucraniana de rito bizantino celebra la fiesta de Nuestra Se\u00f1ora del Perpetuo Socorro. Dicho esto, el domingo 4 de julio, el jefe de la UGCC (Iglesia greco-cat\u00f3lica ucraniana) Su Beatitud Svyatoslav present\u00f3 la flota militar [&hellip;]<\/p>\n","protected":false},"author":3,"featured_media":14441,"comment_status":"closed","ping_status":"closed","sticky":false,"template":"","format":"standard","meta":[],"categories":[2],"tags":[],"_links":{"self":[{"href":"https:\/\/www.cssr.news\/spanish\/wp-json\/wp\/v2\/posts\/14440"}],"collection":[{"href":"https:\/\/www.cssr.news\/spanish\/wp-json\/wp\/v2\/posts"}],"about":[{"href":"https:\/\/www.cssr.news\/spanish\/wp-json\/wp\/v2\/types\/post"}],"author":[{"embeddable":true,"href":"https:\/\/www.cssr.news\/spanish\/wp-json\/wp\/v2\/users\/3"}],"replies":[{"embeddable":true,"href":"https:\/\/www.cssr.news\/spanish\/wp-json\/wp\/v2\/comments?post=14440"}],"version-history":[{"count":2,"href":"https:\/\/www.cssr.news\/spanish\/wp-json\/wp\/v2\/posts\/14440\/revisions"}],"predecessor-version":[{"id":14444,"href":"https:\/\/www.cssr.news\/spanish\/wp-json\/wp\/v2\/posts\/14440\/revisions\/14444"}],"wp:featuredmedia":[{"embeddable":true,"href":"https:\/\/www.cssr.news\/spanish\/wp-json\/wp\/v2\/media\/14441"}],"wp:attachment":[{"href":"https:\/\/www.cssr.news\/spanish\/wp-json\/wp\/v2\/media?parent=14440"}],"wp:term":[{"taxonomy":"category","embeddable":true,"href":"https:\/\/www.cssr.news\/spanish\/wp-json\/wp\/v2\/categories?post=14440"},{"taxonomy":"post_tag","embeddable":true,"href":"https:\/\/www.cssr.news\/spanish\/wp-json\/wp\/v2\/tags?post=14440"}],"curies":[{"name":"wp","href":"https:\/\/api.w.org\/{rel}","templated":true}]}}