{"id":14457,"date":"2021-07-11T11:07:00","date_gmt":"2021-07-11T09:07:00","guid":{"rendered":"https:\/\/www.cssr.news\/spanish\/?p=14457"},"modified":"2021-07-09T11:11:23","modified_gmt":"2021-07-09T09:11:23","slug":"marciano-vidal-la-teologia-moral-catolica-tiene-un-futuro-prometedor","status":"publish","type":"post","link":"https:\/\/www.cssr.news\/spanish\/2021\/07\/marciano-vidal-la-teologia-moral-catolica-tiene-un-futuro-prometedor\/","title":{"rendered":"Marciano Vidal: \u201cLa Teolog\u00eda Moral cat\u00f3lica tiene un futuro prometedor\u201d"},"content":{"rendered":"\n<p class=\"has-text-align-right\"><em>primera jornada virtual de la Asociaci\u00f3n Teol\u00f3gica Ib\u00e9rica para el Estudio de la Moral<\/em><\/p>\n\n\n\n<p><strong>Marciano Vidal<\/strong>\u00a0es, posiblemente, uno de los moralistas m\u00e1s reconocidos en lengua espa\u00f1ola. Y es que el redentorista ha dedicado gran parte de sus estudios y publicaciones a profundizar en el avance de la moral cat\u00f3lica desde el Concilio Vaticano II. Hoy, ha participado en la jornada virtual de la Asociaci\u00f3n Teol\u00f3gica Ib\u00e9rica para el Estudio de la Moral (ATIEM), que se ha celebrado con el t\u00edtulo \u2018Hacia una teolog\u00eda moral en salida\u2019 y donde ha destacado el \u201cfuturo prometedor\u201d que tiene este \u00e1mbito.<\/p>\n\n\n\n<p>Adem\u00e1s de Vidal, la jornada ha contado con la intervenci\u00f3n de&nbsp;<strong>Manuel da Silva<\/strong>, obispo de Oporto, quien ha abordado la relaci\u00f3n de la Iglesia con la teolog\u00eda moral; la profesora&nbsp;<strong>Margarita Bofarull<\/strong>, que ha reflexionado sobre la situaci\u00f3n de la mujer en la teolog\u00eda moral, y el profesor&nbsp;<strong>Julio L. Mart\u00ednez<\/strong>, quien ha abordado los retos pendientes de cara al futuro de la teolog\u00eda moral.<\/p>\n\n\n\n<p>\u201cEn el \u00e1mbito de la Teolog\u00eda Moral\u201d, ha se\u00f1alado Vidal, \u201chemos cambiado de paradigma en el \u00faltimo siglo\u201d. Adem\u00e1s, en las \u00faltimas d\u00e9cadas se ha logrado<strong>\u00a0\u201cnormalizar\u201d la Teolog\u00eda Moral<\/strong>\u00a0\u201ca nivel eclesial, por lo que no hay dificultades a\u00f1adidas\u201d.<\/p>\n\n\n\n<h3>Teolog\u00eda mundial y paritaria<\/h3>\n\n\n\n<p>Por otro lado, el redentorista ha apuntado que&nbsp;<strong>\u201choy d\u00eda la moral cat\u00f3lica se ha mundializado\u201d<\/strong>, lo cual \u201clleva consigo que tengamos que plantearnos los problemas como una comunidad \u00fanica de te\u00f3logos moralistas\u201d. Al mismo tiempo, ha aseverado que no conoce \u201cque otros \u00e1mbitos de la Teolog\u00eda tenga este rasgo de la mundializaci\u00f3n\u201d.<\/p>\n\n\n\n<p>\u201cEl cuarto rasgo de la Teolog\u00eda Moral actual\u201d, ha afirmado Vidal, \u201ces que a d\u00eda de hoy&nbsp;<strong>es paritaria<\/strong>: tanto de var\u00f3n como de mujer\u201d. As\u00ed, ha explicado que si bien \u201chay \u00e9tica feminista y seguir\u00e1 habi\u00e9ndola\u201d, \u00e9l \u201capostar\u00eda porque este rasgo se siga profundizando y destacando la gran cantidad de te\u00f3logas moralistas que hay\u201d.<\/p>\n\n\n\n<p>Al mismo tiempo, Vidal ha se\u00f1alado que esta Teolog\u00eda Moral es contextual. \u201cEs decir, est\u00e1 hecha para todos pero debe ser ligada al contexto concreto. Tiende a ser una moral liberadora. Cuando hablamos de \u00e9tica de liberaci\u00f3n tendemos pensar en Am\u00e9rica Latina, y,&nbsp;<strong>aunque tiene su impulso ah\u00ed<\/strong>, toda Teolog\u00eda Moral actual es liberadora\u201d.<\/p>\n\n\n\n<p>Finalmente, ha subrayado que, debido a todo lo anterior, el rasgo m\u00e1s representativo de este \u00e1mbito es \u201cque tiene un presente muy serio en publicaciones, ense\u00f1anzas\u2026\u00a0<strong>y se espera un futuro prometedor\u201d.<\/strong><\/p>\n\n\n\n<p>(fuente: vidanuevadigital.com, 7\/07\/2021)<\/p>\n","protected":false},"excerpt":{"rendered":"<p>primera jornada virtual de la Asociaci\u00f3n Teol\u00f3gica Ib\u00e9rica para el Estudio de la Moral Marciano Vidal\u00a0es, posiblemente, uno de los moralistas m\u00e1s reconocidos en lengua espa\u00f1ola. Y es que el redentorista ha dedicado gran parte de sus estudios y publicaciones a profundizar en el avance de la moral cat\u00f3lica desde el Concilio Vaticano II. Hoy, [&hellip;]<\/p>\n","protected":false},"author":3,"featured_media":14458,"comment_status":"closed","ping_status":"closed","sticky":false,"template":"","format":"standard","meta":[],"categories":[15],"tags":[],"_links":{"self":[{"href":"https:\/\/www.cssr.news\/spanish\/wp-json\/wp\/v2\/posts\/14457"}],"collection":[{"href":"https:\/\/www.cssr.news\/spanish\/wp-json\/wp\/v2\/posts"}],"about":[{"href":"https:\/\/www.cssr.news\/spanish\/wp-json\/wp\/v2\/types\/post"}],"author":[{"embeddable":true,"href":"https:\/\/www.cssr.news\/spanish\/wp-json\/wp\/v2\/users\/3"}],"replies":[{"embeddable":true,"href":"https:\/\/www.cssr.news\/spanish\/wp-json\/wp\/v2\/comments?post=14457"}],"version-history":[{"count":1,"href":"https:\/\/www.cssr.news\/spanish\/wp-json\/wp\/v2\/posts\/14457\/revisions"}],"predecessor-version":[{"id":14459,"href":"https:\/\/www.cssr.news\/spanish\/wp-json\/wp\/v2\/posts\/14457\/revisions\/14459"}],"wp:featuredmedia":[{"embeddable":true,"href":"https:\/\/www.cssr.news\/spanish\/wp-json\/wp\/v2\/media\/14458"}],"wp:attachment":[{"href":"https:\/\/www.cssr.news\/spanish\/wp-json\/wp\/v2\/media?parent=14457"}],"wp:term":[{"taxonomy":"category","embeddable":true,"href":"https:\/\/www.cssr.news\/spanish\/wp-json\/wp\/v2\/categories?post=14457"},{"taxonomy":"post_tag","embeddable":true,"href":"https:\/\/www.cssr.news\/spanish\/wp-json\/wp\/v2\/tags?post=14457"}],"curies":[{"name":"wp","href":"https:\/\/api.w.org\/{rel}","templated":true}]}}