{"id":14471,"date":"2021-07-11T12:31:00","date_gmt":"2021-07-11T10:31:00","guid":{"rendered":"https:\/\/www.cssr.news\/spanish\/?p=14471"},"modified":"2021-07-12T12:34:37","modified_gmt":"2021-07-12T10:34:37","slug":"polonia-ha-comenzado-el-mes-de-la-renovacion-espiritual-2021","status":"publish","type":"post","link":"https:\/\/www.cssr.news\/spanish\/2021\/07\/polonia-ha-comenzado-el-mes-de-la-renovacion-espiritual-2021\/","title":{"rendered":"Polonia: ha comenzado el mes de la renovaci\u00f3n espiritual 2021"},"content":{"rendered":"\n<p>El pasado lunes 5 de julio, el P. Janusz Sok C.Ss.R., Provincial de la Provincia de los Redentoristas de Varsovia, presidi\u00f3 la Santa Misa para inaugurar el mes de la renovaci\u00f3n espiritual. Las dos primeras semanas se llevar\u00e1n a cabo en Lubaszowa y la segunda parte continuar\u00e1 en Cracovia.<\/p>\n\n\n\n<p>Entre los participantes en el mes de la renovaci\u00f3n, adem\u00e1s de los siete seminaristas que terminaron su quinto a\u00f1o de estudios en el Seminario Teol\u00f3gico Redentorista de Tuchow el pasado mes de junio, hay padres que llevan a cabo su ministerio en varias casas de Polonia y del extranjero. De Italia. , Alemania, Rusia y Bielorrusia. Estos sacerdotes est\u00e1n experimentando su noveno, d\u00e9cimo y und\u00e9cimo a\u00f1o de ministerio sacerdotal este a\u00f1o. Durante el mes de renovaci\u00f3n espiritual, tambi\u00e9n damos la bienvenida a los cohermanos de Ucrania: dos seminaristas.<\/p>\n\n\n\n<figure class=\"wp-block-image size-large\"><a href=\"http:\/\/www.cssr.news\/spanish\/wp-content\/uploads\/sites\/3\/2021\/07\/polands1625592706399.jpg\"><img width=\"1024\" height=\"576\" src=\"http:\/\/www.cssr.news\/spanish\/wp-content\/uploads\/sites\/3\/2021\/07\/polands1625592706399.jpg\" alt=\"\" class=\"wp-image-14473\" srcset=\"https:\/\/www.cssr.news\/spanish\/wp-content\/uploads\/sites\/3\/2021\/07\/polands1625592706399.jpg 1024w, https:\/\/www.cssr.news\/spanish\/wp-content\/uploads\/sites\/3\/2021\/07\/polands1625592706399-300x169.jpg 300w, https:\/\/www.cssr.news\/spanish\/wp-content\/uploads\/sites\/3\/2021\/07\/polands1625592706399-768x432.jpg 768w, https:\/\/www.cssr.news\/spanish\/wp-content\/uploads\/sites\/3\/2021\/07\/polands1625592706399-696x392.jpg 696w, https:\/\/www.cssr.news\/spanish\/wp-content\/uploads\/sites\/3\/2021\/07\/polands1625592706399-747x420.jpg 747w\" sizes=\"(max-width: 1024px) 100vw, 1024px\" \/><\/a><\/figure>\n\n\n\n<p>El Mes de la Renovaci\u00f3n es un momento para que todos &#8220;renovemos&#8221; nuestra vida espiritual y para que los Padres reflexionen sobre sus a\u00f1os de vida sacerdotal y religiosa. El mes es tambi\u00e9n un momento para recordar los aspectos m\u00e1s importantes de la espiritualidad cristiana, el ministerio sacerdotal, la psicolog\u00eda humana y la vida comunitaria en la Congregaci\u00f3n, escuchando diversas conferencias impartidas por oradores invitados, tanto cl\u00e9rigos como laicos.<\/p>\n\n\n\n<p>Es un momento de intensa oraci\u00f3n y reflexi\u00f3n sobre la propia vida, as\u00ed como una oportunidad para descansar y regenerar la fuerza f\u00edsica antes de los pr\u00f3ximos a\u00f1os del ministerio religioso, misionero y sacerdotal. Para los participantes m\u00e1s j\u00f3venes, los seminaristas, es el momento de preparaci\u00f3n inmediata para su profesi\u00f3n solemne en la Congregaci\u00f3n del Sant\u00edsimo Redentor, que tendr\u00e1 lugar el 15 de agosto de este a\u00f1o, en la solemnidad de la Asunci\u00f3n de la Sant\u00edsima Virgen Mar\u00eda. .<\/p>\n\n\n\n<figure class=\"wp-block-image size-large\"><a href=\"http:\/\/www.cssr.news\/spanish\/wp-content\/uploads\/sites\/3\/2021\/07\/polands1625592706358.jpg\"><img width=\"1024\" height=\"576\" src=\"http:\/\/www.cssr.news\/spanish\/wp-content\/uploads\/sites\/3\/2021\/07\/polands1625592706358.jpg\" alt=\"\" class=\"wp-image-14472\" srcset=\"https:\/\/www.cssr.news\/spanish\/wp-content\/uploads\/sites\/3\/2021\/07\/polands1625592706358.jpg 1024w, https:\/\/www.cssr.news\/spanish\/wp-content\/uploads\/sites\/3\/2021\/07\/polands1625592706358-300x169.jpg 300w, https:\/\/www.cssr.news\/spanish\/wp-content\/uploads\/sites\/3\/2021\/07\/polands1625592706358-768x432.jpg 768w, https:\/\/www.cssr.news\/spanish\/wp-content\/uploads\/sites\/3\/2021\/07\/polands1625592706358-696x392.jpg 696w, https:\/\/www.cssr.news\/spanish\/wp-content\/uploads\/sites\/3\/2021\/07\/polands1625592706358-747x420.jpg 747w\" sizes=\"(max-width: 1024px) 100vw, 1024px\" \/><\/a><\/figure>\n\n\n\n<p>Nos encomendamos al cuidado de Nuestra Se\u00f1ora del Perpetuo Socorro y de nuestros benditos santos y cohermanos, pidiendo que este mes de renovaci\u00f3n espiritual sea para todos nosotros un tiempo de verdadera revisi\u00f3n de nuestra vida religiosa y sacerdotal, as\u00ed como un tiempo de reavivando nuestro amor por la Congregaci\u00f3n y por Jesucristo, el Redentor del mundo.<\/p>\n\n\n\n<p>Norbert \u017bukli\u0144ski, C.Ss.R.<\/p>\n","protected":false},"excerpt":{"rendered":"<p>El pasado lunes 5 de julio, el P. Janusz Sok C.Ss.R., Provincial de la Provincia de los Redentoristas de Varsovia, presidi\u00f3 la Santa Misa para inaugurar el mes de la renovaci\u00f3n espiritual. Las dos primeras semanas se llevar\u00e1n a cabo en Lubaszowa y la segunda parte continuar\u00e1 en Cracovia. Entre los participantes en el mes [&hellip;]<\/p>\n","protected":false},"author":3,"featured_media":14474,"comment_status":"closed","ping_status":"closed","sticky":false,"template":"","format":"standard","meta":[],"categories":[16],"tags":[],"_links":{"self":[{"href":"https:\/\/www.cssr.news\/spanish\/wp-json\/wp\/v2\/posts\/14471"}],"collection":[{"href":"https:\/\/www.cssr.news\/spanish\/wp-json\/wp\/v2\/posts"}],"about":[{"href":"https:\/\/www.cssr.news\/spanish\/wp-json\/wp\/v2\/types\/post"}],"author":[{"embeddable":true,"href":"https:\/\/www.cssr.news\/spanish\/wp-json\/wp\/v2\/users\/3"}],"replies":[{"embeddable":true,"href":"https:\/\/www.cssr.news\/spanish\/wp-json\/wp\/v2\/comments?post=14471"}],"version-history":[{"count":1,"href":"https:\/\/www.cssr.news\/spanish\/wp-json\/wp\/v2\/posts\/14471\/revisions"}],"predecessor-version":[{"id":14476,"href":"https:\/\/www.cssr.news\/spanish\/wp-json\/wp\/v2\/posts\/14471\/revisions\/14476"}],"wp:featuredmedia":[{"embeddable":true,"href":"https:\/\/www.cssr.news\/spanish\/wp-json\/wp\/v2\/media\/14474"}],"wp:attachment":[{"href":"https:\/\/www.cssr.news\/spanish\/wp-json\/wp\/v2\/media?parent=14471"}],"wp:term":[{"taxonomy":"category","embeddable":true,"href":"https:\/\/www.cssr.news\/spanish\/wp-json\/wp\/v2\/categories?post=14471"},{"taxonomy":"post_tag","embeddable":true,"href":"https:\/\/www.cssr.news\/spanish\/wp-json\/wp\/v2\/tags?post=14471"}],"curies":[{"name":"wp","href":"https:\/\/api.w.org\/{rel}","templated":true}]}}