{"id":14475,"date":"2021-07-12T12:43:02","date_gmt":"2021-07-12T10:43:02","guid":{"rendered":"https:\/\/www.cssr.news\/spanish\/?p=14475"},"modified":"2021-07-12T13:32:16","modified_gmt":"2021-07-12T11:32:16","slug":"los-doctorados-de-san-alfonso-y-santa-teresa","status":"publish","type":"post","link":"https:\/\/www.cssr.news\/spanish\/2021\/07\/los-doctorados-de-san-alfonso-y-santa-teresa\/","title":{"rendered":"Los doctorados de San Alfonso y Santa Teresa"},"content":{"rendered":"\n<p>El s\u00e1bado 10 de julio la parroquia del Sant\u00edsimo Redentor de Madrid ha peregrinado hasta la casa natal de santa Teresa en \u00c1vila para celebrar conjuntamente los aniversarios del doctorado de la Santa y san Alfonso M\u00aa de Liguori. Tres religiosos, el prior de la comunidad carmelita David Jim\u00e9nez o.c.d.; y dos redentoristas, Jos\u00e9 Miguel de Haro y Marek Raczkiewicz, hicieron una rese\u00f1a de santa Teresa, san Alfonso y san Jos\u00e9, relacionados con la celebraci\u00f3n eclesial. Se destac\u00f3 especialmente la gran influencia de santa Teresa sobre san Alfonso, como una de sus&nbsp;&nbsp;fuentes inspiradoras. La sol\u00eda considerar como su \u201csegunda madre\u201d y la llamaba \u201csanta Teresa m\u00eda\u201d. A ella dedic\u00f3 su primera publicaci\u00f3n editada: \u201cConsiderazioni sopra le virt\u00fa e pregi di S. Teresa di Ges\u00f9 (N\u00e1poles, 1743). Se dice que llegan a 1.300 las citas que aparecen en los escritos de san Alfonso, tomadas de textos de Teresa. En el Cuadernillo de Conciencia de san Alfonso, se encuentra una consagraci\u00f3n a la santa de \u00c1vila con una serie de promesas. Se destac\u00f3 tambi\u00e9n en su adhesi\u00f3n a Teresa, que Alfonso no fue un mero divulgador sino un \u201coriginal int\u00e9rprete de la Santa\u201d.<\/p>\n\n\n\n<p>A continuaci\u00f3n se celebr\u00f3 la eucarist\u00eda presidida por el prior de la comunidad carmelita y la primera parte de la jornada termin\u00f3 con la comida com\u00fan en el monasterio.<\/p>\n\n\n\n<figure class=\"wp-block-gallery columns-3 is-cropped\"><ul class=\"blocks-gallery-grid\"><li class=\"blocks-gallery-item\"><figure><a href=\"http:\/\/www.cssr.news\/spanish\/wp-content\/uploads\/sites\/3\/2021\/07\/2021-07-12-Madrid-CR3.jpg\"><img width=\"768\" height=\"1024\" src=\"http:\/\/www.cssr.news\/spanish\/wp-content\/uploads\/sites\/3\/2021\/07\/2021-07-12-Madrid-CR3.jpg\" alt=\"\" data-id=\"14486\" data-full-url=\"http:\/\/www.cssr.news\/spanish\/wp-content\/uploads\/sites\/3\/2021\/07\/2021-07-12-Madrid-CR3.jpg\" data-link=\"https:\/\/www.cssr.news\/spanish\/?attachment_id=14486\" class=\"wp-image-14486\" srcset=\"https:\/\/www.cssr.news\/spanish\/wp-content\/uploads\/sites\/3\/2021\/07\/2021-07-12-Madrid-CR3.jpg 768w, https:\/\/www.cssr.news\/spanish\/wp-content\/uploads\/sites\/3\/2021\/07\/2021-07-12-Madrid-CR3-225x300.jpg 225w, https:\/\/www.cssr.news\/spanish\/wp-content\/uploads\/sites\/3\/2021\/07\/2021-07-12-Madrid-CR3-696x928.jpg 696w, https:\/\/www.cssr.news\/spanish\/wp-content\/uploads\/sites\/3\/2021\/07\/2021-07-12-Madrid-CR3-315x420.jpg 315w\" sizes=\"(max-width: 768px) 100vw, 768px\" \/><\/a><\/figure><\/li><li class=\"blocks-gallery-item\"><figure><a href=\"http:\/\/www.cssr.news\/spanish\/wp-content\/uploads\/sites\/3\/2021\/07\/2021-07-11-Madrid-CR4.jpg\"><img width=\"577\" height=\"1024\" src=\"http:\/\/www.cssr.news\/spanish\/wp-content\/uploads\/sites\/3\/2021\/07\/2021-07-11-Madrid-CR4.jpg\" alt=\"\" data-id=\"14485\" data-full-url=\"http:\/\/www.cssr.news\/spanish\/wp-content\/uploads\/sites\/3\/2021\/07\/2021-07-11-Madrid-CR4.jpg\" data-link=\"https:\/\/www.cssr.news\/spanish\/?attachment_id=14485\" class=\"wp-image-14485\" srcset=\"https:\/\/www.cssr.news\/spanish\/wp-content\/uploads\/sites\/3\/2021\/07\/2021-07-11-Madrid-CR4.jpg 577w, https:\/\/www.cssr.news\/spanish\/wp-content\/uploads\/sites\/3\/2021\/07\/2021-07-11-Madrid-CR4-169x300.jpg 169w, https:\/\/www.cssr.news\/spanish\/wp-content\/uploads\/sites\/3\/2021\/07\/2021-07-11-Madrid-CR4-237x420.jpg 237w\" sizes=\"(max-width: 577px) 100vw, 577px\" \/><\/a><\/figure><\/li><li class=\"blocks-gallery-item\"><figure><a href=\"http:\/\/www.cssr.news\/spanish\/wp-content\/uploads\/sites\/3\/2021\/07\/2021-07-12-Madrid-CR2.jpg\"><img width=\"1024\" height=\"521\" src=\"http:\/\/www.cssr.news\/spanish\/wp-content\/uploads\/sites\/3\/2021\/07\/2021-07-12-Madrid-CR2-1024x521.jpg\" alt=\"\" data-id=\"14487\" data-full-url=\"http:\/\/www.cssr.news\/spanish\/wp-content\/uploads\/sites\/3\/2021\/07\/2021-07-12-Madrid-CR2.jpg\" data-link=\"https:\/\/www.cssr.news\/spanish\/?attachment_id=14487\" class=\"wp-image-14487\" srcset=\"https:\/\/www.cssr.news\/spanish\/wp-content\/uploads\/sites\/3\/2021\/07\/2021-07-12-Madrid-CR2-1024x521.jpg 1024w, https:\/\/www.cssr.news\/spanish\/wp-content\/uploads\/sites\/3\/2021\/07\/2021-07-12-Madrid-CR2-300x153.jpg 300w, https:\/\/www.cssr.news\/spanish\/wp-content\/uploads\/sites\/3\/2021\/07\/2021-07-12-Madrid-CR2-768x391.jpg 768w, https:\/\/www.cssr.news\/spanish\/wp-content\/uploads\/sites\/3\/2021\/07\/2021-07-12-Madrid-CR2-1536x782.jpg 1536w, https:\/\/www.cssr.news\/spanish\/wp-content\/uploads\/sites\/3\/2021\/07\/2021-07-12-Madrid-CR2-696x354.jpg 696w, https:\/\/www.cssr.news\/spanish\/wp-content\/uploads\/sites\/3\/2021\/07\/2021-07-12-Madrid-CR2-1068x544.jpg 1068w, https:\/\/www.cssr.news\/spanish\/wp-content\/uploads\/sites\/3\/2021\/07\/2021-07-12-Madrid-CR2-825x420.jpg 825w, https:\/\/www.cssr.news\/spanish\/wp-content\/uploads\/sites\/3\/2021\/07\/2021-07-12-Madrid-CR2.jpg 1809w\" sizes=\"(max-width: 1024px) 100vw, 1024px\" \/><\/a><\/figure><\/li><\/ul><\/figure>\n\n\n\n<p>Por la tarde los peregrinos recorrieron el centro de la ciudad, haciendo algunas fotos en las esculturas de Teresa y Juan de la Cruz, pasando por la parroquia en la que fue bautizada santa Teresa para llegar hasta el Monasterio de san Jos\u00e9, primera fundaci\u00f3n de santa Teresa. Una breve oraci\u00f3n en la peque\u00f1a capilla y una visita al relicario teresiano terminaron la estancia en Avila.&nbsp;<\/p>\n\n\n\n<p>En el grupo hab\u00eda un sentimiento de fiesta\u00a0\u00a0y de reconocimiento a estos dos grandes santos que la Iglesia est\u00e1 celebrando &#8211; en el A\u00f1o de San Jos\u00e9 &#8211; como Doctor y Doctora que nos remiten a lo esencial de la vida cristiana.<\/p>\n\n\n\n<p><em>Equipo de Comunicaci\u00f3n SR<br>Photos by Fernando Gonz\u00e1lez Cuezva C.Ss.R.<\/em><\/p>\n","protected":false},"excerpt":{"rendered":"<p>El s\u00e1bado 10 de julio la parroquia del Sant\u00edsimo Redentor de Madrid ha peregrinado hasta la casa natal de santa Teresa en \u00c1vila para celebrar conjuntamente los aniversarios del doctorado de la Santa y san Alfonso M\u00aa de Liguori. Tres religiosos, el prior de la comunidad carmelita David Jim\u00e9nez o.c.d.; y dos redentoristas, Jos\u00e9 Miguel [&hellip;]<\/p>\n","protected":false},"author":23,"featured_media":14488,"comment_status":"closed","ping_status":"closed","sticky":false,"template":"","format":"standard","meta":[],"categories":[2],"tags":[],"_links":{"self":[{"href":"https:\/\/www.cssr.news\/spanish\/wp-json\/wp\/v2\/posts\/14475"}],"collection":[{"href":"https:\/\/www.cssr.news\/spanish\/wp-json\/wp\/v2\/posts"}],"about":[{"href":"https:\/\/www.cssr.news\/spanish\/wp-json\/wp\/v2\/types\/post"}],"author":[{"embeddable":true,"href":"https:\/\/www.cssr.news\/spanish\/wp-json\/wp\/v2\/users\/23"}],"replies":[{"embeddable":true,"href":"https:\/\/www.cssr.news\/spanish\/wp-json\/wp\/v2\/comments?post=14475"}],"version-history":[{"count":1,"href":"https:\/\/www.cssr.news\/spanish\/wp-json\/wp\/v2\/posts\/14475\/revisions"}],"predecessor-version":[{"id":14490,"href":"https:\/\/www.cssr.news\/spanish\/wp-json\/wp\/v2\/posts\/14475\/revisions\/14490"}],"wp:featuredmedia":[{"embeddable":true,"href":"https:\/\/www.cssr.news\/spanish\/wp-json\/wp\/v2\/media\/14488"}],"wp:attachment":[{"href":"https:\/\/www.cssr.news\/spanish\/wp-json\/wp\/v2\/media?parent=14475"}],"wp:term":[{"taxonomy":"category","embeddable":true,"href":"https:\/\/www.cssr.news\/spanish\/wp-json\/wp\/v2\/categories?post=14475"},{"taxonomy":"post_tag","embeddable":true,"href":"https:\/\/www.cssr.news\/spanish\/wp-json\/wp\/v2\/tags?post=14475"}],"curies":[{"name":"wp","href":"https:\/\/api.w.org\/{rel}","templated":true}]}}