{"id":14493,"date":"2021-07-12T14:53:12","date_gmt":"2021-07-12T12:53:12","guid":{"rendered":"https:\/\/www.cssr.news\/spanish\/?p=14493"},"modified":"2021-07-12T14:58:49","modified_gmt":"2021-07-12T12:58:49","slug":"rudy-romano-cssr-dio-su-vida-por-la-redencion-de-muchos","status":"publish","type":"post","link":"https:\/\/www.cssr.news\/spanish\/2021\/07\/rudy-romano-cssr-dio-su-vida-por-la-redencion-de-muchos\/","title":{"rendered":"Rudy Romano CSsR, dio su vida por la redenci\u00f3n de muchos"},"content":{"rendered":"\n<p><em>\u201c\u00bfD\u00f3nde has estado, hermano, durante tanto tiempo? \u00bfDonde estas hermano? Los poderosos deben responder \u2026 Nunca nos detendremos hasta que te encontremos.<\/em><\/p>\n\n\n\n<p>El obispo Emmanuel Cabajar compuso este verso para rendir homenaje a su hermano redentorista, el padre Rudy Romano, quien desapareci\u00f3 por la fuerza en Labang\u00f3n, Ciudad de Ceb\u00fa, hoy hace 36 a\u00f1os. El sacerdote nunca fue encontrado.<\/p>\n\n\n\n<p>El 11 de julio generalmente pasa desapercibido. Con la excepci\u00f3n de la comunidad redentorista y los amigos y colegas del padre Rudy, las Filipinas cat\u00f3lica aparentemente han olvidado la injusticia cometida contra este hombre de tela que, como el Sant\u00edsimo Redentor, dio su vida por la redenci\u00f3n de muchos. Pobreza, injusticia, violaciones de los derechos humanos, ausencia de una paz genuina: estas eran las mismas razones por las que se hab\u00eda puesto al lado de los pobres de la tierra. Al hacerlo, se gan\u00f3 la ira del poder y fue hecho desaparecer.<\/p>\n\n\n\n<p>Cuando se le pregunt\u00f3 sobre sus recuerdos del sacerdote desaparecido, el obispo Cabajar dijo: \u201cTengo muy buenos recuerdos del padre Rudy. Estaba dos a\u00f1os por delante de m\u00ed en el Teologado de San Alfonso en la ciudad de Ceb\u00fa, pero \u00e9ramos compa\u00f1eros de clase en algunas materias. Los intereses comunes nos han unido a menudo. En lugar de tomar una siesta al mediod\u00eda, a menudo hac\u00edamos trabajos de carpinter\u00eda o revelamos fotograf\u00edas en el cuarto oscuro o cort\u00e1bamos el cabello de un hermano. Cari\u00f1osamente lo llam\u00e1bamos &#8220;el cient\u00edfico anterior a su tiempo&#8221; por su inventiva y creatividad &#8220;.<\/p>\n\n\n\n<p>Casi cuatro d\u00e9cadas despu\u00e9s de su fallecimiento, Filipinas est\u00e1 muy lejos del &#8220;Cielo Nuevo y Tierra Nueva&#8221; que so\u00f1\u00f3 el Padre Rudy, un sue\u00f1o que, si se cumple, nunca tendr\u00e1 la oportunidad de cultivar.<\/p>\n\n\n\n<p>El padre Rudy habr\u00eda cumplido 81 a\u00f1os el 26 de septiembre pr\u00f3ximo. Si estuviera con nosotros hoy, seguramente tendr\u00eda el mismo o incluso m\u00e1s compromiso para ayudar a los campesinos hambrientos, los trabajadores pobres, los pobres urbanos sin hogar y los ni\u00f1os de la calle, que llevan el peso de la violenta &#8220;guerra contra las drogas&#8221; que es causando innumerables muertes. de los peque\u00f1os de Dios. Su coraz\u00f3n se hubiera desangrado al ver nuestra situaci\u00f3n actual, agravada por la pandemia de coronavirus. Ciertamente, habr\u00eda perseguido valientemente la defensa de los oprimidos.<\/p>\n\n\n\n<p><strong>Al padre Rudy lo habr\u00edan &#8220;desaparecido&#8221; algunos elementos del Grupo de Inteligencia Militar, que se supon\u00eda que eran protectores de la ley.<\/strong><\/p>\n\n\n\n<p>\u201cRecuerdo al Padre Rudy como predicador de la palabra de Dios, que dedic\u00f3 gran parte de su labor pastoral al ministerio de la Palabra. Estuvo involucrado en misiones rurales \u2026 Vi algunas de sus huellas misioneras en el norte de Mindanao, desde Iligan hasta Gingoog \u201d, recuerda el obispo Cabajar.<\/p>\n\n\n\n<p>&#8220;Una ma\u00f1ana temprano, mientras hac\u00eda jogging en Mambajao, en la isla de Camiguin, vi una piedra en una intersecci\u00f3n. En \u00e9l hab\u00eda grabado una expresi\u00f3n de los sentimientos de la poblaci\u00f3n local: &#8220;Handumanan sa Misyon&#8221; (Memoria de la Misi\u00f3n) con el nombre del Padre Rudy arriba &#8220;.<\/p>\n\n\n\n<p>Durante y m\u00e1s all\u00e1 de los a\u00f1os m\u00e1s oscuros de la dictadura de Marcos, la persecuci\u00f3n del segmento progresista de la Iglesia Cat\u00f3lica ha llegado y sigue llegando en muchas formas horribles: encarcelamiento, ejecuci\u00f3n extrajudicial, tortura.<\/p>\n\n\n\n<p>El padre Rudy habr\u00eda sido v\u00edctima de elementos del Grupo de Inteligencia Militar, que se supon\u00eda que eran protectores de la ley. No hay rastro de d\u00f3nde est\u00e1.<\/p>\n\n\n\n<p>\u201cDespu\u00e9s de a\u00f1os infructuosos de luchar para encontrarlo, sinti\u00f3 que por el bien de sus parientes y amigos moribundos, ten\u00eda que hacerse un cierre. Sin pruebas de su muerte, los Redentoristas decidieron celebrarle una misa f\u00fanebre \u201d, dijo Mons. Cabajar.<\/p>\n\n\n\n<p>Mary Aileen D. Bacalso es presidenta de la Coalici\u00f3n Internacional contra las Desapariciones Forzadas (ICAED). (ucanews.com)<\/p>\n","protected":false},"excerpt":{"rendered":"<p>\u201c\u00bfD\u00f3nde has estado, hermano, durante tanto tiempo? \u00bfDonde estas hermano? Los poderosos deben responder \u2026 Nunca nos detendremos hasta que te encontremos. El obispo Emmanuel Cabajar compuso este verso para rendir homenaje a su hermano redentorista, el padre Rudy Romano, quien desapareci\u00f3 por la fuerza en Labang\u00f3n, Ciudad de Ceb\u00fa, hoy hace 36 a\u00f1os. El [&hellip;]<\/p>\n","protected":false},"author":3,"featured_media":11698,"comment_status":"closed","ping_status":"closed","sticky":false,"template":"","format":"standard","meta":[],"categories":[2],"tags":[],"_links":{"self":[{"href":"https:\/\/www.cssr.news\/spanish\/wp-json\/wp\/v2\/posts\/14493"}],"collection":[{"href":"https:\/\/www.cssr.news\/spanish\/wp-json\/wp\/v2\/posts"}],"about":[{"href":"https:\/\/www.cssr.news\/spanish\/wp-json\/wp\/v2\/types\/post"}],"author":[{"embeddable":true,"href":"https:\/\/www.cssr.news\/spanish\/wp-json\/wp\/v2\/users\/3"}],"replies":[{"embeddable":true,"href":"https:\/\/www.cssr.news\/spanish\/wp-json\/wp\/v2\/comments?post=14493"}],"version-history":[{"count":3,"href":"https:\/\/www.cssr.news\/spanish\/wp-json\/wp\/v2\/posts\/14493\/revisions"}],"predecessor-version":[{"id":14497,"href":"https:\/\/www.cssr.news\/spanish\/wp-json\/wp\/v2\/posts\/14493\/revisions\/14497"}],"wp:featuredmedia":[{"embeddable":true,"href":"https:\/\/www.cssr.news\/spanish\/wp-json\/wp\/v2\/media\/11698"}],"wp:attachment":[{"href":"https:\/\/www.cssr.news\/spanish\/wp-json\/wp\/v2\/media?parent=14493"}],"wp:term":[{"taxonomy":"category","embeddable":true,"href":"https:\/\/www.cssr.news\/spanish\/wp-json\/wp\/v2\/categories?post=14493"},{"taxonomy":"post_tag","embeddable":true,"href":"https:\/\/www.cssr.news\/spanish\/wp-json\/wp\/v2\/tags?post=14493"}],"curies":[{"name":"wp","href":"https:\/\/api.w.org\/{rel}","templated":true}]}}