{"id":14503,"date":"2021-07-15T16:52:44","date_gmt":"2021-07-15T14:52:44","guid":{"rendered":"https:\/\/www.cssr.news\/spanish\/?p=14503"},"modified":"2021-07-15T16:52:46","modified_gmt":"2021-07-15T14:52:46","slug":"curso-para-formadores-de-la-conferencia-de-africa-y-madagascar","status":"publish","type":"post","link":"https:\/\/www.cssr.news\/spanish\/2021\/07\/curso-para-formadores-de-la-conferencia-de-africa-y-madagascar\/","title":{"rendered":"Curso para formadores de la Conferencia de \u00c1frica y Madagascar"},"content":{"rendered":"\n<p>Desde el lunes, 12 de julio, hasta el viernes, 16 de julio de 2021, la Coordinaci\u00f3n de la Conferencia de \u00c1frica y Madagascar con el Secretariado General de Formaci\u00f3n Inicial (GSIF) auspici\u00f3 un curso para los formadores de la Conferencia utilizando la plataforma Zoom.&nbsp; El curso cont\u00f3 con 27 participantes, entre ellos los Padres Michael Brehl (Superior General), No\u00ebl Sottima (Coordinador de la Conferencia), C. Alberto Eseverri (Vicario de la Congregaci\u00f3n y presidente del GSIF), el Padre Nicolas Ayouba (Consultor General de \u00c1frica y Madagascar) y Manuel Rodr\u00edguez (secretario del GSIF).<\/p>\n\n\n\n<p>El tema general de la actividad fue d\u00f3nde estamos en cuanto a la formaci\u00f3n inicial y nuestras necesidades en cuanto al futuro de la formaci\u00f3n inicial en la Conferencia reconfigurada.<\/p>\n\n\n\n<figure class=\"wp-block-image size-large\"><a href=\"http:\/\/www.cssr.news\/spanish\/wp-content\/uploads\/sites\/3\/2021\/07\/Brehl.jpg\"><img width=\"887\" height=\"591\" src=\"http:\/\/www.cssr.news\/spanish\/wp-content\/uploads\/sites\/3\/2021\/07\/Brehl.jpg\" alt=\"\" class=\"wp-image-14504\" srcset=\"https:\/\/www.cssr.news\/spanish\/wp-content\/uploads\/sites\/3\/2021\/07\/Brehl.jpg 887w, https:\/\/www.cssr.news\/spanish\/wp-content\/uploads\/sites\/3\/2021\/07\/Brehl-300x200.jpg 300w, https:\/\/www.cssr.news\/spanish\/wp-content\/uploads\/sites\/3\/2021\/07\/Brehl-768x512.jpg 768w, https:\/\/www.cssr.news\/spanish\/wp-content\/uploads\/sites\/3\/2021\/07\/Brehl-696x464.jpg 696w, https:\/\/www.cssr.news\/spanish\/wp-content\/uploads\/sites\/3\/2021\/07\/Brehl-630x420.jpg 630w\" sizes=\"(max-width: 887px) 100vw, 887px\" \/><\/a><\/figure>\n\n\n\n<p>El Padre General, Michael Brehl, marc\u00f3 el tono de la reuni\u00f3n con una importante presentaci\u00f3n de los diferentes aspectos de la formaci\u00f3n, particularmente dentro de la Conferencia de \u00c1frica y Madagascar.&nbsp; El Padre Michael hizo hincapi\u00e9 en los cambios que estamos experimentando actualmente, confirmados por el Papa Francisco, en la Iglesia, en el mundo y en la Congregaci\u00f3n.&nbsp; Nosotros, como formadores, debemos mirar estas situaciones desde nuestra vocaci\u00f3n de misioneros y desde la perspectiva de nuestra Constituci\u00f3n # 78, que habla del objetivo de la formaci\u00f3n.&nbsp;<\/p>\n\n\n\n<p>El Padre No\u00ebl Sottima present\u00f3 a los participantes el Plan Apost\u00f3lico y de Reconfiguraci\u00f3n de las unidades en la Conferencia y las consecuencias de este Plan en la formaci\u00f3n.&nbsp;<\/p>\n\n\n\n<p>El Padre Joseph Musendami, maestro de novicios en Zimbabue y miembro del Secretariado General de Formaci\u00f3n, present\u00f3 un resumen de los logros y desaf\u00edos de la formaci\u00f3n en los \u00faltimos a\u00f1os.&nbsp;<\/p>\n\n\n\n<p>Finalmente, entre los PP. Eseverri, Ayouba y Rodr\u00edguez, se presentaron diferentes temas, como son la <em>Ratio Formationis Generalis<\/em> actualizada en 2020, la elaboraci\u00f3n y evaluaci\u00f3n de los programas de formaci\u00f3n, el papel de los Secretariados de Formaci\u00f3n en el futuro, la p\u00e1gina web al servicio de la formaci\u00f3n, las publicaciones del Secretariado y el pr\u00f3ximo 26\u00ba Cap\u00edtulo General. La actividad fue evaluada como muy positiva, ya que expuso a los participantes informaci\u00f3n valiosa, facilit\u00f3 mucho el di\u00e1logo y anim\u00f3 a los formadores respecto a la importancia de su ministerio.\u00a0 Como formadores de la formaci\u00f3n inicial y permanente, los participantes en este curso son agentes estrat\u00e9gicos e importantes en perspectiva para el futuro de la Misi\u00f3n de la Congregaci\u00f3n y la formaci\u00f3n de sus misioneros.<\/p>\n\n\n\n<p>P. <strong><em>Manuel Rodr\u00edguez Delgado, C.Ss.R.<\/em><\/strong><\/p>\n\n\n\n<p>Secretariado General de Formaci\u00f3n<\/p>\n","protected":false},"excerpt":{"rendered":"<p>Desde el lunes, 12 de julio, hasta el viernes, 16 de julio de 2021, la Coordinaci\u00f3n de la Conferencia de \u00c1frica y Madagascar con el Secretariado General de Formaci\u00f3n Inicial (GSIF) auspici\u00f3 un curso para los formadores de la Conferencia utilizando la plataforma Zoom.&nbsp; El curso cont\u00f3 con 27 participantes, entre ellos los Padres Michael [&hellip;]<\/p>\n","protected":false},"author":21,"featured_media":14505,"comment_status":"closed","ping_status":"closed","sticky":false,"template":"","format":"standard","meta":[],"categories":[16],"tags":[],"_links":{"self":[{"href":"https:\/\/www.cssr.news\/spanish\/wp-json\/wp\/v2\/posts\/14503"}],"collection":[{"href":"https:\/\/www.cssr.news\/spanish\/wp-json\/wp\/v2\/posts"}],"about":[{"href":"https:\/\/www.cssr.news\/spanish\/wp-json\/wp\/v2\/types\/post"}],"author":[{"embeddable":true,"href":"https:\/\/www.cssr.news\/spanish\/wp-json\/wp\/v2\/users\/21"}],"replies":[{"embeddable":true,"href":"https:\/\/www.cssr.news\/spanish\/wp-json\/wp\/v2\/comments?post=14503"}],"version-history":[{"count":1,"href":"https:\/\/www.cssr.news\/spanish\/wp-json\/wp\/v2\/posts\/14503\/revisions"}],"predecessor-version":[{"id":14506,"href":"https:\/\/www.cssr.news\/spanish\/wp-json\/wp\/v2\/posts\/14503\/revisions\/14506"}],"wp:featuredmedia":[{"embeddable":true,"href":"https:\/\/www.cssr.news\/spanish\/wp-json\/wp\/v2\/media\/14505"}],"wp:attachment":[{"href":"https:\/\/www.cssr.news\/spanish\/wp-json\/wp\/v2\/media?parent=14503"}],"wp:term":[{"taxonomy":"category","embeddable":true,"href":"https:\/\/www.cssr.news\/spanish\/wp-json\/wp\/v2\/categories?post=14503"},{"taxonomy":"post_tag","embeddable":true,"href":"https:\/\/www.cssr.news\/spanish\/wp-json\/wp\/v2\/tags?post=14503"}],"curies":[{"name":"wp","href":"https:\/\/api.w.org\/{rel}","templated":true}]}}