{"id":14510,"date":"2021-07-14T11:20:00","date_gmt":"2021-07-14T09:20:00","guid":{"rendered":"https:\/\/www.cssr.news\/spanish\/?p=14510"},"modified":"2021-07-16T11:25:28","modified_gmt":"2021-07-16T09:25:28","slug":"peregrinacion-jubilar-de-la-familia-radio-maryja","status":"publish","type":"post","link":"https:\/\/www.cssr.news\/spanish\/2021\/07\/peregrinacion-jubilar-de-la-familia-radio-maryja\/","title":{"rendered":"Peregrinaci\u00f3n jubilar de la familia Radio Maryja"},"content":{"rendered":"\n<p>\u201cEl Evangelio es una promesa gozosa\u201d fue el lema de la 30\u00aa peregrinaci\u00f3n de dos d\u00edas (10-11 de julio) de la Familia Radio Maryja a Jasna G\u00f3ra. Fue un momento de acci\u00f3n de gracias por los 30 a\u00f1os de retransmisi\u00f3n de Radio Maryja y por el ministerio evangelizador de la Familia Radio Maryja hacia Dios, la Iglesia y la Patria. El Papa Francisco y el presidente de la Rep\u00fablica de Polonia, Andrzej Duda, dirigieron unas palabras de saludo que se presentaron a los peregrinos.<\/p>\n\n\n\n<p>&#8220;Recuerdo y bendigo a quienes hoy en Polonia participan en la peregrinaci\u00f3n de Radio Maryja al santuario de Czestochowa&#8221; &#8211; dijo el Papa hablando despu\u00e9s de la oraci\u00f3n del \u00c1ngelus del domingo pasado, que recit\u00f3 desde el balc\u00f3n del hospital Gemelli en Roma. A trav\u00e9s de la Penitenciar\u00eda Apost\u00f3lica, el Papa tambi\u00e9n otorgar\u00e1 una indulgencia especial a los fieles que participaron en la peregrinaci\u00f3n.<\/p>\n\n\n\n<p>El P. Tadeusz Rydzyk, C.Ss.R., director de Radio Maryja, agradeci\u00f3 a Nuestra Se\u00f1ora de Jasna G\u00f3ra por ser nuestra Madre, que \u201cgracias a este Santuario Nacional, nuestra familia polaca es una, tenemos nuestra identidad, tenemos a Cristo\u201d.<\/p>\n\n\n\n<p>En su serm\u00f3n durante la Santa Misa celebrada a las 11, que fue el punto principal de las celebraciones de dos d\u00edas, el arzobispo Wac\u0142aw Depo, presidente del Consejo de Medios Sociales de la Conferencia Episcopal Polaca, destac\u00f3 que hoy hay demasiados reformadores y purificadores. de la verdad y la fe de la Iglesia. Dijo que la verdad que Dios nos ha revelado no nos ha hecho prisioneros y esclavos de la fe y la moral, sino que, al contrario, nos hace personas libres, dotadas de la gozosa promesa de la vida m\u00e1s all\u00e1 del sufrimiento y la muerte \u201d.<\/p>\n\n\n\n<p>Subray\u00f3 que hay que seguir adquiriendo una madurez de la fe que sea &#8220;respuesta a todo tipo de crisis y expectativas poco realistas en la comprensi\u00f3n tanto de la vocaci\u00f3n a la vida matrimonial, familiar, sacerdotal o religiosa&#8221;.<\/p>\n\n\n\n<p>Janusz Sok C.Ss.R., Provincial de la Provincia de Varsovia, record\u00f3 el 50 aniversario de la ordenaci\u00f3n sacerdotal del P. Rydzyk y le agradeci\u00f3 su ministerio en la Familia de Radio Maryja.<\/p>\n\n\n\n<p>Durante a\u00f1os, la peregrinaci\u00f3n anual de la Familia Radio Maryja ha sido una de las peregrinaciones m\u00e1s importantes a Jasna G\u00f3ra, el santuario mariano m\u00e1s grande de Polonia. Este a\u00f1o han participado en esta peregrinaci\u00f3n decenas de miles de fieles.<\/p>\n\n\n\n<p>Fuentes: www.redemptor.pl, www.jasnagora.com<\/p>\n","protected":false},"excerpt":{"rendered":"<p>\u201cEl Evangelio es una promesa gozosa\u201d fue el lema de la 30\u00aa peregrinaci\u00f3n de dos d\u00edas (10-11 de julio) de la Familia Radio Maryja a Jasna G\u00f3ra. Fue un momento de acci\u00f3n de gracias por los 30 a\u00f1os de retransmisi\u00f3n de Radio Maryja y por el ministerio evangelizador de la Familia Radio Maryja hacia Dios, [&hellip;]<\/p>\n","protected":false},"author":3,"featured_media":14511,"comment_status":"closed","ping_status":"closed","sticky":false,"template":"","format":"standard","meta":[],"categories":[30],"tags":[],"_links":{"self":[{"href":"https:\/\/www.cssr.news\/spanish\/wp-json\/wp\/v2\/posts\/14510"}],"collection":[{"href":"https:\/\/www.cssr.news\/spanish\/wp-json\/wp\/v2\/posts"}],"about":[{"href":"https:\/\/www.cssr.news\/spanish\/wp-json\/wp\/v2\/types\/post"}],"author":[{"embeddable":true,"href":"https:\/\/www.cssr.news\/spanish\/wp-json\/wp\/v2\/users\/3"}],"replies":[{"embeddable":true,"href":"https:\/\/www.cssr.news\/spanish\/wp-json\/wp\/v2\/comments?post=14510"}],"version-history":[{"count":1,"href":"https:\/\/www.cssr.news\/spanish\/wp-json\/wp\/v2\/posts\/14510\/revisions"}],"predecessor-version":[{"id":14512,"href":"https:\/\/www.cssr.news\/spanish\/wp-json\/wp\/v2\/posts\/14510\/revisions\/14512"}],"wp:featuredmedia":[{"embeddable":true,"href":"https:\/\/www.cssr.news\/spanish\/wp-json\/wp\/v2\/media\/14511"}],"wp:attachment":[{"href":"https:\/\/www.cssr.news\/spanish\/wp-json\/wp\/v2\/media?parent=14510"}],"wp:term":[{"taxonomy":"category","embeddable":true,"href":"https:\/\/www.cssr.news\/spanish\/wp-json\/wp\/v2\/categories?post=14510"},{"taxonomy":"post_tag","embeddable":true,"href":"https:\/\/www.cssr.news\/spanish\/wp-json\/wp\/v2\/tags?post=14510"}],"curies":[{"name":"wp","href":"https:\/\/api.w.org\/{rel}","templated":true}]}}