{"id":14519,"date":"2021-07-17T10:33:00","date_gmt":"2021-07-17T08:33:00","guid":{"rendered":"https:\/\/www.cssr.news\/spanish\/?p=14519"},"modified":"2021-07-19T10:39:16","modified_gmt":"2021-07-19T08:39:16","slug":"el-padre-ivel-ha-pedido-que-sea-santo-inmediatamente-el-activista-tribal-jesuita-padre-stan-swamy","status":"publish","type":"post","link":"https:\/\/www.cssr.news\/spanish\/2021\/07\/el-padre-ivel-ha-pedido-que-sea-santo-inmediatamente-el-activista-tribal-jesuita-padre-stan-swamy\/","title":{"rendered":"El padre Ivel ha pedido que sea Santo Inmediatamente el activista tribal jesuita, padre Stan Swamy"},"content":{"rendered":"\n<p>(India) &#8220;Santo Inmediatamente el Padre Stan Swamy es nuestro pedido&#8221;, dijo el Padre Ivel Mendanha, Viceprovincial de la Viceprovincia de Majella, durante una misa dominical en l\u00ednea el 11 de julio.<\/p>\n\n\n\n<p>El viceprovincial de la provincia redentorista de Majella, actualmente con sede en &#8216;Nuestra Se\u00f1ora del Perpetuo Socorro&#8217; en Chembur, Mumbai, dice que la muerte del padre Swamy el 5 de julio &#8220;gener\u00f3 muchas preguntas, con respuestas dif\u00edciles de encontrar, caus\u00f3 sufrimiento, angustia y dolor &#8220;.<\/p>\n\n\n\n<p>El padre Swamy muri\u00f3 como recluso en el hospital de la Sagrada Familia en Mumbai. La Agencia Nacional de Investigaci\u00f3n, la organizaci\u00f3n antiterrorista india, lo arrest\u00f3 el 8 de octubre de 2020 en su residencia cerca de Ranchi, la capital del estado de Jharkhand, a unos 1.700 km al noreste de Mumbai. Un tribunal de Mumbai envi\u00f3 al jesuita con m\u00faltiples enfermedades a una prisi\u00f3n abarrotada en Taloja, cerca de la ciudad. Debido a que su salud se hab\u00eda deteriorado, fue ingresado en el hospital cat\u00f3lico por orden del Tribunal Superior de Bombay.<\/p>\n\n\n\n<p>Tan pronto como recib\u00ed la noticia de la muerte del padre Stan, mi reacci\u00f3n inmediata fue: &#8220;La India tiene un m\u00e1rtir de nuestra fe&#8221;, dijo el padre Mendanha. Seg\u00fan \u00e9l, la India ahora tiene &#8220;un m\u00e1rtir que ha elegido vivir el Evangelio y morir por el Evangelio&#8221;.<\/p>\n\n\n\n<p>Inst\u00f3 a la provincia jesuita de Jamshedpur a comenzar de inmediato el proceso de beatificaci\u00f3n del padre Swamy, uno de sus miembros.<\/p>\n\n\n\n<p>El llamamiento del &#8220;Santo Subito&#8221; se utiliz\u00f3 cuando muri\u00f3 el Papa Juan Pablo II &#8220;, record\u00f3 el padre Mendanha. El padre Swamy, dijo, vivi\u00f3 y muri\u00f3 por la misi\u00f3n de Jes\u00fas: la liberaci\u00f3n de los pobres y oprimidos.<\/p>\n\n\n\n<p>Seg\u00fan el padre Mendanha, el jesuita de 84 a\u00f1os hab\u00eda pasado d\u00e9cadas de su vida trabajando entre los pueblos tribales del estado de Jharkhand para hacerlos sentir como hijos de Dios. El padre Swamy quer\u00eda que los tribales &#8220;tuvieran derechos como todos los dem\u00e1s en el pa\u00eds &#8220;y que est\u00e9n protegidos de los &#8220;intereses ocultos&#8221; que quer\u00edan apoderarse de sus tierras y trasladarlos.<\/p>\n\n\n\n<p>El sacerdote redentorista dijo que el sacerdote jesuita sigui\u00f3 los pasos de Jes\u00fas. El padre Swamy es &#8220;v\u00edctima de un asesinato institucionalizado y se le llama santo, profeta de la justicia, buen pastor, otro Cristo&#8221;, explic\u00f3.<\/p>\n\n\n\n<p>La &#8220;muerte del padre Swamy antes de una audiencia de fianza conmocion\u00f3 a los defensores de los derechos humanos&#8221; y llev\u00f3 a todos los partidos pol\u00edticos a denunciarla, excepto la instituci\u00f3n en el poder, subray\u00f3 el padre Mendanha.<\/p>\n\n\n\n<p>Seg\u00fan \u00e9l, varios grupos humanitarios y l\u00edderes de todas las denominaciones cristianas en la India han expresado dolor, conmoci\u00f3n e ira, denunciando &#8220;el pat\u00e9tico&#8221; deterioro de nuestro sistema legal, judicial y agencias de investigaci\u00f3n.<\/p>\n\n\n\n<p>La solicitud de libertad bajo fianza del padre Swamy por motivos de salud fue bloqueada sistem\u00e1ticamente por la fiscal\u00eda, cuestionando incluso la credibilidad de su enfermedad.<\/p>\n\n\n\n<p>(asuntosindia.com)<\/p>\n","protected":false},"excerpt":{"rendered":"<p>(India) &#8220;Santo Inmediatamente el Padre Stan Swamy es nuestro pedido&#8221;, dijo el Padre Ivel Mendanha, Viceprovincial de la Viceprovincia de Majella, durante una misa dominical en l\u00ednea el 11 de julio. El viceprovincial de la provincia redentorista de Majella, actualmente con sede en &#8216;Nuestra Se\u00f1ora del Perpetuo Socorro&#8217; en Chembur, Mumbai, dice que la muerte [&hellip;]<\/p>\n","protected":false},"author":3,"featured_media":14520,"comment_status":"closed","ping_status":"closed","sticky":false,"template":"","format":"standard","meta":[],"categories":[15],"tags":[],"_links":{"self":[{"href":"https:\/\/www.cssr.news\/spanish\/wp-json\/wp\/v2\/posts\/14519"}],"collection":[{"href":"https:\/\/www.cssr.news\/spanish\/wp-json\/wp\/v2\/posts"}],"about":[{"href":"https:\/\/www.cssr.news\/spanish\/wp-json\/wp\/v2\/types\/post"}],"author":[{"embeddable":true,"href":"https:\/\/www.cssr.news\/spanish\/wp-json\/wp\/v2\/users\/3"}],"replies":[{"embeddable":true,"href":"https:\/\/www.cssr.news\/spanish\/wp-json\/wp\/v2\/comments?post=14519"}],"version-history":[{"count":1,"href":"https:\/\/www.cssr.news\/spanish\/wp-json\/wp\/v2\/posts\/14519\/revisions"}],"predecessor-version":[{"id":14521,"href":"https:\/\/www.cssr.news\/spanish\/wp-json\/wp\/v2\/posts\/14519\/revisions\/14521"}],"wp:featuredmedia":[{"embeddable":true,"href":"https:\/\/www.cssr.news\/spanish\/wp-json\/wp\/v2\/media\/14520"}],"wp:attachment":[{"href":"https:\/\/www.cssr.news\/spanish\/wp-json\/wp\/v2\/media?parent=14519"}],"wp:term":[{"taxonomy":"category","embeddable":true,"href":"https:\/\/www.cssr.news\/spanish\/wp-json\/wp\/v2\/categories?post=14519"},{"taxonomy":"post_tag","embeddable":true,"href":"https:\/\/www.cssr.news\/spanish\/wp-json\/wp\/v2\/tags?post=14519"}],"curies":[{"name":"wp","href":"https:\/\/api.w.org\/{rel}","templated":true}]}}