{"id":14522,"date":"2021-07-18T10:44:00","date_gmt":"2021-07-18T08:44:00","guid":{"rendered":"https:\/\/www.cssr.news\/spanish\/?p=14522"},"modified":"2021-07-19T10:50:08","modified_gmt":"2021-07-19T08:50:08","slug":"novena-mundial-en-internet-para-san-alfonso-a-partir-del-23-de-julio-de-2021","status":"publish","type":"post","link":"https:\/\/www.cssr.news\/spanish\/2021\/07\/novena-mundial-en-internet-para-san-alfonso-a-partir-del-23-de-julio-de-2021\/","title":{"rendered":"Novena mundial en internet para San Alfonso a partir del 23 de julio de 2021"},"content":{"rendered":"\n<p>(India) El 23 de marzo de 2021, los Redentoristas celebramos el 150 aniversario de la proclamaci\u00f3n de San Alfonso Mar\u00eda de Ligorio como Doctor de la Iglesia. En esta bendita ocasi\u00f3n, el Papa Francisco envi\u00f3 una carta al P. General en la que se\u00f1alaba que este Doctor de la Iglesia era un &#8220;oyente&#8221;, un maestro de misericordia y una persona que acog\u00eda &#8220;la fragilidad de hombres y mujeres espiritualmente m\u00e1s abandonados&#8221;. &#8221; En este maravilloso a\u00f1o de aniversario, a medida que nos acercamos a la fiesta de San Alfonso, en el Centro de Medios Redentoristas, en nombre de la Provincia de Bangalore, India, estamos organizando una &#8220;Novena global en l\u00ednea a San Alfonso&#8221;.<\/p>\n\n\n\n<p>Esta novena internacional en l\u00ednea comenzar\u00e1 el 23 de julio y continuar\u00e1 durante nueve d\u00edas hasta el 1 de agosto, la fiesta de San Alfonso. Hemos creado una red de cohermanos en todo el mundo para hacer de esta una verdadera celebraci\u00f3n internacional de nuestro carisma. He aqu\u00ed una lista de los temas sobre los que reflexionaremos y los cohermanos que contribuir\u00e1n con reflexiones estimulantes para todos nosotros.<\/p>\n\n\n\n<div class=\"wp-block-image\"><figure class=\"aligncenter size-large\"><a href=\"http:\/\/www.cssr.news\/spanish\/wp-content\/uploads\/sites\/3\/2021\/07\/program.jpg\"><img width=\"670\" height=\"546\" src=\"http:\/\/www.cssr.news\/spanish\/wp-content\/uploads\/sites\/3\/2021\/07\/program.jpg\" alt=\"\" class=\"wp-image-14523\" srcset=\"https:\/\/www.cssr.news\/spanish\/wp-content\/uploads\/sites\/3\/2021\/07\/program.jpg 670w, https:\/\/www.cssr.news\/spanish\/wp-content\/uploads\/sites\/3\/2021\/07\/program-300x244.jpg 300w, https:\/\/www.cssr.news\/spanish\/wp-content\/uploads\/sites\/3\/2021\/07\/program-515x420.jpg 515w\" sizes=\"(max-width: 670px) 100vw, 670px\" \/><\/a><\/figure><\/div>\n\n\n\n<p>Esta Novena es una manera maravillosa para nosotros, como Cuerpo Misionero, de reflexionar y beneficiarnos del legado duradero que Dios ha otorgado a nuestra Congregaci\u00f3n a trav\u00e9s de San Alfonso. Este Doctor de la Iglesia nos leg\u00f3 un carisma siempre relevante. Es un carisma que todav\u00eda inspira y motiva a los j\u00f3venes a unirse a nosotros en muchas partes del mundo. Es un carisma que une a todos los Redentoristas en solidaridad con nuestras congregaciones religiosas asociadas y colaboradores laicos en la Misi\u00f3n. Que esta celebraci\u00f3n en l\u00ednea de la fe nos inspire a una participaci\u00f3n renovada en la misi\u00f3n de proclamar la abundante redenci\u00f3n a los pobres y m\u00e1s abandonados. Invitamos a la mayor cantidad posible de nuestros cohermanos de todo el mundo a participar y promover este evento. Suscr\u00edbase a nuestro canal de YouTube para recibir las \u00faltimas actualizaciones. <a href=\"https:\/\/www.youtube.com\/RMCBangalore\">https:\/\/www.youtube.com\/RMCBangalore<\/a><\/p>\n\n\n\n<p>Les deseamos a todos una fiesta de San Alfonso Mar\u00eda de Ligorio muy fruct\u00edfera y llena de gracia.<\/p>\n\n\n\n<p>Centro de Medios Redentorista, Bangalore<\/p>\n","protected":false},"excerpt":{"rendered":"<p>(India) El 23 de marzo de 2021, los Redentoristas celebramos el 150 aniversario de la proclamaci\u00f3n de San Alfonso Mar\u00eda de Ligorio como Doctor de la Iglesia. En esta bendita ocasi\u00f3n, el Papa Francisco envi\u00f3 una carta al P. General en la que se\u00f1alaba que este Doctor de la Iglesia era un &#8220;oyente&#8221;, un maestro [&hellip;]<\/p>\n","protected":false},"author":3,"featured_media":14524,"comment_status":"closed","ping_status":"closed","sticky":false,"template":"","format":"standard","meta":[],"categories":[12],"tags":[],"_links":{"self":[{"href":"https:\/\/www.cssr.news\/spanish\/wp-json\/wp\/v2\/posts\/14522"}],"collection":[{"href":"https:\/\/www.cssr.news\/spanish\/wp-json\/wp\/v2\/posts"}],"about":[{"href":"https:\/\/www.cssr.news\/spanish\/wp-json\/wp\/v2\/types\/post"}],"author":[{"embeddable":true,"href":"https:\/\/www.cssr.news\/spanish\/wp-json\/wp\/v2\/users\/3"}],"replies":[{"embeddable":true,"href":"https:\/\/www.cssr.news\/spanish\/wp-json\/wp\/v2\/comments?post=14522"}],"version-history":[{"count":1,"href":"https:\/\/www.cssr.news\/spanish\/wp-json\/wp\/v2\/posts\/14522\/revisions"}],"predecessor-version":[{"id":14525,"href":"https:\/\/www.cssr.news\/spanish\/wp-json\/wp\/v2\/posts\/14522\/revisions\/14525"}],"wp:featuredmedia":[{"embeddable":true,"href":"https:\/\/www.cssr.news\/spanish\/wp-json\/wp\/v2\/media\/14524"}],"wp:attachment":[{"href":"https:\/\/www.cssr.news\/spanish\/wp-json\/wp\/v2\/media?parent=14522"}],"wp:term":[{"taxonomy":"category","embeddable":true,"href":"https:\/\/www.cssr.news\/spanish\/wp-json\/wp\/v2\/categories?post=14522"},{"taxonomy":"post_tag","embeddable":true,"href":"https:\/\/www.cssr.news\/spanish\/wp-json\/wp\/v2\/tags?post=14522"}],"curies":[{"name":"wp","href":"https:\/\/api.w.org\/{rel}","templated":true}]}}