{"id":14532,"date":"2021-07-19T16:22:00","date_gmt":"2021-07-19T14:22:00","guid":{"rendered":"https:\/\/www.cssr.news\/spanish\/?p=14532"},"modified":"2021-07-20T16:36:18","modified_gmt":"2021-07-20T14:36:18","slug":"200-anos-de-presencia-redentorista-en-bischenberg-francia","status":"publish","type":"post","link":"https:\/\/www.cssr.news\/spanish\/2021\/07\/200-anos-de-presencia-redentorista-en-bischenberg-francia\/","title":{"rendered":"200 a\u00f1os de presencia redentorista en Bischenberg, Francia"},"content":{"rendered":"\n<p>Bicentenario en Bischenberg 17\/07\/1820 &#8211; 17\/07\/2020<\/p>\n\n\n\n<p>Se supon\u00eda que el convento de Bischenberg en Bischoffsheim celebrar\u00eda el 200 aniversario del asentamiento de los Redentoristas en agosto de 2020. Retrasado por el Covid-19, las celebraciones finalmente comenzaron en mayo de 2021.<br>El punto culminante del a\u00f1o jubilar tuvo lugar el s\u00e1bado 17 de julio y el domingo 18 de julio.<br>La alegr\u00eda de una comunidad que celebra 200 a\u00f1os de presencia redentorista en la fe y en el compromiso de compartir el carisma redentorista.<\/p>\n\n\n\n<figure class=\"wp-block-image size-large\"><a href=\"https:\/\/www.cssr.news\/spanish\/wp-content\/uploads\/sites\/3\/2021\/07\/invito_france_cssr.jpg\"><img width=\"1024\" height=\"722\" src=\"https:\/\/www.cssr.news\/spanish\/wp-content\/uploads\/sites\/3\/2021\/07\/invito_france_cssr-1024x722.jpg\" alt=\"\" class=\"wp-image-14533\" srcset=\"https:\/\/www.cssr.news\/spanish\/wp-content\/uploads\/sites\/3\/2021\/07\/invito_france_cssr-1024x722.jpg 1024w, https:\/\/www.cssr.news\/spanish\/wp-content\/uploads\/sites\/3\/2021\/07\/invito_france_cssr-300x211.jpg 300w, https:\/\/www.cssr.news\/spanish\/wp-content\/uploads\/sites\/3\/2021\/07\/invito_france_cssr-768x541.jpg 768w, https:\/\/www.cssr.news\/spanish\/wp-content\/uploads\/sites\/3\/2021\/07\/invito_france_cssr-1536x1082.jpg 1536w, https:\/\/www.cssr.news\/spanish\/wp-content\/uploads\/sites\/3\/2021\/07\/invito_france_cssr-100x70.jpg 100w, https:\/\/www.cssr.news\/spanish\/wp-content\/uploads\/sites\/3\/2021\/07\/invito_france_cssr-696x490.jpg 696w, https:\/\/www.cssr.news\/spanish\/wp-content\/uploads\/sites\/3\/2021\/07\/invito_france_cssr-1068x753.jpg 1068w, https:\/\/www.cssr.news\/spanish\/wp-content\/uploads\/sites\/3\/2021\/07\/invito_france_cssr-596x420.jpg 596w, https:\/\/www.cssr.news\/spanish\/wp-content\/uploads\/sites\/3\/2021\/07\/invito_france_cssr.jpg 2048w\" sizes=\"(max-width: 1024px) 100vw, 1024px\" \/><\/a><\/figure>\n\n\n\n<p>Durante este tiempo jubilar la comunidad de Bischenberg record\u00f3 los esfuerzos de los redentoristas en las misiones populares. Con el testimonio de sacerdotes como el Padre Dalmer, actual rector del santuario, y el Padre Marcel, misionero redentorista que lleva a\u00f1os presente en esta comunidad, se ha recordado la obra de muchos misioneros que dejaron la semilla de la fe para hacer una comunidad creyente y comprometid con el pr\u00f3jimo en el anuncio de la abundante redenci\u00f3n.<\/p>\n\n\n\n<p class=\"has-text-align-center\"><strong>Celebraci\u00f3n del 200 aniversario del asentamiento de los Redentoristas &#8211; Programa.<\/strong><\/p>\n\n\n\n<p>El programa del s\u00e1bado 17 de julio:<\/p>\n\n\n\n<p>Recepci\u00f3n a partir de las 17 horas en el convento del Padre Raoul (Superior de la comunidad), Padre Stanula (Padre Provincial) y Padre Pedro L\u00f3pez (Consejero General de la Congregaci\u00f3n) para una misa.<br>20:00: Conferencia sobre el tema: &#8220;Los Redentoristas de 1732 a 2021, desde N\u00e1poles hasta el fin del mundo&#8221;.<\/p>\n\n\n\n<figure class=\"wp-block-gallery columns-2 is-cropped\"><ul class=\"blocks-gallery-grid\"><li class=\"blocks-gallery-item\"><figure><a href=\"https:\/\/www.cssr.news\/spanish\/wp-content\/uploads\/sites\/3\/2021\/07\/pedro_francia_02.jpg\"><img width=\"1024\" height=\"576\" src=\"https:\/\/www.cssr.news\/spanish\/wp-content\/uploads\/sites\/3\/2021\/07\/pedro_francia_02-1024x576.jpg\" alt=\"\" data-id=\"14534\" data-full-url=\"https:\/\/www.cssr.news\/spanish\/wp-content\/uploads\/sites\/3\/2021\/07\/pedro_francia_02.jpg\" data-link=\"https:\/\/www.cssr.news\/spanish\/?attachment_id=14534\" class=\"wp-image-14534\" srcset=\"https:\/\/www.cssr.news\/spanish\/wp-content\/uploads\/sites\/3\/2021\/07\/pedro_francia_02-1024x576.jpg 1024w, https:\/\/www.cssr.news\/spanish\/wp-content\/uploads\/sites\/3\/2021\/07\/pedro_francia_02-300x169.jpg 300w, https:\/\/www.cssr.news\/spanish\/wp-content\/uploads\/sites\/3\/2021\/07\/pedro_francia_02-768x432.jpg 768w, https:\/\/www.cssr.news\/spanish\/wp-content\/uploads\/sites\/3\/2021\/07\/pedro_francia_02-696x392.jpg 696w, https:\/\/www.cssr.news\/spanish\/wp-content\/uploads\/sites\/3\/2021\/07\/pedro_francia_02-1068x601.jpg 1068w, https:\/\/www.cssr.news\/spanish\/wp-content\/uploads\/sites\/3\/2021\/07\/pedro_francia_02-747x420.jpg 747w, https:\/\/www.cssr.news\/spanish\/wp-content\/uploads\/sites\/3\/2021\/07\/pedro_francia_02.jpg 1344w\" sizes=\"(max-width: 1024px) 100vw, 1024px\" \/><\/a><\/figure><\/li><li class=\"blocks-gallery-item\"><figure><a href=\"https:\/\/www.cssr.news\/spanish\/wp-content\/uploads\/sites\/3\/2021\/07\/pedro_francia_01.jpg\"><img width=\"1024\" height=\"576\" src=\"https:\/\/www.cssr.news\/spanish\/wp-content\/uploads\/sites\/3\/2021\/07\/pedro_francia_01-1024x576.jpg\" alt=\"\" data-id=\"14535\" data-full-url=\"https:\/\/www.cssr.news\/spanish\/wp-content\/uploads\/sites\/3\/2021\/07\/pedro_francia_01.jpg\" data-link=\"https:\/\/www.cssr.news\/spanish\/?attachment_id=14535\" class=\"wp-image-14535\" srcset=\"https:\/\/www.cssr.news\/spanish\/wp-content\/uploads\/sites\/3\/2021\/07\/pedro_francia_01-1024x576.jpg 1024w, https:\/\/www.cssr.news\/spanish\/wp-content\/uploads\/sites\/3\/2021\/07\/pedro_francia_01-300x169.jpg 300w, https:\/\/www.cssr.news\/spanish\/wp-content\/uploads\/sites\/3\/2021\/07\/pedro_francia_01-768x432.jpg 768w, https:\/\/www.cssr.news\/spanish\/wp-content\/uploads\/sites\/3\/2021\/07\/pedro_francia_01-696x392.jpg 696w, https:\/\/www.cssr.news\/spanish\/wp-content\/uploads\/sites\/3\/2021\/07\/pedro_francia_01-1068x601.jpg 1068w, https:\/\/www.cssr.news\/spanish\/wp-content\/uploads\/sites\/3\/2021\/07\/pedro_francia_01-747x420.jpg 747w, https:\/\/www.cssr.news\/spanish\/wp-content\/uploads\/sites\/3\/2021\/07\/pedro_francia_01.jpg 1440w\" sizes=\"(max-width: 1024px) 100vw, 1024px\" \/><\/a><\/figure><\/li><\/ul><\/figure>\n\n\n\n<p>Domingo 18 de julio:<\/p>\n\n\n\n<p>10:00: Misa presidida por el Padre L\u00f3pez<br>Mediod\u00eda: almuerzo de paella al aire libre.<br>15:30: conferencia \u201cLa especificidad redentorista: su espiritualidad, su misi\u00f3n, su carisma, su acci\u00f3n\u201d.<br>El d\u00eda terminar\u00e1 con un momento de convivencia acompa\u00f1ado con tartas flambeadas a partir de las 18.30 horas.<\/p>\n\n\n\n<figure class=\"wp-block-embed is-type-video is-provider-youtube wp-block-embed-youtube wp-embed-aspect-16-9 wp-has-aspect-ratio\"><div class=\"wp-block-embed__wrapper\">\n<iframe title=\"Bicentenaire CSsR Bischenberg\" width=\"696\" height=\"392\" src=\"https:\/\/www.youtube.com\/embed\/0mCR57oXfog?feature=oembed\" frameborder=\"0\" allow=\"accelerometer; autoplay; clipboard-write; encrypted-media; gyroscope; picture-in-picture\" allowfullscreen><\/iframe>\n<\/div><\/figure>\n","protected":false},"excerpt":{"rendered":"<p>Bicentenario en Bischenberg 17\/07\/1820 &#8211; 17\/07\/2020 Se supon\u00eda que el convento de Bischenberg en Bischoffsheim celebrar\u00eda el 200 aniversario del asentamiento de los Redentoristas en agosto de 2020. Retrasado por el Covid-19, las celebraciones finalmente comenzaron en mayo de 2021.El punto culminante del a\u00f1o jubilar tuvo lugar el s\u00e1bado 17 de julio y el domingo [&hellip;]<\/p>\n","protected":false},"author":3,"featured_media":14536,"comment_status":"closed","ping_status":"closed","sticky":false,"template":"","format":"standard","meta":[],"categories":[11],"tags":[],"_links":{"self":[{"href":"https:\/\/www.cssr.news\/spanish\/wp-json\/wp\/v2\/posts\/14532"}],"collection":[{"href":"https:\/\/www.cssr.news\/spanish\/wp-json\/wp\/v2\/posts"}],"about":[{"href":"https:\/\/www.cssr.news\/spanish\/wp-json\/wp\/v2\/types\/post"}],"author":[{"embeddable":true,"href":"https:\/\/www.cssr.news\/spanish\/wp-json\/wp\/v2\/users\/3"}],"replies":[{"embeddable":true,"href":"https:\/\/www.cssr.news\/spanish\/wp-json\/wp\/v2\/comments?post=14532"}],"version-history":[{"count":1,"href":"https:\/\/www.cssr.news\/spanish\/wp-json\/wp\/v2\/posts\/14532\/revisions"}],"predecessor-version":[{"id":14537,"href":"https:\/\/www.cssr.news\/spanish\/wp-json\/wp\/v2\/posts\/14532\/revisions\/14537"}],"wp:featuredmedia":[{"embeddable":true,"href":"https:\/\/www.cssr.news\/spanish\/wp-json\/wp\/v2\/media\/14536"}],"wp:attachment":[{"href":"https:\/\/www.cssr.news\/spanish\/wp-json\/wp\/v2\/media?parent=14532"}],"wp:term":[{"taxonomy":"category","embeddable":true,"href":"https:\/\/www.cssr.news\/spanish\/wp-json\/wp\/v2\/categories?post=14532"},{"taxonomy":"post_tag","embeddable":true,"href":"https:\/\/www.cssr.news\/spanish\/wp-json\/wp\/v2\/tags?post=14532"}],"curies":[{"name":"wp","href":"https:\/\/api.w.org\/{rel}","templated":true}]}}