{"id":14569,"date":"2021-07-30T10:00:00","date_gmt":"2021-07-30T08:00:00","guid":{"rendered":"https:\/\/www.cssr.news\/spanish\/?p=14569"},"modified":"2021-07-30T00:20:54","modified_gmt":"2021-07-29T22:20:54","slug":"saludos-y-bendiciones-del-superior-general-en-la-fiesta-de-san-alfonso","status":"publish","type":"post","link":"https:\/\/www.cssr.news\/spanish\/2021\/07\/saludos-y-bendiciones-del-superior-general-en-la-fiesta-de-san-alfonso\/","title":{"rendered":"Saludos y bendiciones del Superior General en la fiesta de San Alfonso"},"content":{"rendered":"\n<p>Estimados Cohermanos,<\/p>\n\n\n\n<p>\u00a1Saludos y bendiciones mientras nos preparamos para celebrar esta fiesta de San Alfonso! Por favor, transmita mis saludos a los miembros de su (V) Provincia, Regi\u00f3n y Misi\u00f3n.<\/p>\n\n\n\n<p>Al celebrar este a\u00f1o el 150 Aniversario de la declaraci\u00f3n de San Alfonso como Doctor de la Iglesia, nos dedicamos una vez m\u00e1s a la misi\u00f3n confiada a nuestra Congregaci\u00f3n por Dios a trav\u00e9s del Redentor en el Esp\u00edritu de San Alfonso. Esta fiesta es una excelente oportunidad para que reflexionemos una vez m\u00e1s sobre la maravillosa carta que el Papa Francisco envi\u00f3 en esta ocasi\u00f3n.<\/p>\n\n\n\n<p>Mientras celebramos esta fiesta, tambi\u00e9n somos muy conscientes de que nuestro mundo sigue muy herido por la pandemia de Covid-19. Rezamos por todos aquellos que han sido m\u00e1s gravemente afectados &#8211; hermanos, familias, amigos y aquellos a quienes somos enviados, especialmente los pobres abandonados. Que el ejemplo y las oraciones de San Alfonso sigan inspir\u00e1ndonos a testificar a nuestro Redentor en este mundo herido, con consuelo y compasi\u00f3n por todos.<\/p>\n\n\n\n<p>En Cristo nuestro Redentor,<\/p>\n\n\n\n<p>Michael Brehl, C.Ss.R.<\/p>\n","protected":false},"excerpt":{"rendered":"<p>Estimados Cohermanos, \u00a1Saludos y bendiciones mientras nos preparamos para celebrar esta fiesta de San Alfonso! Por favor, transmita mis saludos a los miembros de su (V) Provincia, Regi\u00f3n y Misi\u00f3n. Al celebrar este a\u00f1o el 150 Aniversario de la declaraci\u00f3n de San Alfonso como Doctor de la Iglesia, nos dedicamos una vez m\u00e1s a la [&hellip;]<\/p>\n","protected":false},"author":21,"featured_media":14570,"comment_status":"closed","ping_status":"closed","sticky":false,"template":"","format":"standard","meta":[],"categories":[15],"tags":[],"_links":{"self":[{"href":"https:\/\/www.cssr.news\/spanish\/wp-json\/wp\/v2\/posts\/14569"}],"collection":[{"href":"https:\/\/www.cssr.news\/spanish\/wp-json\/wp\/v2\/posts"}],"about":[{"href":"https:\/\/www.cssr.news\/spanish\/wp-json\/wp\/v2\/types\/post"}],"author":[{"embeddable":true,"href":"https:\/\/www.cssr.news\/spanish\/wp-json\/wp\/v2\/users\/21"}],"replies":[{"embeddable":true,"href":"https:\/\/www.cssr.news\/spanish\/wp-json\/wp\/v2\/comments?post=14569"}],"version-history":[{"count":1,"href":"https:\/\/www.cssr.news\/spanish\/wp-json\/wp\/v2\/posts\/14569\/revisions"}],"predecessor-version":[{"id":14571,"href":"https:\/\/www.cssr.news\/spanish\/wp-json\/wp\/v2\/posts\/14569\/revisions\/14571"}],"wp:featuredmedia":[{"embeddable":true,"href":"https:\/\/www.cssr.news\/spanish\/wp-json\/wp\/v2\/media\/14570"}],"wp:attachment":[{"href":"https:\/\/www.cssr.news\/spanish\/wp-json\/wp\/v2\/media?parent=14569"}],"wp:term":[{"taxonomy":"category","embeddable":true,"href":"https:\/\/www.cssr.news\/spanish\/wp-json\/wp\/v2\/categories?post=14569"},{"taxonomy":"post_tag","embeddable":true,"href":"https:\/\/www.cssr.news\/spanish\/wp-json\/wp\/v2\/tags?post=14569"}],"curies":[{"name":"wp","href":"https:\/\/api.w.org\/{rel}","templated":true}]}}