{"id":148,"date":"2015-08-09T15:21:57","date_gmt":"2015-08-09T15:21:57","guid":{"rendered":"http:\/\/www.cssr.news\/spanish\/?p=148"},"modified":"2015-10-09T15:22:14","modified_gmt":"2015-10-09T15:22:14","slug":"redentoristas-celebran-50-anos-de-la-creacion-del-colegio-san-alfonso-en-salta","status":"publish","type":"post","link":"https:\/\/www.cssr.news\/spanish\/2015\/08\/redentoristas-celebran-50-anos-de-la-creacion-del-colegio-san-alfonso-en-salta\/","title":{"rendered":"Redentoristas celebran 50 a\u00f1os de la creaci\u00f3n del colegio San Alfonso en Salta"},"content":{"rendered":"<p>La comunidad de Padres Redentoristas celebra hoy los cincuenta a\u00f1os de la creaci\u00f3n del colegio secundario del Instituto Parroquial San Alfonso.<\/p>\n<p>Los or\u00edgenes del actual colegio secundario se remontan a 1958 cuando, en la comunidad de los Padres Redentoristas (parroquia San Alfonso), y desde el c\u00edrculo de la Acci\u00f3n Cat\u00f3lica, se defini\u00f3 el proyecto para la creaci\u00f3n de una escuela que pudiera recibir y contener a los numerosos ni\u00f1os del barrio en el que estaba inserta la parroquia. La idea fue tomando forma de la mano de los sacerdotes Jos\u00e9 Sonntag y Andr\u00e9s Ib\u00e1\u00f1ez.<br \/>\nEl 4 de marzo de 1959 se inaugur\u00f3 el Jard\u00edn de Infantes parroquial, que funcionar\u00eda en la quinta del convento. Fue dirigido por personas que pertenec\u00edan a la Acci\u00f3n Cat\u00f3lica de esa parroquia, las que prestaron sus servicios en forma gratuita. La nueva escuela estar\u00eda ubicada en la intersecci\u00f3n de las calles Rivadavia y 25 de Mayo. La comunidad parroquial apoy\u00f3 esa iniciativa donando los ladrillos para concretar la obra.<br \/>\nEl 3 de abril de 1960 se coloc\u00f3 la piedra fundamental de lo que ser\u00eda el primer establecimiento educativo parroquial en Salta. Pocos a\u00f1os despu\u00e9s se avanz\u00f3 con un colegio secundario para ofrecer la posibilidad de una continuidad en la formaci\u00f3n intelectual y cristiana de los j\u00f3venes.<br \/>\nAs\u00ed fue que, en febrero de 1965, los padres Sonntag e Ib\u00e1\u00f1ez, junto a la docente Mar\u00eda Julia Cabral, pusieron en marcha la idea. En ese mismo mes el proyecto provisional fue probado y comenz\u00f3 la inscripci\u00f3n de alumnos y la convocatoria de docentes id\u00f3neos para cada \u00e1rea. El 16 de marzo de 1965 comenzaron las clases y en agosto del mismo a\u00f1o se incorpor\u00f3 al Instituto Parroquial San Alfonso a la ense\u00f1anza oficial, bajo la supervisi\u00f3n y asesoramiento de SNEP (Superintendencia Nacional de Ense\u00f1anza Privada).<\/p>\n","protected":false},"excerpt":{"rendered":"<p>La comunidad de Padres Redentoristas celebra hoy los cincuenta a\u00f1os de la creaci\u00f3n del colegio secundario del Instituto Parroquial San Alfonso. Los or\u00edgenes del actual colegio secundario se remontan a 1958 cuando, en la comunidad de los Padres Redentoristas (parroquia San Alfonso), y desde el c\u00edrculo de la Acci\u00f3n Cat\u00f3lica, se defini\u00f3 el proyecto para [&hellip;]<\/p>\n","protected":false},"author":1,"featured_media":149,"comment_status":"open","ping_status":"open","sticky":false,"template":"","format":"standard","meta":[],"categories":[11],"tags":[],"_links":{"self":[{"href":"https:\/\/www.cssr.news\/spanish\/wp-json\/wp\/v2\/posts\/148"}],"collection":[{"href":"https:\/\/www.cssr.news\/spanish\/wp-json\/wp\/v2\/posts"}],"about":[{"href":"https:\/\/www.cssr.news\/spanish\/wp-json\/wp\/v2\/types\/post"}],"author":[{"embeddable":true,"href":"https:\/\/www.cssr.news\/spanish\/wp-json\/wp\/v2\/users\/1"}],"replies":[{"embeddable":true,"href":"https:\/\/www.cssr.news\/spanish\/wp-json\/wp\/v2\/comments?post=148"}],"version-history":[{"count":1,"href":"https:\/\/www.cssr.news\/spanish\/wp-json\/wp\/v2\/posts\/148\/revisions"}],"predecessor-version":[{"id":150,"href":"https:\/\/www.cssr.news\/spanish\/wp-json\/wp\/v2\/posts\/148\/revisions\/150"}],"wp:featuredmedia":[{"embeddable":true,"href":"https:\/\/www.cssr.news\/spanish\/wp-json\/wp\/v2\/media\/149"}],"wp:attachment":[{"href":"https:\/\/www.cssr.news\/spanish\/wp-json\/wp\/v2\/media?parent=148"}],"wp:term":[{"taxonomy":"category","embeddable":true,"href":"https:\/\/www.cssr.news\/spanish\/wp-json\/wp\/v2\/categories?post=148"},{"taxonomy":"post_tag","embeddable":true,"href":"https:\/\/www.cssr.news\/spanish\/wp-json\/wp\/v2\/tags?post=148"}],"curies":[{"name":"wp","href":"https:\/\/api.w.org\/{rel}","templated":true}]}}