{"id":152,"date":"2015-08-12T10:11:54","date_gmt":"2015-08-12T10:11:54","guid":{"rendered":"http:\/\/www.cssr.news\/spanish\/?p=152"},"modified":"2015-10-12T10:12:39","modified_gmt":"2015-10-12T10:12:39","slug":"invitacion-del-papa-a-cuidar-nuestra-casa-comun-para-reducir-los-desastres-naturales","status":"publish","type":"post","link":"https:\/\/www.cssr.news\/spanish\/2015\/08\/invitacion-del-papa-a-cuidar-nuestra-casa-comun-para-reducir-los-desastres-naturales\/","title":{"rendered":"Invitaci\u00f3n del Papa a cuidar nuestra casa com\u00fan, para reducir los desastres naturales"},"content":{"rendered":"<p>(RV).- Despu\u00e9s de rezar el \u00c1ngelus del XXVIII domingo del tiempo ordinario el Papa Francisco salud\u00f3 a los numerosos fieles y peregrinos que se hab\u00edan dado cita en la Plaza de San Pedro.<\/p>\n<p>\u201cQueridos hermanos y hermanas \u2013 dijo el Papa Bergoglio \u2013 el martes pr\u00f3ximo, 13 de octubre, se celebra la Jornada internacional por la reducci\u00f3n de los desastres naturales. Lamentablemente hay que reconocer que los efectos de semejantes calamidades con frecuencia se agravan por la falta de cuidado del ambiente por parte del hombre. Me uno a todos los que, de modo previsor, se empe\u00f1an en la tutela de nuestra casa com\u00fan, para promover una cultura global y local de reducci\u00f3n de los desastres y de mayor resiliencia ante ellos, armonizando los nuevos conocimientos con aquellos tradicionales, y con especial atenci\u00f3n a las poblaciones m\u00e1s vulnerables\u201d.<\/p>\n<p>El Obispo de Roma salud\u00f3 con afecto a todos los peregrinos, especialmente a las familias, a los grupos parroquiales procedentes de Italia y de diversos pa\u00edses y, de modo especial a los di\u00e1conos y a los sacerdotes del Colegio Germano-H\u00fangaro que fueron ordenados el d\u00eda anterior y a quienes anim\u00f3 a emprender con alegr\u00eda y confianza su servicio a la Iglesia. El Papa Bergoglio tambi\u00e9n salud\u00f3 a los nuevos seminaristas del Venerable Colegio Ingl\u00e9s, y a la Confraternidad de la Verdadera Santa Cruz de Calahorra.<\/p>\n<p>Adem\u00e1s, el Santo Padre salud\u00f3 a los fieles de la parroquia del Sagrado Coraz\u00f3n y de Santa Teresa Margarita Redi, de Arezzo, en el 50\u00b0 aniversario de su fundaci\u00f3n; a los fieles procedentes de Camaiore y de Capua; al grupo \u201cJes\u00fas ama\u201d que acaba de realizar una semana de evangelizaci\u00f3n en el barrio romano de Trastevere; a los chicos y chicas que acaban de recibir el sacramento de la Confirmaci\u00f3n y, por \u00faltimo, a la Asociaci\u00f3n \u201cDavide Ciavattini\u201d dedicada a la asistencia a los ni\u00f1os con graves enfermedades de la sangre.<\/p>\n<p>A todos Francisco dese\u00f3 feliz domingo y pidi\u00f3, como suele hacer, que por favor no se olviden de rezar por \u00e9l, con su cl\u00e1sica expresi\u00f3n de \u201c\u00a1buen almuerzo y hasta la vista!\u201d.<\/p>\n<p>(Mar\u00eda Fernanda Bernasconi &#8211; RV)<\/p>\n<p>(from Vatican Radio)<\/p>\n","protected":false},"excerpt":{"rendered":"<p>(RV).- Despu\u00e9s de rezar el \u00c1ngelus del XXVIII domingo del tiempo ordinario el Papa Francisco salud\u00f3 a los numerosos fieles y peregrinos que se hab\u00edan dado cita en la Plaza de San Pedro. \u201cQueridos hermanos y hermanas \u2013 dijo el Papa Bergoglio \u2013 el martes pr\u00f3ximo, 13 de octubre, se celebra la Jornada internacional por [&hellip;]<\/p>\n","protected":false},"author":1,"featured_media":153,"comment_status":"open","ping_status":"open","sticky":false,"template":"","format":"standard","meta":[],"categories":[10],"tags":[],"_links":{"self":[{"href":"https:\/\/www.cssr.news\/spanish\/wp-json\/wp\/v2\/posts\/152"}],"collection":[{"href":"https:\/\/www.cssr.news\/spanish\/wp-json\/wp\/v2\/posts"}],"about":[{"href":"https:\/\/www.cssr.news\/spanish\/wp-json\/wp\/v2\/types\/post"}],"author":[{"embeddable":true,"href":"https:\/\/www.cssr.news\/spanish\/wp-json\/wp\/v2\/users\/1"}],"replies":[{"embeddable":true,"href":"https:\/\/www.cssr.news\/spanish\/wp-json\/wp\/v2\/comments?post=152"}],"version-history":[{"count":1,"href":"https:\/\/www.cssr.news\/spanish\/wp-json\/wp\/v2\/posts\/152\/revisions"}],"predecessor-version":[{"id":154,"href":"https:\/\/www.cssr.news\/spanish\/wp-json\/wp\/v2\/posts\/152\/revisions\/154"}],"wp:featuredmedia":[{"embeddable":true,"href":"https:\/\/www.cssr.news\/spanish\/wp-json\/wp\/v2\/media\/153"}],"wp:attachment":[{"href":"https:\/\/www.cssr.news\/spanish\/wp-json\/wp\/v2\/media?parent=152"}],"wp:term":[{"taxonomy":"category","embeddable":true,"href":"https:\/\/www.cssr.news\/spanish\/wp-json\/wp\/v2\/categories?post=152"},{"taxonomy":"post_tag","embeddable":true,"href":"https:\/\/www.cssr.news\/spanish\/wp-json\/wp\/v2\/tags?post=152"}],"curies":[{"name":"wp","href":"https:\/\/api.w.org\/{rel}","templated":true}]}}