{"id":15328,"date":"2022-10-05T05:11:00","date_gmt":"2022-10-05T03:11:00","guid":{"rendered":"https:\/\/www.cssr.news\/spanish\/?p=15328"},"modified":"2022-10-04T14:34:05","modified_gmt":"2022-10-04T12:34:05","slug":"5-de-octubre-memoria-del-beato-francisco-javier-seelos","status":"publish","type":"post","link":"https:\/\/www.cssr.news\/spanish\/2022\/10\/5-de-octubre-memoria-del-beato-francisco-javier-seelos\/","title":{"rendered":"5 de octubre: Memoria del Beato Francisco Javier Seelos"},"content":{"rendered":"\n<p>La familia Redentorista conmemora a otro santo var\u00f3n de Dios, el <strong>Beato Francisco Xavier Seelos C.Ss.R. <\/strong>el 5 de octubre. Naci\u00f3 el 11 de enero de 1819 en F\u00fcssen, Baviera, Alemania y fue bautizado en el mismo d\u00eda. Ingres\u00f3 en un seminario diocesano en 1842 despu\u00e9s de haber completado sus estudios de filosof\u00eda ya que ten\u00eda un gran deseo de ser sacerdote.<\/p>\n\n\n\n<p>Tras conocer la obra de los misioneros redentoristas, fundados para la evangelizaci\u00f3n de los m\u00e1s abandonados, decidi\u00f3 hacerse religioso y ministrar a los inmigrantes de habla alemana en Estados Unidos. Fue aceptado por la Congregaci\u00f3n el 22 de noviembre de 1842 y zarp\u00f3 de Francia a Nueva York. Fue ordenado sacerdote en la Iglesia Redentorista de St. James en Baltimore, Maryland, EE. UU. Despu\u00e9s de ser ordenado, trabaj\u00f3 durante nueve a\u00f1os en la parroquia de St. Philomena en Pittsburgh, Pensilvania, primero como pastor asistente con St. John Neumann, Superior de la Comunidad Religiosa, y m\u00e1s tarde como Superior \u00e9l mismo y durante los \u00faltimos tres a\u00f1os como p\u00e1rroco. Durante este tiempo, tambi\u00e9n fue el Maestro de Novicios Redentoristas. Con Neumann, tambi\u00e9n se dedic\u00f3 a predicar misiones.<\/p>\n\n\n\n<figure class=\"wp-block-image size-large\"><a href=\"http:\/\/www.cssr.news\/spanish\/wp-content\/uploads\/sites\/3\/2021\/10\/6.png\"><img width=\"1024\" height=\"724\" src=\"http:\/\/www.cssr.news\/spanish\/wp-content\/uploads\/sites\/3\/2021\/10\/6-1024x724.png\" alt=\"\" class=\"wp-image-15326\" srcset=\"https:\/\/www.cssr.news\/spanish\/wp-content\/uploads\/sites\/3\/2021\/10\/6-1024x724.png 1024w, https:\/\/www.cssr.news\/spanish\/wp-content\/uploads\/sites\/3\/2021\/10\/6-300x212.png 300w, https:\/\/www.cssr.news\/spanish\/wp-content\/uploads\/sites\/3\/2021\/10\/6-768x543.png 768w, https:\/\/www.cssr.news\/spanish\/wp-content\/uploads\/sites\/3\/2021\/10\/6-100x70.png 100w, https:\/\/www.cssr.news\/spanish\/wp-content\/uploads\/sites\/3\/2021\/10\/6-696x492.png 696w, https:\/\/www.cssr.news\/spanish\/wp-content\/uploads\/sites\/3\/2021\/10\/6-1068x755.png 1068w, https:\/\/www.cssr.news\/spanish\/wp-content\/uploads\/sites\/3\/2021\/10\/6-594x420.png 594w, https:\/\/www.cssr.news\/spanish\/wp-content\/uploads\/sites\/3\/2021\/10\/6.png 1152w\" sizes=\"(max-width: 1024px) 100vw, 1024px\" \/><\/a><\/figure>\n\n\n\n<p>Fiel al carisma redentorista, practic\u00f3 un estilo de vida sencillo y una manera sencilla de expresarse. Los temas de su predicaci\u00f3n siempre fueron escuchados y comprendidos incluso por la gente m\u00e1s sencilla. Un esfuerzo constante en su actividad pastoral fue instruir a los ni\u00f1os en la fe. No solo favoreci\u00f3 este ministerio, sino que tambi\u00e9n lo consider\u00f3 fundamental para el crecimiento de la comunidad cristiana en la parroquia. Durante muchos a\u00f1os se dedic\u00f3 al ministerio parroquial y sirvi\u00f3 en la formaci\u00f3n de futuros Redentoristas como Prefecto de Estudiantes. Se esforz\u00f3 por inculcar en estos futuros misioneros redentoristas el entusiasmo, el esp\u00edritu de sacrificio y el celo apost\u00f3lico por el bienestar espiritual y temporal del pueblo. Pas\u00f3 la mayor parte de su vida predicando misiones en ingl\u00e9s y alem\u00e1n. Como p\u00e1rroco se le conoc\u00eda, alegremente disponible para sus fieles y singularmente preocupado por los m\u00e1s pobres y abandonados. En el mes de septiembre, exhausto de visitar y atender a las v\u00edctimas de la fiebre amarilla, contrajo la temida enfermedad. Despu\u00e9s de varias semanas de soportar pacientemente su enfermedad, pas\u00f3 a la vida eterna el 4 de octubre de 1867, a la edad de 48 a\u00f1os y 9 meses.<\/p>\n\n\n\n<p>Su Santidad el Papa Juan Pablo II, proclam\u00f3 Beato al Padre Seelos en la Plaza de San Pedro el 9 de abril del Solemne Jubileo del a\u00f1o 2000.<\/p>\n\n\n\n<p>Scala News<\/p>\n","protected":false},"excerpt":{"rendered":"<p>La familia Redentorista conmemora a otro santo var\u00f3n de Dios, el Beato Francisco Xavier Seelos C.Ss.R. el 5 de octubre. Naci\u00f3 el 11 de enero de 1819 en F\u00fcssen, Baviera, Alemania y fue bautizado en el mismo d\u00eda. Ingres\u00f3 en un seminario diocesano en 1842 despu\u00e9s de haber completado sus estudios de filosof\u00eda ya que [&hellip;]<\/p>\n","protected":false},"author":3,"featured_media":2597,"comment_status":"closed","ping_status":"closed","sticky":false,"template":"","format":"standard","meta":[],"categories":[20],"tags":[],"_links":{"self":[{"href":"https:\/\/www.cssr.news\/spanish\/wp-json\/wp\/v2\/posts\/15328"}],"collection":[{"href":"https:\/\/www.cssr.news\/spanish\/wp-json\/wp\/v2\/posts"}],"about":[{"href":"https:\/\/www.cssr.news\/spanish\/wp-json\/wp\/v2\/types\/post"}],"author":[{"embeddable":true,"href":"https:\/\/www.cssr.news\/spanish\/wp-json\/wp\/v2\/users\/3"}],"replies":[{"embeddable":true,"href":"https:\/\/www.cssr.news\/spanish\/wp-json\/wp\/v2\/comments?post=15328"}],"version-history":[{"count":4,"href":"https:\/\/www.cssr.news\/spanish\/wp-json\/wp\/v2\/posts\/15328\/revisions"}],"predecessor-version":[{"id":25179,"href":"https:\/\/www.cssr.news\/spanish\/wp-json\/wp\/v2\/posts\/15328\/revisions\/25179"}],"wp:featuredmedia":[{"embeddable":true,"href":"https:\/\/www.cssr.news\/spanish\/wp-json\/wp\/v2\/media\/2597"}],"wp:attachment":[{"href":"https:\/\/www.cssr.news\/spanish\/wp-json\/wp\/v2\/media?parent=15328"}],"wp:term":[{"taxonomy":"category","embeddable":true,"href":"https:\/\/www.cssr.news\/spanish\/wp-json\/wp\/v2\/categories?post=15328"},{"taxonomy":"post_tag","embeddable":true,"href":"https:\/\/www.cssr.news\/spanish\/wp-json\/wp\/v2\/tags?post=15328"}],"curies":[{"name":"wp","href":"https:\/\/api.w.org\/{rel}","templated":true}]}}