{"id":16681,"date":"2022-03-09T10:50:59","date_gmt":"2022-03-09T08:50:59","guid":{"rendered":"https:\/\/www.cssr.news\/spanish\/?p=16681"},"modified":"2022-03-09T10:51:02","modified_gmt":"2022-03-09T08:51:02","slug":"el-desafio-de-las-misiones-populares-en-albania","status":"publish","type":"post","link":"https:\/\/www.cssr.news\/spanish\/2022\/03\/el-desafio-de-las-misiones-populares-en-albania\/","title":{"rendered":"El desaf\u00edo de las Misiones Populares en Albania"},"content":{"rendered":"\n<p>El carisma redentorista, en nuestra historia de servicio a la Iglesia, destaca sobre todo por las Misiones Populares. Pero sabemos que ya en los primeros tiempos, con la experiencia de San Clemente Mar\u00eda Hofbauer en Centroeuropa, los Redentoristas han tenido que encontrar caminos nuevos para realizar su carisma fundacional.<\/p>\n\n\n\n<p>En Albania, el carisma Redentorista llega en 2014, para establecerse en un contexto de urgencia misionera, ante la falta de sacerdotes suficientes para atender a los fieles cat\u00f3licos. La comunidad Redentorista recibi\u00f3 el cuidado de la Misi\u00f3n de Kam\u00ebz, probablemente la parroquia m\u00e1s grande del pa\u00eds en cuanto a poblaci\u00f3n cat\u00f3lica, en donde se atiende pastoralmente una ciudad periferia de la capital del pa\u00eds y varias comunidades rurales. Esa parroquia lleva hoy en d\u00eda el nombre de nuestro padre Fundador, San Alfonso. Adem\u00e1s de la atenci\u00f3n pastoral de la Misi\u00f3n de Kam\u00ebz, todos los a\u00f1os los cohermanos participan en la Misi\u00f3n del Verano que organiza la di\u00f3cesis de Sapa, durante dos semanas, en el mes de julio. La di\u00f3cesis re\u00fane a sacerdotes, religiosos y laicos para una evangelizaci\u00f3n extraordinaria en las monta\u00f1as de Tropoja, que est\u00e1n al cuidado de una peque\u00f1a comunidad de monjas franciscanas durante el a\u00f1o, sin sacerdote.<\/p>\n\n\n\n<figure class=\"wp-block-gallery columns-2 is-cropped\"><ul class=\"blocks-gallery-grid\"><li class=\"blocks-gallery-item\"><figure><a href=\"http:\/\/www.cssr.news\/spanish\/wp-content\/uploads\/sites\/3\/2022\/03\/albania_1893.jpg\"><img width=\"1000\" height=\"751\" src=\"http:\/\/www.cssr.news\/spanish\/wp-content\/uploads\/sites\/3\/2022\/03\/albania_1893.jpg\" alt=\"\" data-id=\"16683\" data-full-url=\"http:\/\/www.cssr.news\/spanish\/wp-content\/uploads\/sites\/3\/2022\/03\/albania_1893.jpg\" data-link=\"https:\/\/www.cssr.news\/spanish\/?attachment_id=16683\" class=\"wp-image-16683\" srcset=\"https:\/\/www.cssr.news\/spanish\/wp-content\/uploads\/sites\/3\/2022\/03\/albania_1893.jpg 1000w, https:\/\/www.cssr.news\/spanish\/wp-content\/uploads\/sites\/3\/2022\/03\/albania_1893-300x225.jpg 300w, https:\/\/www.cssr.news\/spanish\/wp-content\/uploads\/sites\/3\/2022\/03\/albania_1893-768x577.jpg 768w, https:\/\/www.cssr.news\/spanish\/wp-content\/uploads\/sites\/3\/2022\/03\/albania_1893-80x60.jpg 80w, https:\/\/www.cssr.news\/spanish\/wp-content\/uploads\/sites\/3\/2022\/03\/albania_1893-265x198.jpg 265w, https:\/\/www.cssr.news\/spanish\/wp-content\/uploads\/sites\/3\/2022\/03\/albania_1893-696x523.jpg 696w, https:\/\/www.cssr.news\/spanish\/wp-content\/uploads\/sites\/3\/2022\/03\/albania_1893-559x420.jpg 559w\" sizes=\"(max-width: 1000px) 100vw, 1000px\" \/><\/a><\/figure><\/li><li class=\"blocks-gallery-item\"><figure><a href=\"http:\/\/www.cssr.news\/spanish\/wp-content\/uploads\/sites\/3\/2022\/03\/albania_6483441.jpg\"><img width=\"1000\" height=\"750\" src=\"http:\/\/www.cssr.news\/spanish\/wp-content\/uploads\/sites\/3\/2022\/03\/albania_6483441.jpg\" alt=\"\" data-id=\"16682\" data-full-url=\"http:\/\/www.cssr.news\/spanish\/wp-content\/uploads\/sites\/3\/2022\/03\/albania_6483441.jpg\" data-link=\"https:\/\/www.cssr.news\/spanish\/?attachment_id=16682\" class=\"wp-image-16682\" srcset=\"https:\/\/www.cssr.news\/spanish\/wp-content\/uploads\/sites\/3\/2022\/03\/albania_6483441.jpg 1000w, https:\/\/www.cssr.news\/spanish\/wp-content\/uploads\/sites\/3\/2022\/03\/albania_6483441-300x225.jpg 300w, https:\/\/www.cssr.news\/spanish\/wp-content\/uploads\/sites\/3\/2022\/03\/albania_6483441-768x576.jpg 768w, https:\/\/www.cssr.news\/spanish\/wp-content\/uploads\/sites\/3\/2022\/03\/albania_6483441-80x60.jpg 80w, https:\/\/www.cssr.news\/spanish\/wp-content\/uploads\/sites\/3\/2022\/03\/albania_6483441-265x198.jpg 265w, https:\/\/www.cssr.news\/spanish\/wp-content\/uploads\/sites\/3\/2022\/03\/albania_6483441-696x522.jpg 696w, https:\/\/www.cssr.news\/spanish\/wp-content\/uploads\/sites\/3\/2022\/03\/albania_6483441-560x420.jpg 560w\" sizes=\"(max-width: 1000px) 100vw, 1000px\" \/><\/a><\/figure><\/li><\/ul><\/figure>\n\n\n\n<p>Pero la comunidad interprovincial aspira a sembrar el carisma redentorista en este pa\u00eds balc\u00e1nico, entre otros ministerios, con la predicaci\u00f3n de Misiones Populares. En estos 8 a\u00f1os, ha habido tres experiencias de Misi\u00f3n Popular, que tienen en com\u00fan varias caracter\u00edsticas. La primera, es una experiencia inter-congregacional, o inter-eclesial, es decir, sacerdotes, religiosos y laicos con carismas diferentes, se unen en la Misi\u00f3n. La segunda podr\u00eda definirla como inculturaci\u00f3n o encarnaci\u00f3n: se parte de objetivos sencillos, y se llega, con medios sencillos, al coraz\u00f3n de los destinatarios. La tercera caracter\u00edstica es la experiencia de la alegr\u00eda del Evangelio, tanto para los misioneros como los misionados.<\/p>\n\n\n\n<p>Estas tres experiencias vividas en Albania son Misiones Populares, en comuni\u00f3n con otros carismas, en donde los Redentoristas somos parte del equipo misionero, y aportamos nuestra experiencia a la evangelizaci\u00f3n y nuestro entusiasmo misionero de una comunidad m\u00e1s grande. La primera experiencia fue en el Adviento de 2018, en la ciudad de Gjirokast\u00ebr, al sur del pa\u00eds, en una zona con muy pocos cat\u00f3licos. Durante una semana, se unieron 3 cohermanos redentoristas con dos comunidades religiosas, Franciscanas de Santa Filipa e Hijas de Cristo Rey, para anunciar la Buena Noticia de Jes\u00fas Redentor. La segunda experiencia fue en la zona rural de la parroquia de San Alfonso de Kam\u00ebz, donde unidos a religiosos y religiosas del Instituto del Verbo Encarnado y j\u00f3venes albaneses, se realiz\u00f3 la Santa Misi\u00f3n en las comunidades de Fush\u00eb-Kruj\u00eb (Larushk, Arrameras, Luz y Hasan), en el verano de 2021. Durante una semana intensa, se hicieron visitas a todas las familias, catequesis, celebraciones y actividades l\u00fadicas que desembocaron en una renovaci\u00f3n de la fe en la gran celebraci\u00f3n de clausura, presidida por el obispo y en la que se celebraron bautismos, confirmaciones y matrimonios.<\/p>\n\n\n\n<p>La tercera experiencia fue en el pueblo de Sh\u00ebnd\u00eblli, que se traduce como San El\u00edas, cerca de la frontera con Grecia y frente a la gran isla de Corf\u00fa. Un pueblo con unas 70 familias cat\u00f3licas que llevaban 3 a\u00f1os sin celebraciones ni presencia de la Iglesia, por lo que se hac\u00eda necesario un nuevo impulso misionero. El equipo uni\u00f3 a misioneros de varios lugares de la Administraci\u00f3n Apost\u00f3lica del sur de Albania, y fue formado por los p\u00e1rrocos del lugar, dos Rogacionistas, un matrimonio misionero alban\u00e9s, un sacerdote diocesano <em>fidei donum<\/em>, tres religiosas de congregaciones diferentes y un Redentorista. Durante una semana se visitaron todos los hogares (incluso las familias musulmanas del pueblo), hubo oraciones y celebraciones en el centro que posee la Iglesia (no hay templo), reuniones de hombres, mujeres y j\u00f3venes, y todo culmin\u00f3 con la primera Eucarist\u00eda tras tres a\u00f1os. Evidentemente, en cada una de estas experiencias misioneras ha primado la sencillez, la cercan\u00eda y la alegr\u00eda del Evangelio. Pero, sobre todo, lo mejor siempre es experimentar que la Iglesia evangeliza unida, porque todos somos llamados a vivir en comuni\u00f3n el carisma de la Misi\u00f3n.<\/p>\n\n\n\n<p>P. Laureano Del Otero Sevillano CSSR<\/p>\n\n\n\n<p>Misi\u00f3n Redentorista en Albania<\/p>\n","protected":false},"excerpt":{"rendered":"<p>El carisma redentorista, en nuestra historia de servicio a la Iglesia, destaca sobre todo por las Misiones Populares. Pero sabemos que ya en los primeros tiempos, con la experiencia de San Clemente Mar\u00eda Hofbauer en Centroeuropa, los Redentoristas han tenido que encontrar caminos nuevos para realizar su carisma fundacional. En Albania, el carisma Redentorista llega [&hellip;]<\/p>\n","protected":false},"author":3,"featured_media":16684,"comment_status":"closed","ping_status":"closed","sticky":false,"template":"","format":"standard","meta":[],"categories":[9],"tags":[],"_links":{"self":[{"href":"https:\/\/www.cssr.news\/spanish\/wp-json\/wp\/v2\/posts\/16681"}],"collection":[{"href":"https:\/\/www.cssr.news\/spanish\/wp-json\/wp\/v2\/posts"}],"about":[{"href":"https:\/\/www.cssr.news\/spanish\/wp-json\/wp\/v2\/types\/post"}],"author":[{"embeddable":true,"href":"https:\/\/www.cssr.news\/spanish\/wp-json\/wp\/v2\/users\/3"}],"replies":[{"embeddable":true,"href":"https:\/\/www.cssr.news\/spanish\/wp-json\/wp\/v2\/comments?post=16681"}],"version-history":[{"count":1,"href":"https:\/\/www.cssr.news\/spanish\/wp-json\/wp\/v2\/posts\/16681\/revisions"}],"predecessor-version":[{"id":16685,"href":"https:\/\/www.cssr.news\/spanish\/wp-json\/wp\/v2\/posts\/16681\/revisions\/16685"}],"wp:featuredmedia":[{"embeddable":true,"href":"https:\/\/www.cssr.news\/spanish\/wp-json\/wp\/v2\/media\/16684"}],"wp:attachment":[{"href":"https:\/\/www.cssr.news\/spanish\/wp-json\/wp\/v2\/media?parent=16681"}],"wp:term":[{"taxonomy":"category","embeddable":true,"href":"https:\/\/www.cssr.news\/spanish\/wp-json\/wp\/v2\/categories?post=16681"},{"taxonomy":"post_tag","embeddable":true,"href":"https:\/\/www.cssr.news\/spanish\/wp-json\/wp\/v2\/tags?post=16681"}],"curies":[{"name":"wp","href":"https:\/\/api.w.org\/{rel}","templated":true}]}}