{"id":16689,"date":"2022-03-11T05:26:00","date_gmt":"2022-03-11T03:26:00","guid":{"rendered":"https:\/\/www.cssr.news\/spanish\/?p=16689"},"modified":"2022-03-10T17:38:37","modified_gmt":"2022-03-10T15:38:37","slug":"una-economia-ecocentrica","status":"publish","type":"post","link":"https:\/\/www.cssr.news\/spanish\/2022\/03\/una-economia-ecocentrica\/","title":{"rendered":"Una econom\u00eda ecoc\u00e9ntrica"},"content":{"rendered":"\n<p class=\"has-text-align-right\">(del Blog de la Academia Alfonsiana)<\/p>\n\n\n\n<p>El Papa Francisco invit\u00f3 a todos a construir una econom\u00eda fraterna e inclusiva (1), orientada al bien com\u00fan y &#8220;atenta sobre todo a los pobres y excluidos&#8221; (2). Nuestra &#8220;hermana madre Tierra&#8221; &#8220;est\u00e1 entre nuestros pobres m\u00e1s abandonados y maltratados&#8221; (3); por lo tanto, esta econom\u00eda debe ser ecoc\u00e9ntrica.<\/p>\n\n\n\n<p><strong>La econom\u00eda de Francisco<\/strong><\/p>\n\n\n\n<p>Para promover esta econom\u00eda, el Papa ha querido organizar en As\u00eds un encuentro internacional de j\u00f3venes economistas (menores de 35 a\u00f1os), titulado Economia di Francesco, &#8220;para promover juntos, a trav\u00e9s de una &#8220;alianza&#8221; com\u00fan, un proceso de cambio global&#8221; (Ec -Fco ) hacia un nuevo sistema econ\u00f3mico que debe ser m\u00e1s inclusivo y m\u00e1s atento a la persona y al medio ambiente. Es necesario poner en marcha procesos para pedir un cambio de &#8220;estilos de vida, modelos de producci\u00f3n y consumo, estructuras de poder consolidadas que gobiernan las sociedades hoy&#8221; (4). Al invitar a este encuentro, el Papa expres\u00f3 su confianza en los j\u00f3venes &#8220;para dar un alma a la econom\u00eda del ma\u00f1ana&#8221; (Ec-Fco), ya que &#8220;el sistema mundial actual es ciertamente insostenible&#8221; (5). Al aceptar la invitaci\u00f3n papal, se inscribieron m\u00e1s de 3.000 j\u00f3venes economistas de 120 pa\u00edses.<\/p>\n\n\n\n<p>El encuentro se iba a celebrar del 26 al 28 de marzo de 2020 en As\u00eds, ciudad &#8220;que durante siglos ha simbolizado elocuentemente un humanismo de fraternidad&#8221; y sigue siendo icono de una cultura de paz y &#8220;un lugar propicio para inspirar una nueva econom\u00eda&#8221;. (Ec-Fco). Es all\u00ed donde San Francisco abraz\u00f3 la pobreza, promoviendo as\u00ed &#8220;una visi\u00f3n de la econom\u00eda que sigue siendo m\u00e1s actual&#8221; (Ec-Fco). La pandemia del Covid-19 oblig\u00f3 primero a trasladar la reuni\u00f3n del 19 al 21 de noviembre de 2020 y, finalmente, a celebrarla online.<\/p>\n\n\n\n<p>Esta iniciativa del Papa Francisco se enmarca en su propuesta sobre ecolog\u00eda integral. Invita a los j\u00f3venes economistas a promover una econom\u00eda m\u00e1s ecoc\u00e9ntrica que supere la actual econom\u00eda tecnoc\u00e9ntrica, que mata (6).<\/p>\n\n\n\n<p><strong>Hacia una econom\u00eda ecoc\u00e9ntrica<\/strong><\/p>\n\n\n\n<p>El sistema econ\u00f3mico globalizado disocia la actividad econ\u00f3mica de los aspectos ambientales.(7) La teor\u00eda econ\u00f3mica neocl\u00e1sica ya hab\u00eda preferido ignorar el impacto que la b\u00fasqueda individualista de ganancias inmediatas podr\u00eda tener sobre los ecosistemas.(8) A\u00fan hoy, las personas tienden a ignorar los datos sobre el agotamiento de los recursos y la degradaci\u00f3n ambiental en la elaboraci\u00f3n del Producto Interno Bruto (PIB). A lo sumo, aceptan que las empresas contaminantes puedan ser sancionadas en proporci\u00f3n al da\u00f1o que causen al medio ambiente. Esto no evita nuevos ataques al ecosistema, porque f\u00e1cilmente nos enga\u00f1amos pensando que los beneficios inmediatos superar\u00e1n el da\u00f1o a largo plazo. Esta econom\u00eda no aumenta el &#8220;bienestar&#8221; de la poblaci\u00f3n y, adem\u00e1s, amenaza la sostenibilidad.<\/p>\n\n\n\n<p>Debemos superar este enfoque tecnoc\u00e9ntrico de la econom\u00eda y asumir en su lugar una visi\u00f3n ecoc\u00e9ntrica, que priorice la sostenibilidad de los ecosistemas naturales sobre su utilidad. Por tanto, las leyes que rigen el funcionamiento del ecosistema global prevalecer\u00e1n sobre la gesti\u00f3n de sus recursos (9). Ya existen iniciativas que promueven la responsabilidad social empresarial en la protecci\u00f3n del medio ambiente. Un buen ejemplo de ello es la red \u201cGlobal Compact\u201d, impulsada por las Naciones Unidas (10).<\/p>\n\n\n\n<p class=\"has-text-align-right\">P. Mart\u00edn Carbajo N\u00fa\u00f1ez, OFM<\/p>\n\n\n\n<p>[1] The full text of this presentation: Carbajo N\u00fa\u00f1ez M., \u00abThe fraternal economy: A Franciscan perspective\u00bb, in&nbsp;<em>Collectanea Franciscana&nbsp;<\/em>91 (2021) 565-580.<\/p>\n\n\n\n<p>[2] Francis, \u201cLetter for the event&nbsp;<em>Economy of Francesco<\/em>\u201d (May 1, 2019), [<em>Ec-Fco<\/em>], in&nbsp;<em>OR<\/em>&nbsp;(May 12, 2019) 8.<\/p>\n\n\n\n<p>[3] Francis \u00ab<em>Laudato si\u2019<\/em>.Encyclical letter,\u00bb [<em>LS<\/em>], (May24,2015), nn. 1-2, in&nbsp;<em>AAS&nbsp;<\/em>107 (2015) 847-945<\/p>\n\n\n\n<p>[4] Francis, \u00abVideo message to participants at the meeting&nbsp;<em>Economy of Francesco<\/em>\u00bb (Dec. 21, 2020), in&nbsp;<em>Internet<\/em>: https:\/\/youtu.be\/zu5Xkt6TOHE<\/p>\n\n\n\n<p>[5] Francis, \u00abVideo message\u00bb (Dec. 21, 2020).<\/p>\n\n\n\n<p>[6] Tornielli A. \u2013 Galeazzi G.,&nbsp;<em>This economy kills: Pope Francis on capitalism and social justice<\/em>, Novalis, Toronto 2015.<\/p>\n\n\n\n<p>[7] Cf. Carbajo N\u00fa\u00f1ez M.,&nbsp;<em>Being a Franciscan in the Digital Age: New Challenges, New Life<\/em>, Delhi 2021.<\/p>\n\n\n\n<p>[8] Cf. Jevons W.S.,&nbsp;<em>The theory of political economy<\/em>, New York 2013<sup>4<\/sup>(original: 1871).<\/p>\n\n\n\n<p>[9] Cf. Georgescu-Roegen N.,&nbsp;<em>Bioeconomia. Verso un\u2019economia ecologicamente e socialmente sostenibile<\/em>, Torino 2013; Robert Costanza,&nbsp;<em>An introduction to ecological economics<\/em>, Boca Rat\u00f3n 2015<sup>2<\/sup>.<\/p>\n\n\n\n<p>[10] Cf.&nbsp;<a href=\"http:\/\/www.unglobalcompact.org\/\">www.unglobalcompact.org<\/a>;&nbsp;<em>United Nations Global Compact<\/em>, UN, New York (eBook).<\/p>\n","protected":false},"excerpt":{"rendered":"<p>(del Blog de la Academia Alfonsiana) El Papa Francisco invit\u00f3 a todos a construir una econom\u00eda fraterna e inclusiva (1), orientada al bien com\u00fan y &#8220;atenta sobre todo a los pobres y excluidos&#8221; (2). Nuestra &#8220;hermana madre Tierra&#8221; &#8220;est\u00e1 entre nuestros pobres m\u00e1s abandonados y maltratados&#8221; (3); por lo tanto, esta econom\u00eda debe ser ecoc\u00e9ntrica. [&hellip;]<\/p>\n","protected":false},"author":3,"featured_media":16690,"comment_status":"closed","ping_status":"closed","sticky":false,"template":"","format":"standard","meta":[],"categories":[28],"tags":[],"_links":{"self":[{"href":"https:\/\/www.cssr.news\/spanish\/wp-json\/wp\/v2\/posts\/16689"}],"collection":[{"href":"https:\/\/www.cssr.news\/spanish\/wp-json\/wp\/v2\/posts"}],"about":[{"href":"https:\/\/www.cssr.news\/spanish\/wp-json\/wp\/v2\/types\/post"}],"author":[{"embeddable":true,"href":"https:\/\/www.cssr.news\/spanish\/wp-json\/wp\/v2\/users\/3"}],"replies":[{"embeddable":true,"href":"https:\/\/www.cssr.news\/spanish\/wp-json\/wp\/v2\/comments?post=16689"}],"version-history":[{"count":1,"href":"https:\/\/www.cssr.news\/spanish\/wp-json\/wp\/v2\/posts\/16689\/revisions"}],"predecessor-version":[{"id":16691,"href":"https:\/\/www.cssr.news\/spanish\/wp-json\/wp\/v2\/posts\/16689\/revisions\/16691"}],"wp:featuredmedia":[{"embeddable":true,"href":"https:\/\/www.cssr.news\/spanish\/wp-json\/wp\/v2\/media\/16690"}],"wp:attachment":[{"href":"https:\/\/www.cssr.news\/spanish\/wp-json\/wp\/v2\/media?parent=16689"}],"wp:term":[{"taxonomy":"category","embeddable":true,"href":"https:\/\/www.cssr.news\/spanish\/wp-json\/wp\/v2\/categories?post=16689"},{"taxonomy":"post_tag","embeddable":true,"href":"https:\/\/www.cssr.news\/spanish\/wp-json\/wp\/v2\/tags?post=16689"}],"curies":[{"name":"wp","href":"https:\/\/api.w.org\/{rel}","templated":true}]}}