{"id":16692,"date":"2022-03-10T20:59:59","date_gmt":"2022-03-10T18:59:59","guid":{"rendered":"https:\/\/www.cssr.news\/spanish\/?p=16692"},"modified":"2022-03-11T18:18:48","modified_gmt":"2022-03-11T16:18:48","slug":"argentina-apertura-al-ano-academico-2022","status":"publish","type":"post","link":"https:\/\/www.cssr.news\/spanish\/2022\/03\/argentina-apertura-al-ano-academico-2022\/","title":{"rendered":"Argentina: comunidad de formaci\u00f3n del Estudiantado Sant\u00edsimo Redentor"},"content":{"rendered":"\n<h2 class=\"has-text-align-center\"><strong>Inicio del a\u00f1o acad\u00e9mico en la comunidad de formaci\u00f3n del Estudiantado Sant\u00edsimo Redentor<\/strong><\/h2>\n\n\n\n<p>En estos primeros d\u00edas de marzo se dio apertura al a\u00f1o acad\u00e9mico en el Estudiantado del Sant\u00edsimo Redentor de la ciudad de La Plata. En la capilla del Estudiantado Sant\u00edsimo Redentor se celebr\u00f3 la misa para dar apertura al a\u00f1o acad\u00e9mico de postulantes y profesos que forman parte de esa comunidad de formaci\u00f3n. <\/p>\n\n\n\n<p>La celebraci\u00f3n eucar\u00edstica fue presidida por el P. Javier Machado C.Ss.R. y concelebrada por sacerdotes miembros de la Viceprovincia de Resistencia y la Provincia de Buenos Aires. Tambi\u00e9n estuvieron presentes los formadores, entre ellos el Hno. Daniel Aquino C.Ss.R., adem\u00e1s del P. Enrique L\u00f3pez C.Ss.R. de la Provincia de Asunci\u00f3n. <\/p>\n\n\n\n<figure class=\"wp-block-gallery columns-2 is-cropped\"><ul class=\"blocks-gallery-grid\"><li class=\"blocks-gallery-item\"><figure><a href=\"http:\/\/www.cssr.news\/spanish\/wp-content\/uploads\/sites\/3\/2022\/03\/plata_01.jpg\"><img width=\"1024\" height=\"722\" src=\"http:\/\/www.cssr.news\/spanish\/wp-content\/uploads\/sites\/3\/2022\/03\/plata_01-1024x722.jpg\" alt=\"\" data-id=\"16695\" data-full-url=\"http:\/\/www.cssr.news\/spanish\/wp-content\/uploads\/sites\/3\/2022\/03\/plata_01.jpg\" data-link=\"https:\/\/www.cssr.news\/spanish\/?attachment_id=16695\" class=\"wp-image-16695\" srcset=\"https:\/\/www.cssr.news\/spanish\/wp-content\/uploads\/sites\/3\/2022\/03\/plata_01-1024x722.jpg 1024w, https:\/\/www.cssr.news\/spanish\/wp-content\/uploads\/sites\/3\/2022\/03\/plata_01-300x212.jpg 300w, https:\/\/www.cssr.news\/spanish\/wp-content\/uploads\/sites\/3\/2022\/03\/plata_01-768x542.jpg 768w, https:\/\/www.cssr.news\/spanish\/wp-content\/uploads\/sites\/3\/2022\/03\/plata_01-100x70.jpg 100w, https:\/\/www.cssr.news\/spanish\/wp-content\/uploads\/sites\/3\/2022\/03\/plata_01-696x491.jpg 696w, https:\/\/www.cssr.news\/spanish\/wp-content\/uploads\/sites\/3\/2022\/03\/plata_01-1068x753.jpg 1068w, https:\/\/www.cssr.news\/spanish\/wp-content\/uploads\/sites\/3\/2022\/03\/plata_01-595x420.jpg 595w, https:\/\/www.cssr.news\/spanish\/wp-content\/uploads\/sites\/3\/2022\/03\/plata_01.jpg 1280w\" sizes=\"(max-width: 1024px) 100vw, 1024px\" \/><\/a><\/figure><\/li><li class=\"blocks-gallery-item\"><figure><a href=\"http:\/\/www.cssr.news\/spanish\/wp-content\/uploads\/sites\/3\/2022\/03\/plata_03.jpg\"><img width=\"871\" height=\"635\" src=\"http:\/\/www.cssr.news\/spanish\/wp-content\/uploads\/sites\/3\/2022\/03\/plata_03.jpg\" alt=\"\" data-id=\"16693\" data-full-url=\"http:\/\/www.cssr.news\/spanish\/wp-content\/uploads\/sites\/3\/2022\/03\/plata_03.jpg\" data-link=\"https:\/\/www.cssr.news\/spanish\/?attachment_id=16693\" class=\"wp-image-16693\" srcset=\"https:\/\/www.cssr.news\/spanish\/wp-content\/uploads\/sites\/3\/2022\/03\/plata_03.jpg 871w, https:\/\/www.cssr.news\/spanish\/wp-content\/uploads\/sites\/3\/2022\/03\/plata_03-300x219.jpg 300w, https:\/\/www.cssr.news\/spanish\/wp-content\/uploads\/sites\/3\/2022\/03\/plata_03-768x560.jpg 768w, https:\/\/www.cssr.news\/spanish\/wp-content\/uploads\/sites\/3\/2022\/03\/plata_03-324x235.jpg 324w, https:\/\/www.cssr.news\/spanish\/wp-content\/uploads\/sites\/3\/2022\/03\/plata_03-696x507.jpg 696w, https:\/\/www.cssr.news\/spanish\/wp-content\/uploads\/sites\/3\/2022\/03\/plata_03-576x420.jpg 576w\" sizes=\"(max-width: 871px) 100vw, 871px\" \/><\/a><\/figure><\/li><\/ul><\/figure>\n\n\n\n<p>Este a\u00f1o 2022 ingresar\u00e1n 6 nuevos aspirantes que ser\u00e1n admitidos al postulantado el pr\u00f3ximo 25 de marzo durante la celebraci\u00f3n de la fiesta de San Clemente. Estos j\u00f3venes pertenecen, cuatro de ellos, a la Viceprovincia de Resistencia y dos a la Provincia de Buenos Aires. A esta comunidad de formaci\u00f3n tambi\u00e9n pertenecen los tres postulantes de la viceprovincia ingresados en a\u00f1os anteriores y tres religiosos profesos de la Provincia de Buenos Aires.<\/p>\n\n\n\n<p>La conformaci\u00f3n de esta comunidad es un signo de los pasos seguros que las unidades de Resistencia y Buenos Aires vienen dando hacia la unificaci\u00f3n de ambas. El P. Jorge Cardozo C.Ss.R., responsable de la pastoral vocacional, pidi\u00f3 que siga creciendo el compromiso de rezar por cada uno de los que viven en esta comunidad de formaci\u00f3n, pidiendo a Dios que los confirme en su vocaci\u00f3n, as\u00ed como tambi\u00e9n seguir con el compromiso de colaborar con la formaci\u00f3n de los futuros redentoristas.<\/p>\n\n\n\n<p>ARGENTINA, Viceprovincia de Resistencia, Provincia de Buenos Aires.<\/p>\n\n\n\n<p><\/p>\n","protected":false},"excerpt":{"rendered":"<p>Inicio del a\u00f1o acad\u00e9mico en la comunidad de formaci\u00f3n del Estudiantado Sant\u00edsimo Redentor En estos primeros d\u00edas de marzo se dio apertura al a\u00f1o acad\u00e9mico en el Estudiantado del Sant\u00edsimo Redentor de la ciudad de La Plata. En la capilla del Estudiantado Sant\u00edsimo Redentor se celebr\u00f3 la misa para dar apertura al a\u00f1o acad\u00e9mico de [&hellip;]<\/p>\n","protected":false},"author":3,"featured_media":16694,"comment_status":"closed","ping_status":"closed","sticky":false,"template":"","format":"standard","meta":[],"categories":[16],"tags":[],"_links":{"self":[{"href":"https:\/\/www.cssr.news\/spanish\/wp-json\/wp\/v2\/posts\/16692"}],"collection":[{"href":"https:\/\/www.cssr.news\/spanish\/wp-json\/wp\/v2\/posts"}],"about":[{"href":"https:\/\/www.cssr.news\/spanish\/wp-json\/wp\/v2\/types\/post"}],"author":[{"embeddable":true,"href":"https:\/\/www.cssr.news\/spanish\/wp-json\/wp\/v2\/users\/3"}],"replies":[{"embeddable":true,"href":"https:\/\/www.cssr.news\/spanish\/wp-json\/wp\/v2\/comments?post=16692"}],"version-history":[{"count":5,"href":"https:\/\/www.cssr.news\/spanish\/wp-json\/wp\/v2\/posts\/16692\/revisions"}],"predecessor-version":[{"id":16704,"href":"https:\/\/www.cssr.news\/spanish\/wp-json\/wp\/v2\/posts\/16692\/revisions\/16704"}],"wp:featuredmedia":[{"embeddable":true,"href":"https:\/\/www.cssr.news\/spanish\/wp-json\/wp\/v2\/media\/16694"}],"wp:attachment":[{"href":"https:\/\/www.cssr.news\/spanish\/wp-json\/wp\/v2\/media?parent=16692"}],"wp:term":[{"taxonomy":"category","embeddable":true,"href":"https:\/\/www.cssr.news\/spanish\/wp-json\/wp\/v2\/categories?post=16692"},{"taxonomy":"post_tag","embeddable":true,"href":"https:\/\/www.cssr.news\/spanish\/wp-json\/wp\/v2\/tags?post=16692"}],"curies":[{"name":"wp","href":"https:\/\/api.w.org\/{rel}","templated":true}]}}