{"id":16697,"date":"2022-03-10T21:14:04","date_gmt":"2022-03-10T19:14:04","guid":{"rendered":"https:\/\/www.cssr.news\/spanish\/?p=16697"},"modified":"2022-03-10T21:14:07","modified_gmt":"2022-03-10T19:14:07","slug":"puerto-rico-asamblea-provincial","status":"publish","type":"post","link":"https:\/\/www.cssr.news\/spanish\/2022\/03\/puerto-rico-asamblea-provincial\/","title":{"rendered":"Puerto Rico: Asamblea provincial"},"content":{"rendered":"\n<p>(Aguas Buenas, Puerto Rico) &#8211; Durante los d\u00edas del <strong>7 al 9 de marzo de 2022<\/strong> los Co hermanos consagrados de la Provincia de San Juan se encontraron en Casa Cristo Redentor y animados por el superior provincial el <strong>P. Gerardo Hern\u00e1ndez Carrasquillo, C.Ss.R.<\/strong> y con presencia de la mayor\u00eda de los hermanos, juntos celebraron la asamblea provincial, como parte de los preparativos para el capitulo general y el proceso de reestructuraci\u00f3n de la congragaci\u00f3n y la nueva realidad provincial.\u00a0\u00a0<br>Como se ha mencionado anteriormente en este momento se trabaja en el proceso de unificaci\u00f3n de las unidades de Centroam\u00e9rica y el caribe como la nueva unidad provincial.\u00a0Siento esta una de las m\u00e1s grande de la congregaci\u00f3n.\u00a0\u00a0\u00a0La futura Provincia est\u00e1 integrada por: <strong><em>Belice, Guatemala, El Salvador, Honduras, Nicaragua, Costa Rica, Panam\u00e1, Cuba, Puerto Rico, Rep\u00fablica Dominicana y Hait\u00ed.\u00a0<\/em><\/strong><br>Como actual provincia de San Juan <em>(Puerto Rico, Republica Dominicana y Regi\u00f3n de Hait\u00ed)<\/em> hicimos nuestros aportes para el capitulo general y dialogamos sobre el futuro y procesos nuevos como congregaci\u00f3n y unidad de trabajo.\u00a0\u00a0Nuestras vocaciones, nuevas iniciativas entre muchos otros temas\u2026<br>Hoy como unidad provincial y siendo una congregaci\u00f3n valiente y atemperada a los tiempos nos entregamos a los nuevos cambios, nuevas realidades misioneras y de evangelizaci\u00f3n, pero siempre siendo fiel al carisma de proclamar la abundante redenci\u00f3n de Cristo a los m\u00e1s pobres y abandonado de nuestros pueblos, desde las distintas realidades y ante las nuevas formas y tecnolog\u00edas.\u00a0\u00a0<br>Le pedimos a todos nuestros <strong><em>laicos, asociados, voluntarios y colaboradores en las distintas misiones parroquiales, educativas, misiones extraordinarias, estaciones misioneras<\/em><\/strong> y dem\u00e1s que juntos sigamos orando por todo el proceso de reestructuraci\u00f3n y capitulo general para que as\u00ed juntos sigamos al esp\u00edritu santo, que nos gu\u00eda junto a nuestro padre fundador San Alfonso y todos nuestros santos, beatos y m\u00e1rtires.\u00a0\u00a0Que nuestra misionera por excelencia, nuestra madre del Perpetuo Socorro nos guarde y proteja como misioneros y nos lleve al buen t\u00e9rmino.<\/p>\n\n\n\n<p>(mredentoristas.com)<\/p>\n","protected":false},"excerpt":{"rendered":"<p>(Aguas Buenas, Puerto Rico) &#8211; Durante los d\u00edas del 7 al 9 de marzo de 2022 los Co hermanos consagrados de la Provincia de San Juan se encontraron en Casa Cristo Redentor y animados por el superior provincial el P. Gerardo Hern\u00e1ndez Carrasquillo, C.Ss.R. y con presencia de la mayor\u00eda de los hermanos, juntos celebraron [&hellip;]<\/p>\n","protected":false},"author":3,"featured_media":16698,"comment_status":"closed","ping_status":"closed","sticky":false,"template":"","format":"standard","meta":[],"categories":[11],"tags":[],"_links":{"self":[{"href":"https:\/\/www.cssr.news\/spanish\/wp-json\/wp\/v2\/posts\/16697"}],"collection":[{"href":"https:\/\/www.cssr.news\/spanish\/wp-json\/wp\/v2\/posts"}],"about":[{"href":"https:\/\/www.cssr.news\/spanish\/wp-json\/wp\/v2\/types\/post"}],"author":[{"embeddable":true,"href":"https:\/\/www.cssr.news\/spanish\/wp-json\/wp\/v2\/users\/3"}],"replies":[{"embeddable":true,"href":"https:\/\/www.cssr.news\/spanish\/wp-json\/wp\/v2\/comments?post=16697"}],"version-history":[{"count":1,"href":"https:\/\/www.cssr.news\/spanish\/wp-json\/wp\/v2\/posts\/16697\/revisions"}],"predecessor-version":[{"id":16699,"href":"https:\/\/www.cssr.news\/spanish\/wp-json\/wp\/v2\/posts\/16697\/revisions\/16699"}],"wp:featuredmedia":[{"embeddable":true,"href":"https:\/\/www.cssr.news\/spanish\/wp-json\/wp\/v2\/media\/16698"}],"wp:attachment":[{"href":"https:\/\/www.cssr.news\/spanish\/wp-json\/wp\/v2\/media?parent=16697"}],"wp:term":[{"taxonomy":"category","embeddable":true,"href":"https:\/\/www.cssr.news\/spanish\/wp-json\/wp\/v2\/categories?post=16697"},{"taxonomy":"post_tag","embeddable":true,"href":"https:\/\/www.cssr.news\/spanish\/wp-json\/wp\/v2\/tags?post=16697"}],"curies":[{"name":"wp","href":"https:\/\/api.w.org\/{rel}","templated":true}]}}