{"id":16705,"date":"2022-03-11T18:53:35","date_gmt":"2022-03-11T16:53:35","guid":{"rendered":"https:\/\/www.cssr.news\/spanish\/?p=16705"},"modified":"2022-03-11T18:53:38","modified_gmt":"2022-03-11T16:53:38","slug":"nuestra-cuaresma-comenzo-con-un-retiro","status":"publish","type":"post","link":"https:\/\/www.cssr.news\/spanish\/2022\/03\/nuestra-cuaresma-comenzo-con-un-retiro\/","title":{"rendered":"Nuestra Cuaresma comenz\u00f3 con un retiro"},"content":{"rendered":"\n<p>Despu\u00e9s de m\u00e1s de dos a\u00f1os precavidos por el Covid-19, la comunidad de St. Clement est\u00e1 tratando este a\u00f1o, tambi\u00e9n con precauci\u00f3n, de tener una preparaci\u00f3n normal para nuestra temporada de Cuaresma de 2022. Comenzamos con un fin de semana de celebraci\u00f3n de Mardis Gras con la ayuda de los Caballeros de Col\u00f3n de la Parroquia de St. Joseph, quienes ayudaron a nuestros cohermanos con oportunidades de probar muchos tipos de juegos que sol\u00edamos tener antes de la pandemia. El almuerzo estuvo lleno de risas y buena comida, incluido un King Cake tradicional que nos enviaron amigos en Nueva Orleans.<\/p>\n\n\n\n<p>La noticia de la guerra en Ucrania entristeci\u00f3 nuestro ambiente de celebraci\u00f3n. Durante nuestra misa del s\u00e1bado, rezamos fervientemente por la seguridad de nuestros cohermanos redentoristas en Ucrania que atienden a las personas que llegaron a sus casas para esconderse del bombardeo. Tambi\u00e9n hemos contribuido con $1,000 al fondo de Solidaridad para ayudar al ministerio de nuestros cohermanos en Ucrania.<\/p>\n\n\n\n<p>Nuestro retiro anual de 2022 comenz\u00f3 el Mi\u00e9rcoles de Ceniza con el P. Jack Kingsbury, Coordinador de la Conferencia Norteamericana, dirigiendo las reflexiones de Cuaresma. Padre Jack propuso a nuestra comunidad un tema muy apropiado: la Oraci\u00f3n de Intercesi\u00f3n. Se le ocurri\u00f3 este tema despu\u00e9s de orar y reflexionar sobre c\u00f3mo puede ayudar mejor a esta comunidad de cohermanos que han servido a otros la mayor parte de sus vidas y ahora est\u00e1n siendo atendidos. Propuso que podemos modelar nuestras actividades espirituales a partir de Ester en la Biblia, quien intercedi\u00f3 ante el rey de Persia Asuero para que no matara al pueblo jud\u00edo. Ester tuvo que prepararse para estar a la altura de la tarea de presentar su petici\u00f3n al Rey.<\/p>\n\n\n\n<figure class=\"wp-block-image size-large\"><a href=\"http:\/\/www.cssr.news\/spanish\/wp-content\/uploads\/sites\/3\/2022\/03\/sn-denverlink-lenten-retreat2022.jpg\"><img width=\"865\" height=\"1024\" src=\"http:\/\/www.cssr.news\/spanish\/wp-content\/uploads\/sites\/3\/2022\/03\/sn-denverlink-lenten-retreat2022.jpg\" alt=\"\" class=\"wp-image-16706\" srcset=\"https:\/\/www.cssr.news\/spanish\/wp-content\/uploads\/sites\/3\/2022\/03\/sn-denverlink-lenten-retreat2022.jpg 865w, https:\/\/www.cssr.news\/spanish\/wp-content\/uploads\/sites\/3\/2022\/03\/sn-denverlink-lenten-retreat2022-253x300.jpg 253w, https:\/\/www.cssr.news\/spanish\/wp-content\/uploads\/sites\/3\/2022\/03\/sn-denverlink-lenten-retreat2022-768x909.jpg 768w, https:\/\/www.cssr.news\/spanish\/wp-content\/uploads\/sites\/3\/2022\/03\/sn-denverlink-lenten-retreat2022-696x824.jpg 696w, https:\/\/www.cssr.news\/spanish\/wp-content\/uploads\/sites\/3\/2022\/03\/sn-denverlink-lenten-retreat2022-355x420.jpg 355w\" sizes=\"(max-width: 865px) 100vw, 865px\" \/><\/a><figcaption>O. Jack Kingsbury coloca el signo de las cenizas en la frente de un hermano durante la liturgia del Mi\u00e9rcoles de Ceniza<\/figcaption><\/figure>\n\n\n\n<p>Se ha dicho que la comunidad de San Clemente es una \u201ccentral el\u00e9ctrica\u201d de oraci\u00f3n. Todos los d\u00edas la gente nos env\u00eda peticiones de oraci\u00f3n, las cuales se colocan frente al Icono de Nuestra Madre del Perpetuo Socorro para que est\u00e9n incluidas en nuestras oraciones durante todo el d\u00eda. Como nuestro ministerio en la Conferencia Norteamericana se enfoca en orar por los &#8216;Nones&#8217;, los Migrantes, los Refugiados y por las vocaciones, usamos nuestro tiempo durante esta Cuaresma para prepararnos para presentar a Dios nuestras intercesiones por otras personas.<\/p>\n\n\n\n<p>Esperamos que este retiro nos ayude a llevar nuestra oraci\u00f3n a un nivel espiritual m\u00e1s profundo y nos renueve en nuestro carisma misionero redentorista de oraci\u00f3n por nuestro mundo herido.<\/p>\n\n\n\n<p>Cortes\u00eda de Denverlink, Update del 11 de marzo de 2022.<\/p>\n","protected":false},"excerpt":{"rendered":"<p>Despu\u00e9s de m\u00e1s de dos a\u00f1os precavidos por el Covid-19, la comunidad de St. Clement est\u00e1 tratando este a\u00f1o, tambi\u00e9n con precauci\u00f3n, de tener una preparaci\u00f3n normal para nuestra temporada de Cuaresma de 2022. Comenzamos con un fin de semana de celebraci\u00f3n de Mardis Gras con la ayuda de los Caballeros de Col\u00f3n de la [&hellip;]<\/p>\n","protected":false},"author":3,"featured_media":16707,"comment_status":"closed","ping_status":"closed","sticky":false,"template":"","format":"standard","meta":[],"categories":[30],"tags":[],"_links":{"self":[{"href":"https:\/\/www.cssr.news\/spanish\/wp-json\/wp\/v2\/posts\/16705"}],"collection":[{"href":"https:\/\/www.cssr.news\/spanish\/wp-json\/wp\/v2\/posts"}],"about":[{"href":"https:\/\/www.cssr.news\/spanish\/wp-json\/wp\/v2\/types\/post"}],"author":[{"embeddable":true,"href":"https:\/\/www.cssr.news\/spanish\/wp-json\/wp\/v2\/users\/3"}],"replies":[{"embeddable":true,"href":"https:\/\/www.cssr.news\/spanish\/wp-json\/wp\/v2\/comments?post=16705"}],"version-history":[{"count":2,"href":"https:\/\/www.cssr.news\/spanish\/wp-json\/wp\/v2\/posts\/16705\/revisions"}],"predecessor-version":[{"id":16709,"href":"https:\/\/www.cssr.news\/spanish\/wp-json\/wp\/v2\/posts\/16705\/revisions\/16709"}],"wp:featuredmedia":[{"embeddable":true,"href":"https:\/\/www.cssr.news\/spanish\/wp-json\/wp\/v2\/media\/16707"}],"wp:attachment":[{"href":"https:\/\/www.cssr.news\/spanish\/wp-json\/wp\/v2\/media?parent=16705"}],"wp:term":[{"taxonomy":"category","embeddable":true,"href":"https:\/\/www.cssr.news\/spanish\/wp-json\/wp\/v2\/categories?post=16705"},{"taxonomy":"post_tag","embeddable":true,"href":"https:\/\/www.cssr.news\/spanish\/wp-json\/wp\/v2\/tags?post=16705"}],"curies":[{"name":"wp","href":"https:\/\/api.w.org\/{rel}","templated":true}]}}