{"id":179,"date":"2015-08-22T10:47:32","date_gmt":"2015-08-22T10:47:32","guid":{"rendered":"http:\/\/www.cssr.news\/spanish\/?p=179"},"modified":"2015-10-22T10:48:01","modified_gmt":"2015-10-22T10:48:01","slug":"marcha-por-la-reconciliacion-en-la-semana-nacional-por-la-paz","status":"publish","type":"post","link":"https:\/\/www.cssr.news\/spanish\/2015\/08\/marcha-por-la-reconciliacion-en-la-semana-nacional-por-la-paz\/","title":{"rendered":"Marcha por la reconciliaci\u00f3n en la Semana Nacional por la Paz"},"content":{"rendered":"<p style=\"text-align: justify;\">(Buga, Colombia, 9 septiembre 2015) Los diferentes grupos c\u00edvicos y sociales de la Ciudad se unieron en una sola voz para reclamar por la paz y reconciliaci\u00f3n de la sociedad de hoy que est\u00e1 sumida en diversos conflictos.<\/p>\n<p style=\"text-align: justify;\">La actividad central de la jornada de la reconciliaci\u00f3n fue una marcha que recorri\u00f3 los diferentes sectores de la localidad el pasado mi\u00e9rcoles 9 de septiembre en horas de la noche.<\/p>\n<p style=\"text-align: justify;\">Organismos como la Alcald\u00eda Municipal, la Agencia Colombiana para la Reintegraci\u00f3n, los Padres Redentoristas, la C\u00e1mara de Comercio, el Sena y el Instituto Colombiano de Bienestar Familiar hicieron parte las entidades convocantes.<\/p>\n<p style=\"text-align: justify;\">El grupo numeroso de gente ten\u00eda puesto camisetas blancas y llevaban velas, podemos decir que fueron las notas predominantes durante esta jornada que hizo parte de la Semana Nacional de la Paz.<\/p>\n<p style=\"text-align: justify;\">\u201cBuga como epicentro de la fe cat\u00f3lica por tener la Bas\u00edlica del Se\u00f1or de los Milagros debe enviarle al pa\u00eds un mensaje de reconciliaci\u00f3n y paz a Colombia y el mundo, raz\u00f3n por la cual aplaudo esta iniciativa de realizar esta marcha y ver c\u00f3mo la gente particip\u00f3 activamente\u201d dijo el alcalde John H\u00e1rold Su\u00e1rez Vargas al tomar parte de la actividad.<\/p>\n<p style=\"text-align: justify;\">La comunidad de padres Redentoristas, en Buga, conduce la Bas\u00edlica del Se\u00f1or de los Milagros que durante el a\u00f1o acogen miles y miles de peregrinos.\u00a0 Con exposiciones, conferencias y eventos art\u00edsticos en diferentes ciudades de Colombia se ha celebrado la 28 edici\u00f3n de la Semana de la Paz, que este a\u00f1o ha elegido el lema \u201cYo Saludo\u201d, ya que el saludar a otra persona abre a la uni\u00f3n y \u201ces en s\u00ed mismo un signo de paz\u201d, dicen los organizadores.<\/p>\n","protected":false},"excerpt":{"rendered":"<p>(Buga, Colombia, 9 septiembre 2015) Los diferentes grupos c\u00edvicos y sociales de la Ciudad se unieron en una sola voz para reclamar por la paz y reconciliaci\u00f3n de la sociedad de hoy que est\u00e1 sumida en diversos conflictos. La actividad central de la jornada de la reconciliaci\u00f3n fue una marcha que recorri\u00f3 los diferentes sectores [&hellip;]<\/p>\n","protected":false},"author":1,"featured_media":180,"comment_status":"open","ping_status":"open","sticky":false,"template":"","format":"standard","meta":[],"categories":[11],"tags":[],"_links":{"self":[{"href":"https:\/\/www.cssr.news\/spanish\/wp-json\/wp\/v2\/posts\/179"}],"collection":[{"href":"https:\/\/www.cssr.news\/spanish\/wp-json\/wp\/v2\/posts"}],"about":[{"href":"https:\/\/www.cssr.news\/spanish\/wp-json\/wp\/v2\/types\/post"}],"author":[{"embeddable":true,"href":"https:\/\/www.cssr.news\/spanish\/wp-json\/wp\/v2\/users\/1"}],"replies":[{"embeddable":true,"href":"https:\/\/www.cssr.news\/spanish\/wp-json\/wp\/v2\/comments?post=179"}],"version-history":[{"count":1,"href":"https:\/\/www.cssr.news\/spanish\/wp-json\/wp\/v2\/posts\/179\/revisions"}],"predecessor-version":[{"id":181,"href":"https:\/\/www.cssr.news\/spanish\/wp-json\/wp\/v2\/posts\/179\/revisions\/181"}],"wp:featuredmedia":[{"embeddable":true,"href":"https:\/\/www.cssr.news\/spanish\/wp-json\/wp\/v2\/media\/180"}],"wp:attachment":[{"href":"https:\/\/www.cssr.news\/spanish\/wp-json\/wp\/v2\/media?parent=179"}],"wp:term":[{"taxonomy":"category","embeddable":true,"href":"https:\/\/www.cssr.news\/spanish\/wp-json\/wp\/v2\/categories?post=179"},{"taxonomy":"post_tag","embeddable":true,"href":"https:\/\/www.cssr.news\/spanish\/wp-json\/wp\/v2\/tags?post=179"}],"curies":[{"name":"wp","href":"https:\/\/api.w.org\/{rel}","templated":true}]}}