{"id":18698,"date":"2022-10-03T20:19:18","date_gmt":"2022-10-03T18:19:18","guid":{"rendered":"https:\/\/www.cssr.news\/spanish\/?p=18698"},"modified":"2022-10-03T20:19:22","modified_gmt":"2022-10-03T18:19:22","slug":"volver-a-los-lugares-fuente-y-origen-de-nuestra-congregacion-pagani","status":"publish","type":"post","link":"https:\/\/www.cssr.news\/spanish\/2022\/10\/volver-a-los-lugares-fuente-y-origen-de-nuestra-congregacion-pagani\/","title":{"rendered":"Volver a los lugares fuente y origen de nuestra Congregaci\u00f3n: Pagani"},"content":{"rendered":"\n<p>La ma\u00f1ana del domingo, 2 de octubre de 2022, fue iniciada con el viaje de los capitulares a Nocera de Pagani, una visita con profundo esp\u00edritu de vida redentorista, al volver a los lugares fuente y origen de la Congregaci\u00f3n.<\/p>\n\n\n\n<p>Lo primero que se hizo all\u00ed fue la participaci\u00f3n en la eucarist\u00eda, presidida por el p. General, Rog\u00e9rio Gomes y concelebrada por todos los capitulares, algunos miembros de la Provincia de N\u00e1poles y los laicos que comunmente asisten a la Bas\u00edlica San Alfonso.<\/p>\n\n\n\n<p>En la homil\u00eda del reci\u00e9n elegido Superior General, se invit\u00f3 a toda la Congregaci\u00f3n y a los participantes a vivir con esperanza y sin miedo las conclusiones de las reflexiones y el compromiso de la Congregaci\u00f3n del Sant\u00edsimo Redentor para los pr\u00f3ximos seis a\u00f1os, trabajados en la Fase Can\u00f3nica del XXVI Cap\u00edtulo General. Tambi\u00e9n agradeci\u00f3 al P. General em\u00e9rito, p. Michael Brehl y a su Consejo saliente todo lo que hicieron por la Congregaci\u00f3n y anim\u00f3 a todos a vivir con entusiasmo los retos que se presentan para el futuro.<\/p>\n\n\n\n<p>Al finalizar la eucarist\u00eda, el coro de la Bas\u00edlica San Alfonso interpret\u00f3 algunos temas de la tradici\u00f3n alfonsiana. El Consejo General acompa\u00f1\u00f3 al P. General a la tumba de San Alfonso para pedir su ayuda y bendici\u00f3n en este nuevo caminar.<\/p>\n\n\n\n<p>Los participantes, luego, tuvieron la oportunidad de visitar el museo, conocer algunos lugares de la casa y terminar con un nutritivo almuerzo en Villa Rosal\u00eda, en el que se vivi\u00f3 un esp\u00edritu de alegr\u00eda y fraternidad.<\/p>\n\n\n\n<p>Jairo D\u00edaz Rodr\u00edguez, C.Ss.R<\/p>\n\n\n\n<p><a href=\"http:\/\/www.cssr.news\/26CG\/italian\/wp-content\/uploads\/sites\/2\/2022\/10\/221002-Pagani-omelia-IT.pdf\"><br>La homil\u00eda de p. Rog\u00e9rio Gomes, el Superior General en italiano >><\/a><\/p>\n\n\n\n<figure class=\"wp-block-image\"><a href=\"http:\/\/www.cssr.news\/26CG\/italian\/2022\/10\/03\/ritorno-ai-luoghi-di-origine-della-nostra-congregazione-pagani\/pagani_a7406586\/\"><img src=\"http:\/\/www.cssr.news\/26CG\/italian\/wp-content\/uploads\/sites\/2\/2022\/10\/pagani_A7406586-150x150.jpg\" alt=\"\"\/><\/a><\/figure>\n\n\n\n<figure class=\"wp-block-image\"><a href=\"http:\/\/www.cssr.news\/26CG\/italian\/2022\/10\/03\/ritorno-ai-luoghi-di-origine-della-nostra-congregazione-pagani\/pagani_a7406828\/\"><img src=\"http:\/\/www.cssr.news\/26CG\/italian\/wp-content\/uploads\/sites\/2\/2022\/10\/pagani_A7406828-150x150.jpg\" alt=\"\"\/><\/a><\/figure>\n\n\n\n<figure class=\"wp-block-image\"><a href=\"http:\/\/www.cssr.news\/26CG\/italian\/2022\/10\/03\/ritorno-ai-luoghi-di-origine-della-nostra-congregazione-pagani\/pagani_a7406748\/\"><img src=\"http:\/\/www.cssr.news\/26CG\/italian\/wp-content\/uploads\/sites\/2\/2022\/10\/pagani_A7406748-150x150.jpg\" alt=\"\"\/><\/a><\/figure>\n\n\n\n<figure class=\"wp-block-image\"><a href=\"http:\/\/www.cssr.news\/26CG\/italian\/2022\/10\/03\/ritorno-ai-luoghi-di-origine-della-nostra-congregazione-pagani\/pagani_a7406732\/\"><img src=\"http:\/\/www.cssr.news\/26CG\/italian\/wp-content\/uploads\/sites\/2\/2022\/10\/pagani_A7406732-150x150.jpg\" alt=\"\"\/><\/a><\/figure>\n\n\n\n<figure class=\"wp-block-image\"><a href=\"http:\/\/www.cssr.news\/26CG\/italian\/2022\/10\/03\/ritorno-ai-luoghi-di-origine-della-nostra-congregazione-pagani\/pagani_a7406562\/\"><img src=\"http:\/\/www.cssr.news\/26CG\/italian\/wp-content\/uploads\/sites\/2\/2022\/10\/pagani_A7406562-150x150.jpg\" alt=\"\"\/><\/a><\/figure>\n\n\n\n<figure class=\"wp-block-image\"><a href=\"http:\/\/www.cssr.news\/26CG\/italian\/2022\/10\/03\/ritorno-ai-luoghi-di-origine-della-nostra-congregazione-pagani\/pagani_a7406664\/\"><img src=\"http:\/\/www.cssr.news\/26CG\/italian\/wp-content\/uploads\/sites\/2\/2022\/10\/pagani_A7406664-150x150.jpg\" alt=\"\"\/><\/a><\/figure>\n\n\n\n<figure class=\"wp-block-image\"><a href=\"http:\/\/www.cssr.news\/26CG\/italian\/2022\/10\/03\/ritorno-ai-luoghi-di-origine-della-nostra-congregazione-pagani\/pagani_a7406612\/\"><img src=\"http:\/\/www.cssr.news\/26CG\/italian\/wp-content\/uploads\/sites\/2\/2022\/10\/pagani_A7406612-150x150.jpg\" alt=\"\"\/><\/a><\/figure>\n\n\n\n<figure class=\"wp-block-image\"><a href=\"http:\/\/www.cssr.news\/26CG\/italian\/2022\/10\/03\/ritorno-ai-luoghi-di-origine-della-nostra-congregazione-pagani\/pagani_a7406861\/\"><img src=\"http:\/\/www.cssr.news\/26CG\/italian\/wp-content\/uploads\/sites\/2\/2022\/10\/pagani_A7406861-150x150.jpg\" alt=\"\"\/><\/a><\/figure>\n","protected":false},"excerpt":{"rendered":"<p>La ma\u00f1ana del domingo, 2 de octubre de 2022, fue iniciada con el viaje de los capitulares a Nocera de Pagani, una visita con profundo esp\u00edritu de vida redentorista, al volver a los lugares fuente y origen de la Congregaci\u00f3n. Lo primero que se hizo all\u00ed fue la participaci\u00f3n en la eucarist\u00eda, presidida por el [&hellip;]<\/p>\n","protected":false},"author":3,"featured_media":18699,"comment_status":"closed","ping_status":"closed","sticky":false,"template":"","format":"standard","meta":[],"categories":[25],"tags":[],"_links":{"self":[{"href":"https:\/\/www.cssr.news\/spanish\/wp-json\/wp\/v2\/posts\/18698"}],"collection":[{"href":"https:\/\/www.cssr.news\/spanish\/wp-json\/wp\/v2\/posts"}],"about":[{"href":"https:\/\/www.cssr.news\/spanish\/wp-json\/wp\/v2\/types\/post"}],"author":[{"embeddable":true,"href":"https:\/\/www.cssr.news\/spanish\/wp-json\/wp\/v2\/users\/3"}],"replies":[{"embeddable":true,"href":"https:\/\/www.cssr.news\/spanish\/wp-json\/wp\/v2\/comments?post=18698"}],"version-history":[{"count":1,"href":"https:\/\/www.cssr.news\/spanish\/wp-json\/wp\/v2\/posts\/18698\/revisions"}],"predecessor-version":[{"id":18700,"href":"https:\/\/www.cssr.news\/spanish\/wp-json\/wp\/v2\/posts\/18698\/revisions\/18700"}],"wp:featuredmedia":[{"embeddable":true,"href":"https:\/\/www.cssr.news\/spanish\/wp-json\/wp\/v2\/media\/18699"}],"wp:attachment":[{"href":"https:\/\/www.cssr.news\/spanish\/wp-json\/wp\/v2\/media?parent=18698"}],"wp:term":[{"taxonomy":"category","embeddable":true,"href":"https:\/\/www.cssr.news\/spanish\/wp-json\/wp\/v2\/categories?post=18698"},{"taxonomy":"post_tag","embeddable":true,"href":"https:\/\/www.cssr.news\/spanish\/wp-json\/wp\/v2\/tags?post=18698"}],"curies":[{"name":"wp","href":"https:\/\/api.w.org\/{rel}","templated":true}]}}