{"id":18710,"date":"2022-10-04T15:21:50","date_gmt":"2022-10-04T13:21:50","guid":{"rendered":"https:\/\/www.cssr.news\/spanish\/?p=18710"},"modified":"2022-10-04T15:21:53","modified_gmt":"2022-10-04T13:21:53","slug":"el-emblema-del-xxvi-capitulo-general","status":"publish","type":"post","link":"https:\/\/www.cssr.news\/spanish\/2022\/10\/el-emblema-del-xxvi-capitulo-general\/","title":{"rendered":"El emblema del XXVI Cap\u00edtulo General"},"content":{"rendered":"\n<p>El XXVI Cap\u00edtulo General de la Congregaci\u00f3n del Sant\u00edsimo Redentor es un momento para reinventar y renovar su identidad y misi\u00f3n. En este \u201ccambio de \u00e9poca\u201d, como indica el Papa Francisco, los Redentoristas est\u00e1n llamados a ser misioneros de la esperanza. En este per\u00edodo de liminalidad \u00abintermedia\u00bb en que el mundo trata de negociar lo que fue y lo que ser\u00e1, es imperativo proclamar un evangelio de \u00abesperanza siempre rebelde\u00bb, una esperanza que nace del reconocimiento profundo de las luchas y dolores del mundo, pero imbuidos de la valiente sorpresa de la Resurrecci\u00f3n. Es en este contexto que el emblema del XXVI Cap\u00edtulo General fue dise\u00f1ado por el P. Biju Madathikunnel C.Ss.R, Superior Provincial de la Provincia de Liguori, India.<\/p>\n\n\n\n<div class=\"wp-block-image\"><figure class=\"aligncenter\"><img src=\"http:\/\/www.cssr.news\/26CG\/spanish\/wp-content\/uploads\/sites\/3\/2022\/09\/mondo-300x280.jpg\" alt=\"\" class=\"wp-image-443\"\/><\/figure><\/div>\n\n\n\n<p>Los s\u00edmbolos y colores utilizados en este emblema denotan ideas espec\u00edficas relacionadas con el contexto en el que se desarrolla el Cap\u00edtulo General. El fondo del emblema es la tierra, donde se ven algunos continentes. Los colores mostrados son negro y azul. El color azul indica la naturaleza universal de la Congregaci\u00f3n y el color negro indica los desaf\u00edos y negatividades que encontramos en el mundo de hoy.<\/p>\n\n\n\n<div class=\"wp-block-image\"><figure class=\"aligncenter\"><img src=\"http:\/\/www.cssr.news\/26CG\/spanish\/wp-content\/uploads\/sites\/3\/2022\/09\/progression-of-emblem-300x169.jpg\" alt=\"\" class=\"wp-image-445\"\/><\/figure><\/div>\n\n\n\n<p>La cruz roja significa redenci\u00f3n e identidad redentorista. La esponja, uno de los instrumentos de la pasi\u00f3n, tiene un color amarillo dorado, s\u00edmbolo del consuelo divino en el momento del dolor. Pero la lanza, otro instrumento de la pasi\u00f3n, se muestra verde en un movimiento en espiral. El color verde indica vida y prosperidad. El movimiento en espiral hacia adelante simboliza la reinvenci\u00f3n y la renovaci\u00f3n. Una lanza es una herramienta que perfora y avanza. Cualquier cambio que necesitemos hacer siempre es doloroso y somos llamados a esta conciencia a medida que avanzamos en el proceso de cambio.<\/p>\n","protected":false},"excerpt":{"rendered":"<p>El XXVI Cap\u00edtulo General de la Congregaci\u00f3n del Sant\u00edsimo Redentor es un momento para reinventar y renovar su identidad y misi\u00f3n. En este \u201ccambio de \u00e9poca\u201d, como indica el Papa Francisco, los Redentoristas est\u00e1n llamados a ser misioneros de la esperanza. En este per\u00edodo de liminalidad \u00abintermedia\u00bb en que el mundo trata de negociar lo [&hellip;]<\/p>\n","protected":false},"author":3,"featured_media":18711,"comment_status":"closed","ping_status":"closed","sticky":false,"template":"","format":"standard","meta":[],"categories":[25],"tags":[],"_links":{"self":[{"href":"https:\/\/www.cssr.news\/spanish\/wp-json\/wp\/v2\/posts\/18710"}],"collection":[{"href":"https:\/\/www.cssr.news\/spanish\/wp-json\/wp\/v2\/posts"}],"about":[{"href":"https:\/\/www.cssr.news\/spanish\/wp-json\/wp\/v2\/types\/post"}],"author":[{"embeddable":true,"href":"https:\/\/www.cssr.news\/spanish\/wp-json\/wp\/v2\/users\/3"}],"replies":[{"embeddable":true,"href":"https:\/\/www.cssr.news\/spanish\/wp-json\/wp\/v2\/comments?post=18710"}],"version-history":[{"count":1,"href":"https:\/\/www.cssr.news\/spanish\/wp-json\/wp\/v2\/posts\/18710\/revisions"}],"predecessor-version":[{"id":18712,"href":"https:\/\/www.cssr.news\/spanish\/wp-json\/wp\/v2\/posts\/18710\/revisions\/18712"}],"wp:featuredmedia":[{"embeddable":true,"href":"https:\/\/www.cssr.news\/spanish\/wp-json\/wp\/v2\/media\/18711"}],"wp:attachment":[{"href":"https:\/\/www.cssr.news\/spanish\/wp-json\/wp\/v2\/media?parent=18710"}],"wp:term":[{"taxonomy":"category","embeddable":true,"href":"https:\/\/www.cssr.news\/spanish\/wp-json\/wp\/v2\/categories?post=18710"},{"taxonomy":"post_tag","embeddable":true,"href":"https:\/\/www.cssr.news\/spanish\/wp-json\/wp\/v2\/tags?post=18710"}],"curies":[{"name":"wp","href":"https:\/\/api.w.org\/{rel}","templated":true}]}}