{"id":18714,"date":"2022-10-05T08:32:01","date_gmt":"2022-10-05T06:32:01","guid":{"rendered":"https:\/\/www.cssr.news\/spanish\/?p=18714"},"modified":"2022-10-05T08:32:04","modified_gmt":"2022-10-05T06:32:04","slug":"beatificacion-de-nuestros-martires-redentoristas-de-madrid","status":"publish","type":"post","link":"https:\/\/www.cssr.news\/spanish\/2022\/10\/beatificacion-de-nuestros-martires-redentoristas-de-madrid\/","title":{"rendered":"Beatificaci\u00f3n de nuestros M\u00e1rtires Redentoristas de Madrid"},"content":{"rendered":"\n<p>El pr\u00f3ximo 22 de octubre tendr\u00e1 lugar la beatificaci\u00f3n de 12 redentoristas martirizados en Madrid, en 1936, y pertenecientes a las dos comunidades que, en esa fecha, la Congregaci\u00f3n del Sant\u00edsimo Redentor ten\u00eda en la capital de Espa\u00f1a (Santuario del Perpetuo Socorro en Chamber\u00ed, y la Bas\u00edlica de San Miguel en La Latina), encabezados por el P. Vicente Renuncio Toribio.<\/p>\n\n\n\n<div class=\"wp-block-image\"><figure class=\"alignleft size-large is-resized\"><a href=\"http:\/\/www.cssr.news\/spanish\/wp-content\/uploads\/sites\/3\/2022\/10\/cartel-Beatificacion.jpg\"><img src=\"http:\/\/www.cssr.news\/spanish\/wp-content\/uploads\/sites\/3\/2022\/10\/cartel-Beatificacion-724x1024.jpg\" alt=\"\" class=\"wp-image-18715\" width=\"426\" height=\"603\" srcset=\"https:\/\/www.cssr.news\/spanish\/wp-content\/uploads\/sites\/3\/2022\/10\/cartel-Beatificacion-724x1024.jpg 724w, https:\/\/www.cssr.news\/spanish\/wp-content\/uploads\/sites\/3\/2022\/10\/cartel-Beatificacion-212x300.jpg 212w, https:\/\/www.cssr.news\/spanish\/wp-content\/uploads\/sites\/3\/2022\/10\/cartel-Beatificacion-768x1086.jpg 768w, https:\/\/www.cssr.news\/spanish\/wp-content\/uploads\/sites\/3\/2022\/10\/cartel-Beatificacion-1086x1536.jpg 1086w, https:\/\/www.cssr.news\/spanish\/wp-content\/uploads\/sites\/3\/2022\/10\/cartel-Beatificacion-696x984.jpg 696w, https:\/\/www.cssr.news\/spanish\/wp-content\/uploads\/sites\/3\/2022\/10\/cartel-Beatificacion-1068x1511.jpg 1068w, https:\/\/www.cssr.news\/spanish\/wp-content\/uploads\/sites\/3\/2022\/10\/cartel-Beatificacion-297x420.jpg 297w, https:\/\/www.cssr.news\/spanish\/wp-content\/uploads\/sites\/3\/2022\/10\/cartel-Beatificacion.jpg 1122w\" sizes=\"(max-width: 426px) 100vw, 426px\" \/><\/a><\/figure><\/div>\n\n\n\n<p>Concretamente, la beatificaci\u00f3n se celebrar\u00e1 en la catedral de La Almudena a las 11:00 horas, y estar\u00e1 presidida por el delegado apost\u00f3lico, el cardenal Marcello Semenaro, prefecto de Dicasterio de las Causas de los Santos. La ceremonia estar\u00e1 precedida por una vigilia de oraci\u00f3n con car\u00e1cter juvenil el viernes 21 de octubre, a las 20:30 horas, en la Parroquia- Santuario del Perpetuo Socorro de Madrid (Manuel Silvela, 14). Los actos terminar\u00e1n con una Eucarist\u00eda el domingo 23, a las 12:00 horas, presidida por el superior general redentorista, y coincidir\u00e1 con el domingo del Domund, que este a\u00f1o se celebra bajo el lema \u201cSer\u00e9is mis testigos\u201d.<\/p>\n\n\n\n<p>La beatificaci\u00f3n es el resultado del cari\u00f1o con que los hijos del San Alfonso y sus familiares han guardado la memoria de sus cohermanos a lo largo de los casi 90 a\u00f1os transcurridos y del trabajo de recogida de datos iniciado casi al d\u00eda siguiente de ocurridos los hechos que llevaron a solicitar la apertura de la causa en 2005, inici\u00e1ndose la fase diocesana del proceso en septiembre de 2006 y concluyendo en noviembre de 2007. Tras un iter de estudio en el Dicasterio de las Causas de los santos por historiadores, te\u00f3logos, cardenales y obispos, el Santo Padre los declar\u00f3 m\u00e1rtires el 24 de abril de 2021.<\/p>\n\n\n\n<p>Con la celebraci\u00f3n, los redentoristas queremos dar gracias a Dios por nuestro carisma y vocaci\u00f3n y por estos 12 religiosos misioneros -sacerdotes y laicos- que, adem\u00e1s de predicar el Evangelio y anunciar a Cristo Salvador, vivieron su voto de perseverancia (4\u00ba de los redentoristas) siendo fieles a su fe y vocaci\u00f3n y anunciando la salvaci\u00f3n y misericordia de Dios en medio de la persecuci\u00f3n y derramando su sangre como expresi\u00f3n de entrega generosa, amor a Dios y perd\u00f3n y reconciliaci\u00f3n para todos.<\/p>\n\n\n\n<p>P. Antonio Quesada, CSsR.<\/p>\n","protected":false},"excerpt":{"rendered":"<p>El pr\u00f3ximo 22 de octubre tendr\u00e1 lugar la beatificaci\u00f3n de 12 redentoristas martirizados en Madrid, en 1936, y pertenecientes a las dos comunidades que, en esa fecha, la Congregaci\u00f3n del Sant\u00edsimo Redentor ten\u00eda en la capital de Espa\u00f1a (Santuario del Perpetuo Socorro en Chamber\u00ed, y la Bas\u00edlica de San Miguel en La Latina), encabezados por [&hellip;]<\/p>\n","protected":false},"author":3,"featured_media":18716,"comment_status":"closed","ping_status":"closed","sticky":false,"template":"","format":"standard","meta":[],"categories":[2],"tags":[],"_links":{"self":[{"href":"https:\/\/www.cssr.news\/spanish\/wp-json\/wp\/v2\/posts\/18714"}],"collection":[{"href":"https:\/\/www.cssr.news\/spanish\/wp-json\/wp\/v2\/posts"}],"about":[{"href":"https:\/\/www.cssr.news\/spanish\/wp-json\/wp\/v2\/types\/post"}],"author":[{"embeddable":true,"href":"https:\/\/www.cssr.news\/spanish\/wp-json\/wp\/v2\/users\/3"}],"replies":[{"embeddable":true,"href":"https:\/\/www.cssr.news\/spanish\/wp-json\/wp\/v2\/comments?post=18714"}],"version-history":[{"count":1,"href":"https:\/\/www.cssr.news\/spanish\/wp-json\/wp\/v2\/posts\/18714\/revisions"}],"predecessor-version":[{"id":18717,"href":"https:\/\/www.cssr.news\/spanish\/wp-json\/wp\/v2\/posts\/18714\/revisions\/18717"}],"wp:featuredmedia":[{"embeddable":true,"href":"https:\/\/www.cssr.news\/spanish\/wp-json\/wp\/v2\/media\/18716"}],"wp:attachment":[{"href":"https:\/\/www.cssr.news\/spanish\/wp-json\/wp\/v2\/media?parent=18714"}],"wp:term":[{"taxonomy":"category","embeddable":true,"href":"https:\/\/www.cssr.news\/spanish\/wp-json\/wp\/v2\/categories?post=18714"},{"taxonomy":"post_tag","embeddable":true,"href":"https:\/\/www.cssr.news\/spanish\/wp-json\/wp\/v2\/tags?post=18714"}],"curies":[{"name":"wp","href":"https:\/\/api.w.org\/{rel}","templated":true}]}}